{"id":10215,"date":"2022-12-31T01:00:01","date_gmt":"2022-12-31T00:00:01","guid":{"rendered":"https:\/\/www.noworudzianin.pl\/WWW\/?p=10215"},"modified":"2025-09-23T14:51:53","modified_gmt":"2025-09-23T12:51:53","slug":"album-ze-zdjeciami-tadeusza-blechingera-8","status":"publish","type":"post","link":"https:\/\/www.noworudzianin.pl\/WWW\/2022\/12\/31\/album-ze-zdjeciami-tadeusza-blechingera-8\/","title":{"rendered":"Album ze zdj\u0119ciami Tadeusza Blechingera"},"content":{"rendered":"<p><a href=\"https:\/\/www.noworudzianin.pl\/WWW\/wp-content\/uploads\/2018\/07\/20294089_741021609431107_3906024797941096135_n.jpg\"><img loading=\"lazy\" decoding=\"async\" class=\"alignleft size-medium wp-image-9413\" src=\"https:\/\/www.noworudzianin.pl\/WWW\/wp-content\/uploads\/2018\/07\/20294089_741021609431107_3906024797941096135_n-300x300.jpg\" alt=\"\" width=\"300\" height=\"300\" srcset=\"https:\/\/www.noworudzianin.pl\/WWW\/wp-content\/uploads\/2018\/07\/20294089_741021609431107_3906024797941096135_n-300x300.jpg 300w, https:\/\/www.noworudzianin.pl\/WWW\/wp-content\/uploads\/2018\/07\/20294089_741021609431107_3906024797941096135_n-150x150.jpg 150w, https:\/\/www.noworudzianin.pl\/WWW\/wp-content\/uploads\/2018\/07\/20294089_741021609431107_3906024797941096135_n-630x630.jpg 630w, https:\/\/www.noworudzianin.pl\/WWW\/wp-content\/uploads\/2018\/07\/20294089_741021609431107_3906024797941096135_n.jpg 651w\" sizes=\"(max-width: 300px) 100vw, 300px\" \/><\/a><strong>Tadeusz Blechinger<\/strong> jest znakomitym kronikarzem Nowej Rudy. Jego fotografie oddaj\u0105 codzienno\u015b\u0107 miasta, jak r\u00f3wnie\u017c otaczaj\u0105c\u0105 przyrod\u0119<!--more--> &#8211; na przestrzeni czterech p\u00f3r roku.<\/p>\n<p>Album zawiera ponad 170 zdj\u0119\u0107, na kt\u00f3rych zawarta jest pasja pana Tadeusza. Od wiosny do zimy, od \u015bwitu do nocy&#8230;<\/p>\n<p>Ci, kt\u00f3rzy kochaj\u0105 Now\u0105 Rud\u0119, na pewno b\u0119d\u0105 zachwyceni, a kt\u00f3rzy jej nie znaj\u0105 &#8211; zechc\u0105 zapewne j\u0105 odwiedzi\u0107.<br \/>\n<em>Tomasz Proszek<\/em><\/p>\n<h2><span style=\"color: #ff0000;\"><strong>NAK\u0141AD WYCZERPANY<\/strong><\/span><\/h2>\n<p><iframe loading=\"lazy\" src=\"https:\/\/www.youtube.com\/embed\/BbT7WOCSN7g\" width=\"784\" height=\"440\" frameborder=\"0\" allowfullscreen=\"allowfullscreen\"><\/iframe><\/p>\n<p><a href=\"https:\/\/www.noworudzianin.pl\/WWW\/wp-content\/uploads\/2018\/07\/Album-Tadeusz-Blechinger-VI-2018-okladka.jpg\"><img loading=\"lazy\" decoding=\"async\" class=\"alignnone size-full wp-image-9418\" src=\"https:\/\/www.noworudzianin.pl\/WWW\/wp-content\/uploads\/2018\/07\/Album-Tadeusz-Blechinger-VI-2018-okladka.jpg\" alt=\"\" width=\"620\" height=\"533\" srcset=\"https:\/\/www.noworudzianin.pl\/WWW\/wp-content\/uploads\/2018\/07\/Album-Tadeusz-Blechinger-VI-2018-okladka.jpg 620w, https:\/\/www.noworudzianin.pl\/WWW\/wp-content\/uploads\/2018\/07\/Album-Tadeusz-Blechinger-VI-2018-okladka-300x258.jpg 300w\" sizes=\"(max-width: 620px) 100vw, 620px\" \/><\/a><\/p>\n<p><strong>Koszty wysy\u0142ki albumu:<\/strong> \u201eNoworudzkie cztery pory roku\u201d<\/p>\n<p><strong>Poczta Polska:<\/strong><br \/>\nPolska:<br \/>\n1 ksi\u0105\u017cka \u2013 9,90 z\u0142<br \/>\n2 ksi\u0105\u017cki \u2013 18,50 z\u0142<\/p>\n<p>Europa:<br \/>\n1 ksi\u0105\u017cka \u2013 37,50 z\u0142<br \/>\n2 ksi\u0105\u017cki \u2013 67,20 z\u0142<\/p>\n<p>Kanada, USA<br \/>\n1 ksi\u0105\u017cka \u2013 46,20 z\u0142<br \/>\n2 ksi\u0105\u017cki \u2013 85,30 z\u0142<\/p>\n<p><strong>Kurier:<\/strong><br \/>\nPolska:<br \/>\ndo 10 ksi\u0105\u017cek \u2013 16,00 z\u0142<br \/>\nNiemcy:<br \/>\ndo 10 ksi\u0105\u017cek \u2013 52,00 z\u0142<\/p>\n<p>Inna lokalizacja, czy ilo\u015b\u0107 ksi\u0105\u017cek \u2013 wyceniana indywidualnie.<\/p>\n<p><strong>Wysy\u0142ka po zaksi\u0119gowaniu wp\u0142aty na konto nr:<\/strong><br \/>\n17 1140 2017 0000 4902 1286 2880<br \/>\nMr\u00f3z Media Stanis\u0142aw Mr\u00f3z, Rynek 8, 57-400 Nowa Ruda<\/p>\n<p><strong>Dla wp\u0142at z zagranicy:<\/strong><br \/>\nIBAN: PL17114020170000490212862880<br \/>\nBIC\/SWIFT: BREXPLPWMBK<\/p>\n<p>Wpisanie w tytule przelewu adresu e-mail, z kt\u00f3rego b\u0119dziecie Pa\u0144stwo wysy\u0142a\u0107 zam\u00f3wienie, przyspieszy jego realizacj\u0119.<\/p>\n<p><strong>Zam\u00f3wienia prosimy kierowa\u0107 na e-mail:<\/strong> <a href=\"mailto:wydawnictwo@noworudzianin.pl\" target=\"_blank\" rel=\"noopener noreferrer\">wydawnictwo@noworudzianin.pl<\/a><\/p>\n<p><a href=\"https:\/\/www.noworudzianin.pl\/WWW\/wp-content\/uploads\/2018\/07\/Album-Tadeusz-Blechinger-VI-2018-rozk\u0142ad.jpg\"><img loading=\"lazy\" decoding=\"async\" class=\"alignnone size-full wp-image-9419\" src=\"https:\/\/www.noworudzianin.pl\/WWW\/wp-content\/uploads\/2018\/07\/Album-Tadeusz-Blechinger-VI-2018-rozk\u0142ad.jpg\" alt=\"\" width=\"599\" height=\"600\" srcset=\"https:\/\/www.noworudzianin.pl\/WWW\/wp-content\/uploads\/2018\/07\/Album-Tadeusz-Blechinger-VI-2018-rozk\u0142ad.jpg 599w, https:\/\/www.noworudzianin.pl\/WWW\/wp-content\/uploads\/2018\/07\/Album-Tadeusz-Blechinger-VI-2018-rozk\u0142ad-150x150.jpg 150w, https:\/\/www.noworudzianin.pl\/WWW\/wp-content\/uploads\/2018\/07\/Album-Tadeusz-Blechinger-VI-2018-rozk\u0142ad-300x300.jpg 300w\" sizes=\"(max-width: 599px) 100vw, 599px\" \/><\/a><\/p>\n","protected":false},"excerpt":{"rendered":"<p>Tadeusz Blechinger jest znakomitym kronikarzem Nowej Rudy. Jego fotografie oddaj\u0105 codzienno\u015b\u0107 miasta, jak r\u00f3wnie\u017c otaczaj\u0105c\u0105 przyrod\u0119<\/p>\n","protected":false},"author":4,"featured_media":9436,"comment_status":"open","ping_status":"closed","sticky":false,"template":"","format":"standard","meta":{"om_disable_all_campaigns":false,"_monsterinsights_skip_tracking":false,"_monsterinsights_sitenote_active":false,"_monsterinsights_sitenote_note":"","_monsterinsights_sitenote_category":0,"_uf_show_specific_survey":0,"_uf_disable_surveys":false,"footnotes":""},"categories":[2,84,6,262,76,426],"tags":[20,5,2847,745,1114],"aioseo_notices":[],"amp_enabled":true,"_links":{"self":[{"href":"https:\/\/www.noworudzianin.pl\/WWW\/wp-json\/wp\/v2\/posts\/10215"}],"collection":[{"href":"https:\/\/www.noworudzianin.pl\/WWW\/wp-json\/wp\/v2\/posts"}],"about":[{"href":"https:\/\/www.noworudzianin.pl\/WWW\/wp-json\/wp\/v2\/types\/post"}],"author":[{"embeddable":true,"href":"https:\/\/www.noworudzianin.pl\/WWW\/wp-json\/wp\/v2\/users\/4"}],"replies":[{"embeddable":true,"href":"https:\/\/www.noworudzianin.pl\/WWW\/wp-json\/wp\/v2\/comments?post=10215"}],"version-history":[{"count":10,"href":"https:\/\/www.noworudzianin.pl\/WWW\/wp-json\/wp\/v2\/posts\/10215\/revisions"}],"predecessor-version":[{"id":28571,"href":"https:\/\/www.noworudzianin.pl\/WWW\/wp-json\/wp\/v2\/posts\/10215\/revisions\/28571"}],"wp:featuredmedia":[{"embeddable":true,"href":"https:\/\/www.noworudzianin.pl\/WWW\/wp-json\/wp\/v2\/media\/9436"}],"wp:attachment":[{"href":"https:\/\/www.noworudzianin.pl\/WWW\/wp-json\/wp\/v2\/media?parent=10215"}],"wp:term":[{"taxonomy":"category","embeddable":true,"href":"https:\/\/www.noworudzianin.pl\/WWW\/wp-json\/wp\/v2\/categories?post=10215"},{"taxonomy":"post_tag","embeddable":true,"href":"https:\/\/www.noworudzianin.pl\/WWW\/wp-json\/wp\/v2\/tags?post=10215"}],"curies":[{"name":"wp","href":"https:\/\/api.w.org\/{rel}","templated":true}]}}