{"id":10594,"date":"2018-09-27T17:40:02","date_gmt":"2018-09-27T15:40:02","guid":{"rendered":"https:\/\/www.noworudzianin.pl\/WWW\/?p=10594"},"modified":"2018-09-27T17:42:01","modified_gmt":"2018-09-27T15:42:01","slug":"xi-sejmik-szkol-karpackich","status":"publish","type":"post","link":"https:\/\/www.noworudzianin.pl\/WWW\/2018\/09\/27\/xi-sejmik-szkol-karpackich\/","title":{"rendered":"XI Sejmik Szk\u00f3\u0142 Karpackich"},"content":{"rendered":"<p>W dniach 20-22 wrze\u015bnia 2018 r. mia\u0142 miejsce XI Sejmik Szk\u00f3\u0142 Karpackich w Nowej Rudzie, pod patronatem honorowym Prezydenta Rzeczypospolitej Polskiej Andrzeja Dudy<\/p>\n<p>Sejmik Szk\u00f3\u0142 Karpackich, to og\u00f3lnopolskie spotkanie szk\u00f3\u0142 nosz\u0105cych imiona bohater\u00f3w bitwy o Monte Cassino, kontynuuj\u0105cych tradycje Samodzielnej Brygady Strzelc\u00f3w Karpackich i 3 Dywizji Strzelc\u00f3w Karpackich. Szko\u0142y te wsp\u00f3\u0142pracuj\u0105 w ramach Stowarzyszenia Klub Przyjaci\u00f3\u0142 Szk\u00f3\u0142 i Organizacji Monte Cassino, kt\u00f3rego prezesem jest Maria Szczepaniec.<\/p>\n<p>Go\u015b\u0107mi honorowymi XI Sejmiku Szk\u00f3\u0142 Karpackich byli przedstawiciele organizacji kombatanckich z kraju i zagranicy: Witold Schmidt, prezes Zwi\u0105zku Karpatczyk\u00f3w 3 Dywizji Strzelc\u00f3w Karpackich w Londynie oraz Tadeusz Kurcyk, wiceprezes Zarz\u0105du G\u0142\u00f3wnego Stowarzyszenia By\u0142ych \u017bo\u0142nierzy Polskich Si\u0142 Zbrojnych na Zachodzie \u201eKarpatczycy\u201d z Warszawy, J\u00f3zef Oleksiewicz, \u017co\u0142nierz 1 Pu\u0142ku Strzelc\u00f3w Podhala\u0144skich Armii Krajowej \u2013 ostatni \u017cyj\u0105cy \u017co\u0142nierz oddzia\u0142u partyzanckiego NSZ oraz rodzina p\u0142k. J\u00f3zefa Sokola.<\/p>\n<p>Dariusz Chojecki, dyrektor Szko\u0142y Podstawowej Nr 6, Maria Szczepaniec, Witold Szmidt, Tadeusz Kurcyk, przywitali delegacje szk\u00f3\u0142 i zaproszonych go\u015bci. Wolontariusze SP Nr 6 rozdawali go\u015bciom przypinki i czerwone maki. Uczestnicy sejmiku i delegacje poczt\u00f3w sztandarowych zgromadzi\u0142y si\u0119 na uroczystej Mszy \u015awi\u0119tej pod przewodnictwem ks. kan. Krzysztofa Iwaniszyna, dziekana dekanatu Nowa Ruda-S\u0142upiec i ks. Andrzeja Targosza, kt\u00f3ry wyg\u0142osi\u0142 kazanie, podkre\u015blaj\u0105c rol\u0119 Karpatczyk\u00f3w i wychowania w duchu patriotycznym m\u0142odego pokolenia. Po Mszy \u015bw., w kolumnie marszowej, za orkiestr\u0105 g\u00f3rnicz\u0105 ustawi\u0142y si\u0119 poczty sztandarowe przedstawicieli szk\u00f3\u0142 nosz\u0105cych imiona bitwy o Monte Cassino, go\u015bcie oraz pozostali uczestnicy, by w noworudzkim rynku, przed pomnikiem po\u015bwi\u0119conym ofiarom II wojny \u015bwiatowej \u2013 walcz\u0105cym i cierpi\u0105cym za woln\u0105 Polsk\u0119, z\u0142o\u017cy\u0107 kwiaty i zapali\u0107 znicze. Nast\u0119pnie udano si\u0119 do Miejskiego O\u015brodka Kultury na uroczyst\u0105 akademi\u0119, kt\u00f3r\u0105 u\u015bwietni\u0142 wyst\u0119p teatralny w wykonaniu uczni\u00f3w Szko\u0142y Podstawowej Nr 6, w re\u017cyserii Danuty Go\u0142don-Legler, dyrektor Og\u00f3lnopolskiego Teatru William-Es. By\u0142y r\u00f3wnie\u017c wiersze patriotyczne oraz \u015bpiew ch\u00f3ru szkolnego i czeskiego ch\u00f3ru \u201eAmicitia\u201d. Dyrektor Dariusz Chojecki przywita\u0142 wszystkich zebranych. Nast\u0119pnie mia\u0142y miejsce przem\u00f3wienia go\u015bci, po czym M. Szczepaniec i T. Kurcyk udekorowali odznaczeniami i medalami pami\u0105tkowymi nauczycieli SP Nr 6. Dyrektor wraz z wicedyrektor Gra\u017cyn\u0105 Krzysztofik, wr\u0119czyli go\u015bciom dyplom pami\u0105tkowy z tre\u015bci\u0105 przes\u0142ania prezydenta Andrzeja Dudy.<\/p>\n<p>Na r\u0119ce dyrektora SP Nr 6, prezes Stanis\u0142aw Miszczak przekaza\u0142 Sztandar Zwi\u0105zku Kombatant\u00f3w Rzeczypospolitej Polskiej i By\u0142ych Wi\u0119\u017ani\u00f3w Politycznych w Nowej Rudzie.<\/p>\n<p>Szko\u0142a w Polanicy-Zdroju wr\u0119czy\u0142a Sarze Kowalskiej, uczennicy SP Nr 6, nagrod\u0119 za zaj\u0119cie I miejsca w konkursie poetyckim pt. \u201eNied\u017awiadek Wojtek \u2013 Przyjaciel \u017bo\u0142nierzy Armii Andersa\u201d. Nast\u0119pnie organizatorzy wr\u0119czyli nagrody z okazji XI Sejmiku Szk\u00f3\u0142 Karpackich, za konkurs plastyczny \u201eKapral nied\u017awied\u017a Wojtek\u201d i \u201eCzerwone maki na Monte Cassino\u201d oraz prac\u0119 literack\u0105, prezentacj\u0119 multimedialn\u0105 i film: \u201eZnam \u017bo\u0142nierza walcz\u0105cego pod Monte Cassino\u201d.<\/p>\n<p>Po akademii go\u015bcie zostali zaproszeni na posi\u0142ek, a po nim czeka\u0142y na nich liczne atrakcje: zwiedzanie Muzeum G\u00f3rnictwa, Szkolnej Izby Pami\u0119ci p\u0142k. J. Sokola i Karpatczyk\u00f3w, s\u0142odki pocz\u0119stunek przygotowany przez Rad\u0119 Rodzic\u00f3w, pokaz umiej\u0119tno\u015bci Dru\u017cynki Stra\u017cackiej OSP SP Nr 6. Dzie\u0144 zako\u0144czono wsp\u00f3lnym ogniskiem z pieczeniem ziemniak\u00f3w, \u015bpiewaniem pie\u015bni patriotycznych i s\u0142uchaniem opowie\u015bci Tadeusza Kurcyka, Witolda Szmidta i J\u00f3zefa Oleksiewicza.<\/p>\n<p>W sobot\u0119 22 wrze\u015bnia w SP Nr 6 odby\u0142o si\u0119 seminarium: \u201ePrzekazywanie tradycji niepodleg\u0142o\u015bciowych w Szko\u0142ach Karpackich\u201d oraz uroczyste zako\u0144czenie sejmiku, kt\u00f3re u\u015bwietni\u0142 pokaz w wykonaniu Grupy Rekonstrukcji Historycznej \u201eKar\u00adpaty\u201d.<\/p>\n<p>Dyrektor Dariusz Chojecki podzi\u0119kowa\u0142 za przybycie i odczyta\u0142 \u017cyczenia zadedykowane od uczestnik\u00f3w XI\u00a0Sejmiku Szk\u00f3\u0142 Karpackich w Nowej Rudzie dla \u017bo\u0142nierzy Karpatczyk\u00f3w oraz Zwi\u0105zk\u00f3w i Stowarzysze\u0144 Karpackich. Autorki ksi\u0105\u017cki o p\u0142k. J\u00f3zefie Sokolu \u2013 Teresa Baza\u0142a i Ewelina Martyna-Dybek wr\u0119czy\u0142y ksi\u0105\u017ck\u0119 Grupie Rekonstrukcji Historycznej \u201eKarpaty\u201d.<\/p>\n<p>Na zako\u0144czenie prezes Maria Szczepaniec zaprosi\u0142a wszystkich na kolejny XII Sejmik do Lubnia.<\/p>\n<p>Organizatorami sejmiku byli: Szko\u0142a Podstawowa Nr 6 im. pu\u0142kownika J\u00f3zefa Sokola w Nowej Rudzie, Stowarzyszenie Klubu Przyjaci\u00f3\u0142 Szk\u00f3\u0142 i Organizacji Monte Cassino, Stowarzyszenie \u017bo\u0142nierzy i Przyjaci\u00f3\u0142 Wojsk G\u00f3rskich \u201eKarpatczycy\u201d i Burmistrz Miasta Nowa Ruda.<\/p>\n<p><a href=\"https:\/\/www.noworudzianin.pl\/WWW\/wp-content\/uploads\/2018\/09\/IMG_9814.jpg\"><img loading=\"lazy\" decoding=\"async\" src=\"https:\/\/www.noworudzianin.pl\/WWW\/wp-content\/uploads\/2018\/09\/IMG_9814-630x420.jpg\" alt=\"\" width=\"630\" height=\"420\" class=\"alignnone size-large wp-image-10606\" srcset=\"https:\/\/www.noworudzianin.pl\/WWW\/wp-content\/uploads\/2018\/09\/IMG_9814-630x420.jpg 630w, https:\/\/www.noworudzianin.pl\/WWW\/wp-content\/uploads\/2018\/09\/IMG_9814-300x200.jpg 300w, https:\/\/www.noworudzianin.pl\/WWW\/wp-content\/uploads\/2018\/09\/IMG_9814-768x512.jpg 768w\" sizes=\"(max-width: 630px) 100vw, 630px\" \/><\/a><\/p>\n<p><a href=\"https:\/\/www.noworudzianin.pl\/WWW\/wp-content\/uploads\/2018\/09\/IMG_9864.jpg\"><img loading=\"lazy\" decoding=\"async\" src=\"https:\/\/www.noworudzianin.pl\/WWW\/wp-content\/uploads\/2018\/09\/IMG_9864-630x420.jpg\" alt=\"\" width=\"630\" height=\"420\" class=\"alignnone size-large wp-image-10607\" srcset=\"https:\/\/www.noworudzianin.pl\/WWW\/wp-content\/uploads\/2018\/09\/IMG_9864-630x420.jpg 630w, https:\/\/www.noworudzianin.pl\/WWW\/wp-content\/uploads\/2018\/09\/IMG_9864-300x200.jpg 300w, https:\/\/www.noworudzianin.pl\/WWW\/wp-content\/uploads\/2018\/09\/IMG_9864-768x512.jpg 768w\" sizes=\"(max-width: 630px) 100vw, 630px\" \/><\/a><\/p>\n<p align=\"center\"><span style=\"color: #0000ff;\">Str. 5 w numerze 348 tygodnika \u201eNoworudzianin\u201d dost\u0119pnym w<\/span> <a href=\"https:\/\/www.noworudzianin.pl\/WWW\/archiwum\/rok-2018-numery-od-312-do-362\/\" target=\"_blank\" rel=\"noopener\">archiwum<\/a>.<\/p>\n<p><script language=\"JavaScript\">\n<!--\nfunction FP_swapImg() {\/\/v1.0\n var doc=document,args=arguments,elm,n; doc.$imgSwaps=new Array(); for(n=2; n<args.length;\n n+=2) { elm=FP_getObjectByID(args[n]); if(elm) { doc.$imgSwaps[doc.$imgSwaps.length]=elm;\n elm.$src=elm.src; elm.src=args[n+1]; } }\n}\nfunction FP_preloadImgs() {\/\/v1.0\n var d=document,a=arguments; if(!d.FP_imgs) d.FP_imgs=new Array();\n for(var i=0; i<a.length; i++) { d.FP_imgs[i]=new Image; d.FP_imgs[i].src=a[i]; }\n}\nfunction FP_getObjectByID(id,o) {\/\/v1.0\n var c,el,els,f,m,n; if(!o)o=document; if(o.getElementById) el=o.getElementById(id);\n else if(o.layers) c=o.layers; else if(o.all) el=o.all[id]; if(el) return el;\n if(o.id==id || o.name==id) return o; if(o.childNodes) c=o.childNodes; if(c)\n for(n=0; n<c.length; n++) { el=FP_getObjectByID(id,c[n]); if(el) return el; }\n f=o.forms; if(f) for(n=0; n<f.length; n++) { els=f[n].elements;\n for(m=0; m<els.length; m++){ el=FP_getObjectByID(id,els[n]); if(el) return el; } }\n return null;\n}\n\/\/ -->\n<\/script><br \/>\n<body onload=\"FP_preloadImgs(\/*url*\/'http:\/\/www.noworudzianin.pl\/WWW\/images\/button53.jpg', \/*url*\/'http:\/\/www.noworudzianin.pl\/WWW\/images\/button52.jpg')\"><\/p>\n<p align=\"center\">\n\t\t\t<a target=\"_blank\" href=\"http:\/\/www.noworudzianin.pl\/WWW\/images\/348_b.jpg\"><br \/>\n\t\t\t<img loading=\"lazy\" decoding=\"async\" border=\"1\" src=\"http:\/\/www.noworudzianin.pl\/WWW\/images\/348_b_small.jpg\" width=\"221\" height=\"300\"><\/a><br \/>\n\t\t\t<font face=\"Verdana\">Numer 348<br \/>\n\t\t\t<font size=\"2\">28 wrze\u015bnia &#8211; 4 pa\u017adziernika 2018 r.<\/font><\/font><br \/><a title=\"pobierz e-gazet\u0119\" onclick=\"window.open('\/egazeta\/index.php?n=348','Pobierz_egazete', 'menubar=no,toolbar=no,location=no,directories=no,status=no,scrollbars=no,resizable=no,fullscreen=no,channelmode=no,width=400,height=400').focus(); return false()\"><img loading=\"lazy\" decoding=\"async\" border=\"0\" id=\"img62\" src=\"http:\/\/www.noworudzianin.pl\/WWW\/images\/button51.jpg\" height=\"30\" width=\"150\" alt=\"Pobierz tutaj (pdf)\" onmouseover=\"FP_swapImg(1,0,\/*id*\/'img62',\/*url*\/'http:\/\/www.noworudzianin.pl\/WWW\/images\/button52.jpg')\" onmouseout=\"FP_swapImg(0,0,\/*id*\/'img62',\/*url*\/'http:\/\/www.noworudzianin.pl\/WWW\/images\/button51.jpg')\" onmousedown=\"FP_swapImg(1,0,\/*id*\/'img62',\/*url*\/'http:\/\/www.noworudzianin.pl\/WWW\/images\/button53.jpg')\" onmouseup=\"FP_swapImg(0,0,\/*id*\/'img62',\/*url*\/'http:\/\/www.noworudzianin.pl\/WWW\/images\/button52.jpg')\" fp-style=\"fp-btn: Glass Rectangle 1; fp-font-size: 12; fp-orig: 0\" fp-title=\"Pobierz tutaj (pdf)\"><\/a><\/p>\n","protected":false},"excerpt":{"rendered":"<p>W dniach 20-22 wrze\u015bnia 2018 r. mia\u0142 miejsce XI Sejmik Szk\u00f3\u0142 Karpackich w Nowej Rudzie, pod patronatem honorowym Prezydenta Rzeczypospolitej<\/p>\n","protected":false},"author":4,"featured_media":10603,"comment_status":"open","ping_status":"closed","sticky":false,"template":"","format":"standard","meta":{"om_disable_all_campaigns":false,"_monsterinsights_skip_tracking":false,"_monsterinsights_sitenote_active":false,"_monsterinsights_sitenote_note":"","_monsterinsights_sitenote_category":0,"_uf_show_specific_survey":0,"_uf_disable_surveys":false,"footnotes":""},"categories":[2,84,6],"tags":[20,5,3034,3044],"aioseo_notices":[],"amp_enabled":true,"_links":{"self":[{"href":"https:\/\/www.noworudzianin.pl\/WWW\/wp-json\/wp\/v2\/posts\/10594"}],"collection":[{"href":"https:\/\/www.noworudzianin.pl\/WWW\/wp-json\/wp\/v2\/posts"}],"about":[{"href":"https:\/\/www.noworudzianin.pl\/WWW\/wp-json\/wp\/v2\/types\/post"}],"author":[{"embeddable":true,"href":"https:\/\/www.noworudzianin.pl\/WWW\/wp-json\/wp\/v2\/users\/4"}],"replies":[{"embeddable":true,"href":"https:\/\/www.noworudzianin.pl\/WWW\/wp-json\/wp\/v2\/comments?post=10594"}],"version-history":[{"count":2,"href":"https:\/\/www.noworudzianin.pl\/WWW\/wp-json\/wp\/v2\/posts\/10594\/revisions"}],"predecessor-version":[{"id":10608,"href":"https:\/\/www.noworudzianin.pl\/WWW\/wp-json\/wp\/v2\/posts\/10594\/revisions\/10608"}],"wp:featuredmedia":[{"embeddable":true,"href":"https:\/\/www.noworudzianin.pl\/WWW\/wp-json\/wp\/v2\/media\/10603"}],"wp:attachment":[{"href":"https:\/\/www.noworudzianin.pl\/WWW\/wp-json\/wp\/v2\/media?parent=10594"}],"wp:term":[{"taxonomy":"category","embeddable":true,"href":"https:\/\/www.noworudzianin.pl\/WWW\/wp-json\/wp\/v2\/categories?post=10594"},{"taxonomy":"post_tag","embeddable":true,"href":"https:\/\/www.noworudzianin.pl\/WWW\/wp-json\/wp\/v2\/tags?post=10594"}],"curies":[{"name":"wp","href":"https:\/\/api.w.org\/{rel}","templated":true}]}}