{"id":10759,"date":"2018-10-11T12:59:06","date_gmt":"2018-10-11T10:59:06","guid":{"rendered":"https:\/\/www.noworudzianin.pl\/WWW\/?p=10759"},"modified":"2018-10-11T12:59:37","modified_gmt":"2018-10-11T10:59:37","slug":"v-sudeckie-dni-muzyki-choralnej","status":"publish","type":"post","link":"https:\/\/www.noworudzianin.pl\/WWW\/2018\/10\/11\/v-sudeckie-dni-muzyki-choralnej\/","title":{"rendered":"V Sudeckie Dni Muzyki Ch\u00f3ralnej"},"content":{"rendered":"<p>W sobot\u0119 6 pa\u017adziernika w T\u0142umaczowie i w niedziel\u0119 7 pa\u017adziernika w Wambierzycach, odby\u0142y si\u0119 V Sudeckie Dni Muzyki Ch\u00f3ralnej<!--more-->. Pierwszym wykonawc\u0105, podczas sobotniego koncertu w T\u0142umaczowie, by\u0142 mieszany ch\u00f3r DALIBOR pod dyrekcj\u0105 Zuzany Meierova Gentova z czeskiego Hronova, dzia\u0142aj\u0105cy przy szkole muzycznej. Zosta\u0142 za\u0142o\u017cony w 1908 roku i w tym roku obchodzi 110 urodziny. Jest jednym z najstarszych ch\u00f3r\u00f3w w Czechach i nieprzerwanie dzia\u0142a do dzisiaj.<\/p>\n<p>Kolejni wykonawcy, to Rodzinny Zesp\u00f3\u0142 Kameralny, kt\u00f3ry za\u0142o\u017cony zosta\u0142 na potrzeby tegorocznego przegl\u0105du. Skupia cz\u0142onk\u00f3w rodziny inicjatorki jego powstania pani Renaty Klechy-Kozik, a jego cz\u0142onkowie nale\u017c\u0105 do r\u00f3\u017cnych ch\u00f3r\u00f3w.<\/p>\n<p>Wyst\u0105pi\u0142 r\u00f3wnie\u017c parafialny ch\u00f3r \u201eCantate Deo\u201d, kt\u00f3ry istnieje od 1995 roku przy parafii Chrystusa Kr\u00f3la w Dzier\u017coniowie. Od 2006 roku prowadzenie ch\u00f3ru przej\u0105\u0142 Tadeusz Krupnik, kt\u00f3ry do dzisiaj jest dyrygentem.<\/p>\n<p>Z Bielawy pochodzi kolejny wykonawca \u2013 ch\u00f3r \u201eBeatae Mariae Virginis\u201d przy tamtejszej parafii pw. Wniebowzi\u0119cia NMP pod dyrekcj\u0105 Anny Kupiec i ks. \u0141ukasza Kopczy\u0144skiego.<\/p>\n<p>Ostatni\u0105 prezentacj\u0105 by\u0142 wyst\u0119p gospodarza przegl\u0105du \u2013 parafialnego ch\u00f3ru \u201eLaudate Dominum\u201d pod dyrekcj\u0105 Renaty Klechy-Kozik. Ch\u00f3r dzia\u0142a od lutego 2010 roku przy parafii we W\u0142odowicach i jej filii w T\u0142umaczowie. Skupia mieszka\u0144c\u00f3w W\u0142odowic, T\u0142umaczowa, Nowej Rudy, \u015acinawki \u015aredniej. Podczas licznych koncert\u00f3w i wyst\u0119p\u00f3w prezentuje bogaty repertuar, a od 2014 roku jest organizatorem Sudeckich Dni Muzyki Ch\u00f3ralnej.<\/p>\n<p>Na fina\u0142 koncertu wykonany zosta\u0142 przez wszystkie ch\u00f3ry utw\u00f3r \u201eNaj\u015bwi\u0119tsza Dziewico\u201d \u2013 do tekstu w t\u0142umaczeniu Piotra Siejkowskiego OP.<\/p>\n<p>W niedziel\u0119, w wambierzyckiej bazylice, wyst\u0105pili wykonawcy z gminy Radk\u00f3w \u2013 Rodzinny Zesp\u00f3\u0142 Kameralny oraz parafialny ch\u00f3r \u201eLaudate Dominum\u201d.<\/p>\n<p align=\"center\"><span style=\"color: #0000ff;\">Str. 11 w numerze 350 tygodnika \u201eNoworudzianin\u201d dost\u0119pnym w<\/span> <a href=\"https:\/\/www.noworudzianin.pl\/WWW\/archiwum\/rok-2018-numery-od-312-do-362\/\" target=\"_blank\" rel=\"noopener\">archiwum<\/a>.<\/p>\n<p><script language=\"JavaScript\">\n<!--\nfunction FP_swapImg() {\/\/v1.0\n var doc=document,args=arguments,elm,n; doc.$imgSwaps=new Array(); for(n=2; n<args.length;\n n+=2) { elm=FP_getObjectByID(args[n]); if(elm) { doc.$imgSwaps[doc.$imgSwaps.length]=elm;\n elm.$src=elm.src; elm.src=args[n+1]; } }\n}\nfunction FP_preloadImgs() {\/\/v1.0\n var d=document,a=arguments; if(!d.FP_imgs) d.FP_imgs=new Array();\n for(var i=0; i<a.length; i++) { d.FP_imgs[i]=new Image; d.FP_imgs[i].src=a[i]; }\n}\nfunction FP_getObjectByID(id,o) {\/\/v1.0\n var c,el,els,f,m,n; if(!o)o=document; if(o.getElementById) el=o.getElementById(id);\n else if(o.layers) c=o.layers; else if(o.all) el=o.all[id]; if(el) return el;\n if(o.id==id || o.name==id) return o; if(o.childNodes) c=o.childNodes; if(c)\n for(n=0; n<c.length; n++) { el=FP_getObjectByID(id,c[n]); if(el) return el; }\n f=o.forms; if(f) for(n=0; n<f.length; n++) { els=f[n].elements;\n for(m=0; m<els.length; m++){ el=FP_getObjectByID(id,els[n]); if(el) return el; } }\n return null;\n}\n\/\/ -->\n<\/script><br \/>\n<body onload=\"FP_preloadImgs(\/*url*\/'http:\/\/www.noworudzianin.pl\/WWW\/images\/button53.jpg', \/*url*\/'http:\/\/www.noworudzianin.pl\/WWW\/images\/button52.jpg')\"><\/p>\n<p align=\"center\">\n\t\t\t<a target=\"_blank\" href=\"http:\/\/www.noworudzianin.pl\/WWW\/images\/350_b.jpg\"><br \/>\n\t\t\t<img loading=\"lazy\" decoding=\"async\" border=\"1\" src=\"http:\/\/www.noworudzianin.pl\/WWW\/images\/350_b_small.jpg\" width=\"221\" height=\"300\"><\/a><br \/>\n\t\t\t<font face=\"Verdana\">Numer 350<br \/>\n\t\t\t<font size=\"2\">12-18 pa\u017adziernika 2018 r.<\/font><\/font><br \/><a title=\"pobierz e-gazet\u0119\" onclick=\"window.open('\/egazeta\/index.php?n=350','Pobierz_egazete', 'menubar=no,toolbar=no,location=no,directories=no,status=no,scrollbars=no,resizable=no,fullscreen=no,channelmode=no,width=400,height=400').focus(); return false()\"><img loading=\"lazy\" decoding=\"async\" border=\"0\" id=\"img62\" src=\"http:\/\/www.noworudzianin.pl\/WWW\/images\/button51.jpg\" height=\"30\" width=\"150\" alt=\"Pobierz tutaj (pdf)\" onmouseover=\"FP_swapImg(1,0,\/*id*\/'img62',\/*url*\/'http:\/\/www.noworudzianin.pl\/WWW\/images\/button52.jpg')\" onmouseout=\"FP_swapImg(0,0,\/*id*\/'img62',\/*url*\/'http:\/\/www.noworudzianin.pl\/WWW\/images\/button51.jpg')\" onmousedown=\"FP_swapImg(1,0,\/*id*\/'img62',\/*url*\/'http:\/\/www.noworudzianin.pl\/WWW\/images\/button53.jpg')\" onmouseup=\"FP_swapImg(0,0,\/*id*\/'img62',\/*url*\/'http:\/\/www.noworudzianin.pl\/WWW\/images\/button52.jpg')\" fp-style=\"fp-btn: Glass Rectangle 1; fp-font-size: 12; fp-orig: 0\" fp-title=\"Pobierz tutaj (pdf)\"><\/a><\/p>\n","protected":false},"excerpt":{"rendered":"<p>W sobot\u0119 6 pa\u017adziernika w T\u0142umaczowie i w niedziel\u0119 7 pa\u017adziernika w Wambierzycach, odby\u0142y si\u0119 V Sudeckie Dni Muzyki Ch\u00f3ralnej<\/p>\n","protected":false},"author":4,"featured_media":10782,"comment_status":"open","ping_status":"closed","sticky":false,"template":"","format":"standard","meta":{"om_disable_all_campaigns":false,"_monsterinsights_skip_tracking":false,"_monsterinsights_sitenote_active":false,"_monsterinsights_sitenote_note":"","_monsterinsights_sitenote_category":0,"_uf_show_specific_survey":0,"_uf_disable_surveys":false,"footnotes":""},"categories":[2,9,2382,870],"tags":[3083,3082,2258,20,5,3076,3081,11],"aioseo_notices":[],"amp_enabled":true,"_links":{"self":[{"href":"https:\/\/www.noworudzianin.pl\/WWW\/wp-json\/wp\/v2\/posts\/10759"}],"collection":[{"href":"https:\/\/www.noworudzianin.pl\/WWW\/wp-json\/wp\/v2\/posts"}],"about":[{"href":"https:\/\/www.noworudzianin.pl\/WWW\/wp-json\/wp\/v2\/types\/post"}],"author":[{"embeddable":true,"href":"https:\/\/www.noworudzianin.pl\/WWW\/wp-json\/wp\/v2\/users\/4"}],"replies":[{"embeddable":true,"href":"https:\/\/www.noworudzianin.pl\/WWW\/wp-json\/wp\/v2\/comments?post=10759"}],"version-history":[{"count":3,"href":"https:\/\/www.noworudzianin.pl\/WWW\/wp-json\/wp\/v2\/posts\/10759\/revisions"}],"predecessor-version":[{"id":10785,"href":"https:\/\/www.noworudzianin.pl\/WWW\/wp-json\/wp\/v2\/posts\/10759\/revisions\/10785"}],"wp:featuredmedia":[{"embeddable":true,"href":"https:\/\/www.noworudzianin.pl\/WWW\/wp-json\/wp\/v2\/media\/10782"}],"wp:attachment":[{"href":"https:\/\/www.noworudzianin.pl\/WWW\/wp-json\/wp\/v2\/media?parent=10759"}],"wp:term":[{"taxonomy":"category","embeddable":true,"href":"https:\/\/www.noworudzianin.pl\/WWW\/wp-json\/wp\/v2\/categories?post=10759"},{"taxonomy":"post_tag","embeddable":true,"href":"https:\/\/www.noworudzianin.pl\/WWW\/wp-json\/wp\/v2\/tags?post=10759"}],"curies":[{"name":"wp","href":"https:\/\/api.w.org\/{rel}","templated":true}]}}