{"id":11246,"date":"2018-11-15T12:59:43","date_gmt":"2018-11-15T11:59:43","guid":{"rendered":"https:\/\/www.noworudzianin.pl\/WWW\/?p=11246"},"modified":"2018-11-15T13:00:30","modified_gmt":"2018-11-15T12:00:30","slug":"koncert-piesni-patriotycznych","status":"publish","type":"post","link":"https:\/\/www.noworudzianin.pl\/WWW\/2018\/11\/15\/koncert-piesni-patriotycznych\/","title":{"rendered":"Koncert pie\u015bni patriotycznych"},"content":{"rendered":"<p>Pi\u0105tek 9 listopada 2018 roku, Kaplica Dobrego Pasterza od\u015bwi\u0119tnie udekorowana, dominuj\u0105 nasze barwy narodowe: biel i\u00a0czerwie\u0144<!--more-->. Ze sceny na licznie przyby\u0142ych go\u015bci \u201espogl\u0105da\u201d powa\u017cny i\u00a0jako\u015b zamy\u015blony Marsza\u0142ek J\u00f3zef Pi\u0142sudski, nad nim oczywi\u015bcie bia\u0142y orze\u0142 ze z\u0142ot\u0105 koron\u0105 na g\u0142owie \u2013 nasze god\u0142o narodowe i\u00a0s\u0142owa ksi\u0119dza Krzysztofa, rozpoczynaj\u0105ce wiecz\u00f3r z\u00a0piosenk\u0105 patriotyczn\u0105: \u201e&#8230;ka\u017cdego dnia dzi\u0119kuj\u0119 Bogu za to, \u017ce jestem Polakiem. Jestem dumny z\u00a0tego, \u017ce jestem Polakiem\u201d.<\/p>\n<p>Uczniowie szk\u00f3\u0142 s\u0142upieckich w\u00a0programie s\u0142owno-muzycznym, przygotowanym przez Magdalen\u0119 Lichw\u0119 i\u00a0Jadwig\u0119 Kozakowsk\u0105, pi\u0119knie i\u00a0wzruszaj\u0105co m\u00f3wili o\u00a0trudnej historii Polski, o\u00a0jeszcze trudniejszej mi\u0142o\u015bci do niej, o\u00a0patriotyzmie. Ale czy to m\u0142odziutkie pokolenie potrafi sobie wyobrazi\u0107 RADO\u015a\u0106 naszych rodak\u00f3w w\u00a0dniu 11 listopada 1918 roku? Czy ktokolwiek z\u00a0nas potrafi wyobrazi\u0107 sobie t\u0119 RADO\u015a\u0106?<br \/>\nPi\u0119kny koncert, kt\u00f3ry da\u0142 nam mo\u017cliwo\u015b\u0107 nie tylko pos\u0142uchania pie\u015bni patriotycznych, ale tak\u017ce wsp\u00f3lnego po\u015bpiewania i\u00a0zwyk\u0142ego bycia ze sob\u0105, a\u00a0nie obok siebie. Zatem \u201eB\u0105d\u017amy patriotami w\u00a0czynach, a\u00a0nie jedynie w\u00a0pustych s\u0142owach\u201d.<\/p>\n<p align=\"center\"><span style=\"color: #0000ff;\">Str. 13 w numerze 355 tygodnika \u201eNoworudzianin\u201d dost\u0119pnym w<\/span> <a href=\"https:\/\/www.noworudzianin.pl\/WWW\/archiwum\/rok-2018-numery-od-312-do-362\/\" target=\"_blank\" rel=\"noopener\">archiwum<\/a>.<\/p>\n<p><script language=\"JavaScript\">\n<!--\nfunction FP_swapImg() {\/\/v1.0\n var doc=document,args=arguments,elm,n; doc.$imgSwaps=new Array(); for(n=2; n<args.length;\n n+=2) { elm=FP_getObjectByID(args[n]); if(elm) { doc.$imgSwaps[doc.$imgSwaps.length]=elm;\n elm.$src=elm.src; elm.src=args[n+1]; } }\n}\nfunction FP_preloadImgs() {\/\/v1.0\n var d=document,a=arguments; if(!d.FP_imgs) d.FP_imgs=new Array();\n for(var i=0; i<a.length; i++) { d.FP_imgs[i]=new Image; d.FP_imgs[i].src=a[i]; }\n}\nfunction FP_getObjectByID(id,o) {\/\/v1.0\n var c,el,els,f,m,n; if(!o)o=document; if(o.getElementById) el=o.getElementById(id);\n else if(o.layers) c=o.layers; else if(o.all) el=o.all[id]; if(el) return el;\n if(o.id==id || o.name==id) return o; if(o.childNodes) c=o.childNodes; if(c)\n for(n=0; n<c.length; n++) { el=FP_getObjectByID(id,c[n]); if(el) return el; }\n f=o.forms; if(f) for(n=0; n<f.length; n++) { els=f[n].elements;\n for(m=0; m<els.length; m++){ el=FP_getObjectByID(id,els[n]); if(el) return el; } }\n return null;\n}\n\/\/ -->\n<\/script><br \/>\n<body onload=\"FP_preloadImgs(\/*url*\/'http:\/\/www.noworudzianin.pl\/WWW\/images\/button53.jpg', \/*url*\/'http:\/\/www.noworudzianin.pl\/WWW\/images\/button52.jpg')\"><\/p>\n<p align=\"center\">\n\t\t\t<a target=\"_blank\" href=\"http:\/\/www.noworudzianin.pl\/WWW\/images\/355_b.jpg\"><br \/>\n\t\t\t<img loading=\"lazy\" decoding=\"async\" border=\"1\" src=\"http:\/\/www.noworudzianin.pl\/WWW\/images\/355_b_small.jpg\" width=\"221\" height=\"300\"><\/a><br \/>\n\t\t\t<font face=\"Verdana\">Numer 355<br \/>\n\t\t\t<font size=\"2\">16-22 listopada 2018 r.<\/font><\/font><br \/><a title=\"pobierz e-gazet\u0119\" onclick=\"window.open('\/egazeta\/index.php?n=355','Pobierz_egazete', 'menubar=no,toolbar=no,location=no,directories=no,status=no,scrollbars=no,resizable=no,fullscreen=no,channelmode=no,width=400,height=400').focus(); return false()\"><img loading=\"lazy\" decoding=\"async\" border=\"0\" id=\"img62\" src=\"http:\/\/www.noworudzianin.pl\/WWW\/images\/button51.jpg\" height=\"30\" width=\"150\" alt=\"Pobierz tutaj (pdf)\" onmouseover=\"FP_swapImg(1,0,\/*id*\/'img62',\/*url*\/'http:\/\/www.noworudzianin.pl\/WWW\/images\/button52.jpg')\" onmouseout=\"FP_swapImg(0,0,\/*id*\/'img62',\/*url*\/'http:\/\/www.noworudzianin.pl\/WWW\/images\/button51.jpg')\" onmousedown=\"FP_swapImg(1,0,\/*id*\/'img62',\/*url*\/'http:\/\/www.noworudzianin.pl\/WWW\/images\/button53.jpg')\" onmouseup=\"FP_swapImg(0,0,\/*id*\/'img62',\/*url*\/'http:\/\/www.noworudzianin.pl\/WWW\/images\/button52.jpg')\" fp-style=\"fp-btn: Glass Rectangle 1; fp-font-size: 12; fp-orig: 0\" fp-title=\"Pobierz tutaj (pdf)\"><\/a><\/p>\n","protected":false},"excerpt":{"rendered":"<p>Pi\u0105tek 9 listopada 2018 roku, Kaplica Dobrego Pasterza od\u015bwi\u0119tnie udekorowana, dominuj\u0105 nasze barwy narodowe: biel i\u00a0czerwie\u0144<\/p>\n","protected":false},"author":4,"featured_media":11264,"comment_status":"open","ping_status":"closed","sticky":false,"template":"","format":"standard","meta":{"om_disable_all_campaigns":false,"_monsterinsights_skip_tracking":false,"_monsterinsights_sitenote_active":false,"_monsterinsights_sitenote_note":"","_monsterinsights_sitenote_category":0,"_uf_show_specific_survey":0,"_uf_disable_surveys":false,"footnotes":""},"categories":[2,84,6,23],"tags":[3194,1274,20,5,3181],"aioseo_notices":[],"amp_enabled":true,"_links":{"self":[{"href":"https:\/\/www.noworudzianin.pl\/WWW\/wp-json\/wp\/v2\/posts\/11246"}],"collection":[{"href":"https:\/\/www.noworudzianin.pl\/WWW\/wp-json\/wp\/v2\/posts"}],"about":[{"href":"https:\/\/www.noworudzianin.pl\/WWW\/wp-json\/wp\/v2\/types\/post"}],"author":[{"embeddable":true,"href":"https:\/\/www.noworudzianin.pl\/WWW\/wp-json\/wp\/v2\/users\/4"}],"replies":[{"embeddable":true,"href":"https:\/\/www.noworudzianin.pl\/WWW\/wp-json\/wp\/v2\/comments?post=11246"}],"version-history":[{"count":2,"href":"https:\/\/www.noworudzianin.pl\/WWW\/wp-json\/wp\/v2\/posts\/11246\/revisions"}],"predecessor-version":[{"id":11266,"href":"https:\/\/www.noworudzianin.pl\/WWW\/wp-json\/wp\/v2\/posts\/11246\/revisions\/11266"}],"wp:featuredmedia":[{"embeddable":true,"href":"https:\/\/www.noworudzianin.pl\/WWW\/wp-json\/wp\/v2\/media\/11264"}],"wp:attachment":[{"href":"https:\/\/www.noworudzianin.pl\/WWW\/wp-json\/wp\/v2\/media?parent=11246"}],"wp:term":[{"taxonomy":"category","embeddable":true,"href":"https:\/\/www.noworudzianin.pl\/WWW\/wp-json\/wp\/v2\/categories?post=11246"},{"taxonomy":"post_tag","embeddable":true,"href":"https:\/\/www.noworudzianin.pl\/WWW\/wp-json\/wp\/v2\/tags?post=11246"}],"curies":[{"name":"wp","href":"https:\/\/api.w.org\/{rel}","templated":true}]}}