{"id":11309,"date":"2018-11-22T13:08:07","date_gmt":"2018-11-22T12:08:07","guid":{"rendered":"https:\/\/www.noworudzianin.pl\/WWW\/?p=11309"},"modified":"2018-11-22T13:11:23","modified_gmt":"2018-11-22T12:11:23","slug":"miasto-wyciaga-reke-do-mlodziezy-piasta","status":"publish","type":"post","link":"https:\/\/www.noworudzianin.pl\/WWW\/2018\/11\/22\/miasto-wyciaga-reke-do-mlodziezy-piasta\/","title":{"rendered":"MIASTO wyci\u0105ga r\u0119k\u0119 do m\u0142odzie\u017cy PIASTA"},"content":{"rendered":"<p>Klub sportowy Piast Nowa Ruda, to bez w\u0105tpienia znacz\u0105ca cz\u0119\u015b\u0107 historii naszego miasta. Zapewne wielu mieszka\u0144c\u00f3w Nowej Rudy pami\u0119ta czasy, kiedy na stadion przy ul. Sportowej przyjecha\u0142a dru\u017cyna Widzewa \u0141\u00f3d\u017a na mecz Pucharu Polski, czy te\u017c znakomite wyst\u0119py Piasta w II lidze i walk\u0119 o awans do I ligi z dru\u017cyn\u0105 GKS Jastrz\u0119bie. Te najwspanialsze momenty w historii klubu, to jednak odleg\u0142a ju\u017c historia, si\u0119gaj\u0105ca drugiej po\u0142owy lat 80 ubieg\u0142ego wieku. W latach 90 z powodzeniem nasz Piast wyst\u0119powa\u0142 w rozgrywkach III ligi, co jak na wielko\u015b\u0107 naszego miasta, te\u017c nale\u017cy poczytywa\u0107 jako pozytyw.<\/p>\n<p>Istot\u0105 tamtych czas\u00f3w by\u0142o to, \u017ce nasz Piast w tamtym okresie opiera\u0142 si\u0119 g\u0142\u00f3wnie na wychowankach klubu. Jak doskonale wiemy, pocz\u0105tek obecnego wieku nie obfitowa\u0142 ju\u017c w takie sukcesy, a Piast wyst\u0119powa\u0142 na zmian\u0119 \u2013 a to w IV lidze, a to w lidze okr\u0119gowej, by nawet w sezonie 2009\/2010 zanotowa\u0107 spadek do A-klasy, na szcz\u0119\u015bcie tylko na jeden sezon. Co istotne, im g\u0142\u0119biej zaczniemy analizowa\u0107 najnowsz\u0105 histori\u0119 Piasta, zauwa\u00ad\u017calne staje si\u0119, \u017ce z sezonu na sezon coraz mniej \u00adwychowank\u00f3w trafia do pierwszego \u00adzespo\u0142u.<\/p>\n<p>Ten niepokoj\u0105cy trend zosta\u0142 w ko\u0144cu zauwa\u017cony zar\u00f3wno w klubie jak i w mie\u015bcie. Kiedy wiosn\u0105 sezonu 2016\/2017 Piast \u017cegna\u0142 si\u0119 z IV lig\u0105, sytuacja dojrza\u0142a do tego, by wprowadzi\u0107 zmiany w pracy z m\u0142odzie\u017c\u0105. To w\u0142a\u015bnie wiosn\u0105 2017 roku powsta\u0142 projekt rozpocz\u0119cia w Nowej Rudzie \u201epracy u podstaw\u201d. Projekt ten zak\u0142ada\u0142 po\u0142\u0105czenie edukacji szkolnej z edukacj\u0105 sportow\u0105 i szybko uzyska\u0142 aprobat\u0119 w\u0142adz klubu Piast Nowa Ruda. Pomys\u0142odawc\u0105 by\u0142 Przemys\u0142aw Achrem, \u00f3wczesny trener dru\u017cyny senior\u00f3w Piasta. Swoj\u0105 pasj\u0105 szybko uda\u0142o mu si\u0119 zarazi\u0107 innych, przede wszystkim Jaros\u0142awa Przyby\u0142a, dyrektora Szko\u0142y Podstawowej nr 7 w Nowej Rudzie oraz burmistrza Tomasza Kili\u0144skiego. Przy pe\u0142nym wsparciu ww. os\u00f3b, a maj\u0105c r\u00f3wnie\u017c \u201ezielone \u015bwiat\u0142o\u201d ze strony w\u0142adz klubu, pocz\u0105tkiem czerwca 2017 roku po raz pierwszy zorganizowano nab\u00f3r do nowo powstaj\u0105cej klasy sportowej przy Szkole Podstawowej nr 7 w Nowej Rudzie. We wrze\u015bniu 2017 roku m\u0142odzie\u017c rocznika 2004 (cz\u0119\u015bciowo 2005) rozpocz\u0119\u0142a nauk\u0119 w klasie 7 \u201eS\u201d, czyli klasie o profilu sportowym.<\/p>\n<p>Uczniami tej klasy zosta\u0142o 14 ch\u0142opc\u00f3w i 10 dziewcz\u0105t. Od pocz\u0105tku istnienia tej klasy, kt\u00f3ra by\u0142a swoistym eksperymentem, za\u0142o\u017cono, by ch\u0142opcy piel\u0119gnowali swoje pasje i umiej\u0119tno\u015bci pi\u0142karskie, a dziewcz\u0119ta siatkarskie. Edukacj\u0105 pi\u0142karsk\u0105 ch\u0142opc\u00f3w w szkole zaj\u0105\u0142 si\u0119 Przemys\u0142aw Achrem, kt\u00f3ry zosta\u0142 nauczycielem WF tej klasy. Z ramienia klubu Piast, trenerem zespo\u0142u opartego na ch\u0142opcach z klasy sportowej, wyznaczono Adama \u0141ydkowskiego.<\/p>\n<p>Dyrektora szko\u0142y Jaros\u0142awa Przyby\u0142a oraz burmistrza Tomasza Kili\u0144skiego mo\u017cna bez wahania nazwa\u0107 wiernymi kibicami powsta\u0142ej dru\u017cyny, kt\u00f3ra mog\u0142a od pocz\u0105tku liczy\u0107 na ich pomoc i wsparcie. Jaros\u0142aw Przyby\u0142 jako dyrektor szko\u0142y zadba\u0142 o to, by nauczyciele \u2013 jak to tylko mo\u017cliwe \u2013 realizowali plan nauczania w ramach zaj\u0119\u0107 lekcyjnych, a ch\u0142opcy mieli tzw. \u201ewoln\u0105 g\u0142ow\u0119\u201d w weekendy i mogli w tym czasie skupia\u0107 si\u0119 tylko i wy\u0142\u0105cznie na swoich sportowych obowi\u0105zkach. Burmistrz Tomasz Kili\u0144ski r\u00f3wnie\u017c w pe\u0142ni zaanga\u017cowa\u0142 si\u0119 we wspomniany projekt, dbaj\u0105c o to, by nasza noworudzka m\u0142odzie\u017c mia\u0142a wreszcie gdzie i kiedy trenowa\u0107, udost\u0119pniaj\u0105c wszystkie obiekty sportowe, kt\u00f3rymi bezpo\u015brednio lub po\u015brednio zarz\u0105dza miasto.<\/p>\n<p>Trampkarze Piasta, oparci na ch\u0142opcach z klasy sportowej, sezon jesienny 2017\/2018 rozpocz\u0119li w niezbyt imponuj\u0105cym stylu, bo zaznali goryczy pora\u017cki w pierwszych dw\u00f3ch meczach z rywalami z miast s\u0105siednich \u2013 z dru\u017cynami Nysy K\u0142odzko i Lechii Dzier\u017coni\u00f3w. Potem by\u0142o ju\u017c lepiej. By\u0142y zwyci\u0119stwa i ostatecznie 5 lokata w stawce 10 dru\u017cyn.<\/p>\n<p>Po analizie pierwszej rundy tego nowatorskiego projektu, mimo kilku g\u0142os\u00f3w sceptycznych, pojawiaj\u0105cych si\u0119 z r\u00f3\u017cnych stron, zar\u00f3wno miasto w osobie burmistrza Tomasza Kili\u0144skiego, jak i w\u0142adze Piasta dosz\u0142y do wniosku, \u017ce projekt musi by\u0107 kontynuowany. Ma\u0142o tego, nale\u017cy jeszcze bardziej zainwestowa\u0107 w rozw\u00f3j m\u0142odzie\u017cy w Nowej Rudzie \u2013 dla dobra klubu i miasta. Wiosn\u0105 2018 roku ustanowiono koordynatora ds. rozwoju pi\u0142ki no\u017cnej w Nowej Rudzie, kt\u00f3rym zosta\u0142 Karol Ulatowski. Postawiono przed nim trudne zadanie zintegrowania szkolenia m\u0142odzie\u017cy w Nowej Rudzie pomi\u0119dzy KS Piast Nowa Ruda, a akademi\u0105 AP Champions Nowa Ruda.<\/p>\n<p>W marcu 2018 roku odby\u0142o si\u0119 r\u00f3wnie\u017c zebranie rodzic\u00f3w dzieci ucz\u0119szczaj\u0105cych zar\u00f3wno do grup m\u0142odzie\u017cowych klubu Piast jak i do AP Champions Nowa Ruda. Przedstawiono rodzicom plan dzia\u0142ania, maj\u0105cy na celu rozw\u00f3j m\u0142odych talent\u00f3w w Nowej Rudzie, a kt\u00f3rego jednym z bardzo wa\u017cnych element\u00f3w ma by\u0107 w\u0142a\u015bnie tworzenie klas o profilu sportowym. Zar\u00f3wno burmistrz, jak i dyrektor SP nr 7, przekonywali rodzic\u00f3w o s\u0142uszno\u015bci drogi obranej p\u00f3\u0142 roku wcze\u015bniej i zach\u0119cali rodzic\u00f3w do tego, by posy\u0142ali dzieci do takich w\u0142a\u015bnie klas. Ju\u017c istniej\u0105ca klasa i oparta na niej dru\u017cyna, mia\u0142a by\u0107 drogowskazem dalszych dzia\u0142a\u0144.<\/p>\n<p>Wiosn\u0105 2018 roku dru\u017cyna trenera \u0141ydkowskiego wznowi\u0142a rozgrywki w III lidze okr\u0119gowej trampkarzy. Pierwsza cz\u0119\u015b\u0107 rundy przynios\u0142a bardzo dobre wyniki. Dru\u017cyna praktycznie nie przegrywa\u0142a i przed rund\u0105 rewan\u017cow\u0105 zajmowa\u0142a 2 miejsce w tabeli. W rewan\u017cach, po kilku pechowych przegranych, trampkarze zdobyli mniej punkt\u00f3w, ostatecznie zaj\u0119li miejsce pi\u0105te. To jednak nie zniech\u0119ci\u0142o najbardziej zaanga\u017cowanych w ten projekt, gdy\u017c widoczny by\u0142 progres w samej grze ch\u0142opc\u00f3w. Oczywistym si\u0119 sta\u0142o, \u017ce dru\u017cyn\u0119 Adama \u0141ydkowskiego sta\u0107 na sukces, a post\u0119py pi\u0142karskie dokonane przez ch\u0142opc\u00f3w \u2013 b\u0119d\u0105cych uczniami nowatorskiej, jak na Now\u0105 Rud\u0119, klasy sportowej \u2013 przekona\u0142y do tego, by w czerwcu 2018 roku zorganizowa\u0107 nab\u00f3r kolejnego rocznika do klasy sportowej przy Szkole Podstawowej nr 7 \u2013 tym razem do klasy 6.<\/p>\n<p>Dzi\u015b wiemy, \u017ce projekt rozpocz\u0119ty wiosn\u0105 2017 roku przynosi efekty. Dru\u017cyna trampkarzy Piasta, prowadzona przez trenera \u0141ydkowskiego, odnios\u0142a sukces. W sezonie jesiennym 2018, wygrywaj\u0105c we wszystkich meczach III ligi okr\u0119gowej trampkarzy grupy wa\u0142brzyskiej, zapewni\u0142a sobie awans do II ligi wojew\u00f3dzkiej trampkarzy. Od dawna m\u0142odzie\u017cowa dru\u017cyna naszego klubu nie mia\u0142a okazji zagra\u0107 na tak wysokim szczeblu rozgrywek juniorskich i trzeba uczciwie przyzna\u0107, \u017ce ten wynik, to w\u0142a\u015bnie efekt dobrej atmosfery wok\u00f3\u0142 pi\u0142ki m\u0142odzie\u017cowej, jaka powsta\u0142a w Nowej Rudzie.<\/p>\n<p>Klasa sportowa przy szkole podstawowej \u2013 to pierwszy etap. Miasto i klub czyni\u0105 obecnie starania, by praca z m\u0142odzie\u017c\u0105 by\u0142a kontynuowana r\u00f3wnie\u017c na poziomie szko\u0142y \u015bredniej. Trwaj\u0105 intensywne dzia\u0142ania zmierzaj\u0105ce do powstania klasy sportowej zar\u00f3wno przy Liceum Og\u00f3lnokszta\u0142c\u0105cym w Nowej Rudzie, jak i przy Noworudzkiej Szkole Technicznej w Nowej Rudzie. Je\u017celi uda si\u0119 doprowadzi\u0107 do powstania klasy sportowej przy noworudzkich szko\u0142ach \u015brednich, b\u0119dziemy mogli m\u00f3wi\u0107 o powstaniu zintegrowanego systemu szkolenia sportowego, gwarantuj\u0105cego intensywne szkolenie m\u0142odych pi\u0142karzy przez okres 6-7 lat, po\u0142\u0105czony z ich edukacj\u0105, co pozwoli na zatrzymanie m\u0142odych talent\u00f3w w Nowej Rudzie.<\/p>\n<p align=\"center\"><span style=\"color: #0000ff;\">Str. 24 w numerze 356 tygodnika \u201eNoworudzianin\u201d dost\u0119pnym w<\/span> <a href=\"https:\/\/www.noworudzianin.pl\/WWW\/archiwum\/rok-2018-numery-od-312-do-362\/\" target=\"_blank\" rel=\"noopener\">archiwum<\/a>.<\/p>\n<p><script language=\"JavaScript\">\n<!--\nfunction FP_swapImg() {\/\/v1.0\n var doc=document,args=arguments,elm,n; doc.$imgSwaps=new Array(); for(n=2; n<args.length;\n n+=2) { elm=FP_getObjectByID(args[n]); if(elm) { doc.$imgSwaps[doc.$imgSwaps.length]=elm;\n elm.$src=elm.src; elm.src=args[n+1]; } }\n}\nfunction FP_preloadImgs() {\/\/v1.0\n var d=document,a=arguments; if(!d.FP_imgs) d.FP_imgs=new Array();\n for(var i=0; i<a.length; i++) { d.FP_imgs[i]=new Image; d.FP_imgs[i].src=a[i]; }\n}\nfunction FP_getObjectByID(id,o) {\/\/v1.0\n var c,el,els,f,m,n; if(!o)o=document; if(o.getElementById) el=o.getElementById(id);\n else if(o.layers) c=o.layers; else if(o.all) el=o.all[id]; if(el) return el;\n if(o.id==id || o.name==id) return o; if(o.childNodes) c=o.childNodes; if(c)\n for(n=0; n<c.length; n++) { el=FP_getObjectByID(id,c[n]); if(el) return el; }\n f=o.forms; if(f) for(n=0; n<f.length; n++) { els=f[n].elements;\n for(m=0; m<els.length; m++){ el=FP_getObjectByID(id,els[n]); if(el) return el; } }\n return null;\n}\n\/\/ -->\n<\/script><br \/>\n<body onload=\"FP_preloadImgs(\/*url*\/'http:\/\/www.noworudzianin.pl\/WWW\/images\/button53.jpg', \/*url*\/'http:\/\/www.noworudzianin.pl\/WWW\/images\/button52.jpg')\"><\/p>\n<p align=\"center\">\n\t\t\t<a target=\"_blank\" href=\"http:\/\/www.noworudzianin.pl\/WWW\/images\/356_b.jpg\"><br \/>\n\t\t\t<img loading=\"lazy\" decoding=\"async\" border=\"1\" src=\"http:\/\/www.noworudzianin.pl\/WWW\/images\/356_b_small.jpg\" width=\"221\" height=\"300\"><\/a><br \/>\n\t\t\t<font face=\"Verdana\">Numer 356<br \/>\n\t\t\t<font size=\"2\">23-29 listopada 2018 r.<\/font><\/font><br \/><a title=\"pobierz e-gazet\u0119\" onclick=\"window.open('\/egazeta\/index.php?n=356','Pobierz_egazete', 'menubar=no,toolbar=no,location=no,directories=no,status=no,scrollbars=no,resizable=no,fullscreen=no,channelmode=no,width=400,height=400').focus(); return false()\"><img loading=\"lazy\" decoding=\"async\" border=\"0\" id=\"img62\" src=\"http:\/\/www.noworudzianin.pl\/WWW\/images\/button51.jpg\" height=\"30\" width=\"150\" alt=\"Pobierz tutaj (pdf)\" onmouseover=\"FP_swapImg(1,0,\/*id*\/'img62',\/*url*\/'http:\/\/www.noworudzianin.pl\/WWW\/images\/button52.jpg')\" onmouseout=\"FP_swapImg(0,0,\/*id*\/'img62',\/*url*\/'http:\/\/www.noworudzianin.pl\/WWW\/images\/button51.jpg')\" onmousedown=\"FP_swapImg(1,0,\/*id*\/'img62',\/*url*\/'http:\/\/www.noworudzianin.pl\/WWW\/images\/button53.jpg')\" onmouseup=\"FP_swapImg(0,0,\/*id*\/'img62',\/*url*\/'http:\/\/www.noworudzianin.pl\/WWW\/images\/button52.jpg')\" fp-style=\"fp-btn: Glass Rectangle 1; fp-font-size: 12; fp-orig: 0\" fp-title=\"Pobierz tutaj (pdf)\"><\/a><\/p>\n","protected":false},"excerpt":{"rendered":"<p>Klub sportowy Piast Nowa Ruda, to bez w\u0105tpienia znacz\u0105ca cz\u0119\u015b\u0107 historii naszego miasta. Zapewne wielu mieszka\u0144c\u00f3w Nowej Rudy pami\u0119ta czasy,<\/p>\n","protected":false},"author":4,"featured_media":11313,"comment_status":"open","ping_status":"closed","sticky":false,"template":"","format":"standard","meta":{"om_disable_all_campaigns":false,"_monsterinsights_skip_tracking":false,"_monsterinsights_sitenote_active":false,"_monsterinsights_sitenote_note":"","_monsterinsights_sitenote_category":0,"_uf_show_specific_survey":0,"_uf_disable_surveys":false,"footnotes":""},"categories":[2,1747,6,46],"tags":[3198,20,5,3197],"aioseo_notices":[],"amp_enabled":true,"_links":{"self":[{"href":"https:\/\/www.noworudzianin.pl\/WWW\/wp-json\/wp\/v2\/posts\/11309"}],"collection":[{"href":"https:\/\/www.noworudzianin.pl\/WWW\/wp-json\/wp\/v2\/posts"}],"about":[{"href":"https:\/\/www.noworudzianin.pl\/WWW\/wp-json\/wp\/v2\/types\/post"}],"author":[{"embeddable":true,"href":"https:\/\/www.noworudzianin.pl\/WWW\/wp-json\/wp\/v2\/users\/4"}],"replies":[{"embeddable":true,"href":"https:\/\/www.noworudzianin.pl\/WWW\/wp-json\/wp\/v2\/comments?post=11309"}],"version-history":[{"count":1,"href":"https:\/\/www.noworudzianin.pl\/WWW\/wp-json\/wp\/v2\/posts\/11309\/revisions"}],"predecessor-version":[{"id":11314,"href":"https:\/\/www.noworudzianin.pl\/WWW\/wp-json\/wp\/v2\/posts\/11309\/revisions\/11314"}],"wp:featuredmedia":[{"embeddable":true,"href":"https:\/\/www.noworudzianin.pl\/WWW\/wp-json\/wp\/v2\/media\/11313"}],"wp:attachment":[{"href":"https:\/\/www.noworudzianin.pl\/WWW\/wp-json\/wp\/v2\/media?parent=11309"}],"wp:term":[{"taxonomy":"category","embeddable":true,"href":"https:\/\/www.noworudzianin.pl\/WWW\/wp-json\/wp\/v2\/categories?post=11309"},{"taxonomy":"post_tag","embeddable":true,"href":"https:\/\/www.noworudzianin.pl\/WWW\/wp-json\/wp\/v2\/tags?post=11309"}],"curies":[{"name":"wp","href":"https:\/\/api.w.org\/{rel}","templated":true}]}}