{"id":11943,"date":"2019-01-10T12:59:41","date_gmt":"2019-01-10T11:59:41","guid":{"rendered":"https:\/\/www.noworudzianin.pl\/WWW\/?p=11943"},"modified":"2019-01-10T13:00:12","modified_gmt":"2019-01-10T12:00:12","slug":"co-dalej-ze-szpitalem","status":"publish","type":"post","link":"https:\/\/www.noworudzianin.pl\/WWW\/2019\/01\/10\/co-dalej-ze-szpitalem\/","title":{"rendered":"Co dalej ze szpitalem?"},"content":{"rendered":"<p>Miesi\u0105c temu, w\u00a0\u015brod\u0119 12 grudnia, w\u00a0noworudzkim szpitalu odby\u0142o si\u0119 posiedzenie Komisji Zdrowia i\u00a0Ekologii Rady Miejskiej w\u00a0Nowej Rudzie<!--more-->, kt\u00f3rego g\u0142\u00f3wnym tematem by\u0142o dalsze funkcjonowanie szpitala<\/p>\n<p>W posiedzeniu komisji uczestniczyli: Tadeusz St\u0119pkowski, ordynator Oddzia\u0142u Chor\u00f3b Wewn\u0119trznych, Dariusz Zab\u0142ocki, ordynator Oddzia\u0142u Pediatrii i Danuta Cicha\u0144ska z Poradni Chirurgicznej. Na zaproszenie przewodnicz\u0105cej komisji Reginy Wa\u0142\u0119sy, w posiedzeniu udzia\u0142 wzi\u0119li: Jadwiga Radziejewska, dyrektor ZOZ-u w K\u0142odzku, Janusz Majdowski, zast\u0119pca dyrektora ZOZ-u ds. leczniczych, Jacek Marcelewicz, zast\u0119pca dyrektora ZOZ-u ds. administracyjnych, J\u00f3zef Gr\u0119bosz, kierownik szpitala w Nowej Rudzie, wicestarosta Ma\u0142gorzata J\u0119drzejewska-Skrzypczyk, burmistrz Tomasz Kili\u0144ski, a tak\u017ce radni Rady Powiatu K\u0142odzkiego.<\/p>\n<p>Podczas rozm\u00f3w, du\u017co czasu po\u015bwi\u0119cono tematowi braku kadry medycznej.<br \/>\n\u2013 We wtorek 11 grudnia, wsp\u00f3lnie z pani\u0105 wicestarost\u0105, by\u0142am na spotkaniu Konsorcjum Szpitali Powiatowych, gdzie po raz kolejny doszli\u015bmy do tego, \u017ce problem braku lekarzy dotyczy wszystkich i prosimy o rozwi\u0105zania systemowe. Dlaczego rozwi\u0105zania systemowe? Ano dlatego, \u017ce Szpital Kliniczny przy ul. Borowskiej we Wroc\u0142awiu ma 460 rezydent\u00f3w plus lekarzy, specjalist\u00f3w itd., ale wszyscy s\u0105 skomasowani tam. Natomiast my w tym roku nie otrzymali\u015bmy ani jednego rezydenta. W takiej sytuacji s\u0105 wszystkie szpitale powiatowe. Mo\u017cna powiedzie\u0107, \u017ce pracujemy tak naprawd\u0119 w stanie wy\u017cszej konieczno\u015bci, poniewa\u017c musimy zabezpiecza\u0107 opiek\u0119, a nie mamy kim. Wo\u0142amy o to, \u017ceby wprowadzono rozwi\u0105zania systemowe, polegaj\u0105ce nie na nakazie pracy, bo te ju\u017c by\u0142y i si\u0119 nie sprawdzi\u0142y, ale na dodatkowym gratyfikowaniu os\u00f3b, kt\u00f3re b\u0119d\u0105 chcia\u0142y pracowa\u0107 w takich szpitalach jak nasz\u00a0\u2013 m\u00f3wi\u0142a Jadwiga Radziejewska.<\/p>\n<p>Jak zapewnia dyrektor ZOZ-u, w poszukiwaniu lekarzy do szpitala w K\u0142odzku nie pomagaj\u0105 og\u0142oszenia w og\u00f3lnopolskiej stacji radiowej, periodykach medycznych, czy umieszczane na tablicach siedzib Okr\u0119gowych Izb Lekarskich. Lekarzy rezydent\u00f3w nie zach\u0119ca nawet dodatkowe 500 z\u0142, kt\u00f3re im oferuje za prac\u0119 k\u0142odzka lecznica, opr\u00f3cz tego co p\u0142aci im ministerstwo zdrowia.<br \/>\n\u2013 W naszym szpitalu \u015brednia wieku lekarzy to 55+, nie ma \u201em\u0142odzie\u017cy\u201d. By\u0142o dw\u00f3ch m\u0142odych lekarzy, ale sko\u0144czyli specjalizacj\u0119, obronili tytu\u0142 i sobie pojechali. Problemy z tym zwi\u0105zane najbardziej dotykaj\u0105 mnie, dyrektora Majdowskiego i doktora St\u0119pkowskiego \u2013 kontynuowa\u0142a Jadwiga Radziejewska.<\/p>\n<p>Kolejnym problemem z jakim boryka si\u0119 k\u0142odzki szpital to brak piel\u0119gniarek i przepisy zwi\u0105zane z ich prac\u0105, kt\u00f3re wprowadzaj\u0105 m.in. wska\u017anik zatrudnienia piel\u0119gniarek, skorelowany z liczb\u0105 \u0142\u00f3\u017cek. Na oddzia\u0142ach zachowawczych wska\u017anik wynosi\u0107 ma 0,6 etatu na jedno \u0142\u00f3\u017cko, a na oddzia\u0142ach zabiegowych 0,7 etatu piel\u0119gniarskiego. Jak stwierdzi\u0142a szefowa k\u0142odzkiego szpitala, brak \u015bredniego personelu medycznego stanowi powa\u017cny problem, gdzie \u015brednia wieku piel\u0119gniarek jest jeszcze wy\u017csza ni\u017c w przypadku lekarzy i wynosi 58+.<br \/>\n\u2013 Potwierdzam s\u0142owa pani dyrektor. Je\u017celi chodzi o przyj\u0119cia do pracy, nie ulega w\u0105tpliwo\u015bci, \u017ce m\u0142odzi lekarze maj\u0105 prawo wyboru miejsca, gdzie b\u0119d\u0105 pracowali i trzeba ich zrozumie\u0107. Odbywaj\u0105 r\u00f3\u017cne sta\u017ce, je\u017cd\u017c\u0105 i dzisiaj, \u017ceby dojecha\u0107 gdzie\u015b na 7.30 i otworzy\u0107 gabinet, trzeba wyjecha\u0107 ok. godz. 5.30, wi\u0119c oni tego nie chc\u0105. Jak odchodzi\u0142em z kliniki, mia\u0142em dw\u00f3ch rezydent\u00f3w. Zach\u0119ca\u0142em, \u017ceby przyszli tu pracowa\u0107, zrobi\u0107 specjalizacj\u0119. Niestety zniech\u0119ci\u0142y ich dojazdy i inne zwi\u0105zane z tym sprawy \u2013 m\u00f3wi\u0142 Tadeusz St\u0119pkowski. \u2013 Odno\u015bnie polityki zdrowotnej, my\u015bl\u0119, \u017ce to si\u0119 bardzo szybko rozbije. Kiedy faktycznie zabraknie tych powiatowych szpitali, gdzie ludzie z ma\u0142ych miast, wsi p\u00f3jd\u0105 si\u0119 leczy\u0107? \u2013 pyta\u0142 ordynator.<\/p>\n<p>O pr\u00f3bie znalezienia jak najlepszego wyj\u015bcia z tej zawi\u0142ej sytuacji m\u00f3wi\u0142 r\u00f3wnie\u017c burmistrz Nowej Rudy.<br \/>\n\u2013 To, o czym m\u00f3wi\u0142a pani dyrektor, jest po prostu przera\u017caj\u0105ce. To nie dotyczy tylko szpitala w Nowej Rudzie, K\u0142odzku, ale wszystkich szpitali i my tych problem\u00f3w na pewno nie rozwi\u0105\u017cemy. Zak\u0142adamy jednak optymistyczny scenariusz, \u017ce w jaki\u015b spos\u00f3b og\u00f3lnie ta sytuacja b\u0119dzie musia\u0142a zosta\u0107 naprawiona tak, aby szpitale powiatowe mog\u0142y funkcjonowa\u0107 \u2013 powiedzia\u0142 Tomasz Kili\u0144ski. \u2013 My, jako w\u0142adze Nowej Rudy, wspieramy te dzia\u0142ania od wielu lat i chcemy wsp\u00f3\u0142pracowa\u0107 z w\u0142adzami powiatu, z pani\u0105 dyrektor, z pracownikami szpitala i chcemy, \u017ceby ten szpital istnia\u0142. Musimy sobie dzisiaj powiedzie\u0107 z jakimi problemami boryka si\u0119 doktor St\u0119pkowski, doktor Cicha\u0144ska, czy doktor Zab\u0142ocki, w czym mo\u017cemy pom\u00f3c, albo co mo\u017cemy skorygowa\u0107. Us\u0142yszeli\u015bmy ju\u017c, \u017ce problem\u00f3w jest du\u017co, zreszt\u0105 cz\u0119sto spotykam si\u0119 z obecnymi tu lekarzami i s\u0142ysz\u0119 o tych problemach, kt\u00f3re s\u0105 bardzo powa\u017cne. O tym wszyscy wiemy, o problemach z obsadzeniem dy\u017cur\u00f3w lekarskich, s\u0142yszymy o r\u00f3\u017cnych rzeczach, o r\u00f3\u017cnicy w stawkach lekarzy dy\u017curuj\u0105cych w K\u0142odzku i w Nowej Rudzie. Musimy zrobi\u0107 wszystko, \u017ceby noworudzki szpital funkcjonowa\u0142 \u2013 dodaje.<\/p>\n<p>Nie trzeba by\u0107 wybitnym ekonomist\u0105, by wiedzie\u0107, i\u017c przyczyn trudnych sytuacji w szpitalach jest wiele, np. niska wycena \u015bwiadcze\u0144 zdrowotnych. Powinni\u015bmy te\u017c zdawa\u0107 sobie spraw\u0119, \u017ce szpitale powiatowe, to szpitale pierwszego kontaktu. Pacjent wymagaj\u0105cy hospitalizacji powinien trafia\u0107 tu w pierwszej kolejno\u015bci i dopiero, je\u017celi diagnoza wska\u017ce na konieczno\u015b\u0107 leczenia w szpitalu specjalistycznym, pacjent powinien by\u0107 kierowany dalej.<\/p>\n<p><a href=\"https:\/\/www.noworudzianin.pl\/WWW\/wp-content\/uploads\/2019\/01\/IMG_2819.jpg\"><img loading=\"lazy\" decoding=\"async\" src=\"https:\/\/www.noworudzianin.pl\/WWW\/wp-content\/uploads\/2019\/01\/IMG_2819-630x420.jpg\" alt=\"\" width=\"630\" height=\"420\" class=\"alignnone size-large wp-image-11964\" srcset=\"https:\/\/www.noworudzianin.pl\/WWW\/wp-content\/uploads\/2019\/01\/IMG_2819-630x420.jpg 630w, https:\/\/www.noworudzianin.pl\/WWW\/wp-content\/uploads\/2019\/01\/IMG_2819-300x200.jpg 300w, https:\/\/www.noworudzianin.pl\/WWW\/wp-content\/uploads\/2019\/01\/IMG_2819-768x512.jpg 768w\" sizes=\"(max-width: 630px) 100vw, 630px\" \/><\/a><\/p>\n<p align=\"center\"><span style=\"color: #0000ff;\">Str. 7 w numerze 362 tygodnika \u201eNoworudzianin\u201d dost\u0119pnym w<\/span> <a href=\"https:\/\/www.noworudzianin.pl\/WWW\/archiwum\/rok-2019\/\" target=\"_blank\" rel=\"noopener\">archiwum<\/a>.<\/p>\n<p><script language=\"JavaScript\">\n<!--\nfunction FP_swapImg() {\/\/v1.0\n var doc=document,args=arguments,elm,n; doc.$imgSwaps=new Array(); for(n=2; n<args.length;\n n+=2) { elm=FP_getObjectByID(args[n]); if(elm) { doc.$imgSwaps[doc.$imgSwaps.length]=elm;\n elm.$src=elm.src; elm.src=args[n+1]; } }\n}\nfunction FP_preloadImgs() {\/\/v1.0\n var d=document,a=arguments; if(!d.FP_imgs) d.FP_imgs=new Array();\n for(var i=0; i<a.length; i++) { d.FP_imgs[i]=new Image; d.FP_imgs[i].src=a[i]; }\n}\nfunction FP_getObjectByID(id,o) {\/\/v1.0\n var c,el,els,f,m,n; if(!o)o=document; if(o.getElementById) el=o.getElementById(id);\n else if(o.layers) c=o.layers; else if(o.all) el=o.all[id]; if(el) return el;\n if(o.id==id || o.name==id) return o; if(o.childNodes) c=o.childNodes; if(c)\n for(n=0; n<c.length; n++) { el=FP_getObjectByID(id,c[n]); if(el) return el; }\n f=o.forms; if(f) for(n=0; n<f.length; n++) { els=f[n].elements;\n for(m=0; m<els.length; m++){ el=FP_getObjectByID(id,els[n]); if(el) return el; } }\n return null;\n}\n\/\/ -->\n<\/script><br \/>\n<body onload=\"FP_preloadImgs(\/*url*\/'http:\/\/www.noworudzianin.pl\/WWW\/images\/button53.jpg', \/*url*\/'http:\/\/www.noworudzianin.pl\/WWW\/images\/button52.jpg')\"><\/p>\n<p align=\"center\">\n\t\t\t<a target=\"_blank\" href=\"http:\/\/www.noworudzianin.pl\/WWW\/images\/362_b.jpg\"><br \/>\n\t\t\t<img loading=\"lazy\" decoding=\"async\" border=\"1\" src=\"http:\/\/www.noworudzianin.pl\/WWW\/images\/362_b_small.jpg\" width=\"221\" height=\"300\"><\/a><br \/>\n\t\t\t<font face=\"Verdana\">Numer 362<br \/>\n\t\t\t<font size=\"2\">11-17 stycznia 2019 r.  <\/font><\/font><br \/><a title=\"pobierz e-gazet\u0119\" onclick=\"window.open('\/egazeta\/index.php?n=362','Pobierz_egazete', 'menubar=no,toolbar=no,location=no,directories=no,status=no,scrollbars=no,resizable=no,fullscreen=no,channelmode=no,width=400,height=400').focus(); return false()\"><img loading=\"lazy\" decoding=\"async\" border=\"0\" id=\"img62\" src=\"http:\/\/www.noworudzianin.pl\/WWW\/images\/button51.jpg\" height=\"30\" width=\"150\" alt=\"Pobierz tutaj (pdf)\" onmouseover=\"FP_swapImg(1,0,\/*id*\/'img62',\/*url*\/'http:\/\/www.noworudzianin.pl\/WWW\/images\/button52.jpg')\" onmouseout=\"FP_swapImg(0,0,\/*id*\/'img62',\/*url*\/'http:\/\/www.noworudzianin.pl\/WWW\/images\/button51.jpg')\" onmousedown=\"FP_swapImg(1,0,\/*id*\/'img62',\/*url*\/'http:\/\/www.noworudzianin.pl\/WWW\/images\/button53.jpg')\" onmouseup=\"FP_swapImg(0,0,\/*id*\/'img62',\/*url*\/'http:\/\/www.noworudzianin.pl\/WWW\/images\/button52.jpg')\" fp-style=\"fp-btn: Glass Rectangle 1; fp-font-size: 12; fp-orig: 0\" fp-title=\"Pobierz tutaj (pdf)\"><\/a><\/p>\n","protected":false},"excerpt":{"rendered":"<p>Miesi\u0105c temu, w\u00a0\u015brod\u0119 12 grudnia, w\u00a0noworudzkim szpitalu odby\u0142o si\u0119 posiedzenie Komisji Zdrowia i\u00a0Ekologii Rady Miejskiej w\u00a0Nowej Rudzie<\/p>\n","protected":false},"author":4,"featured_media":11963,"comment_status":"open","ping_status":"closed","sticky":false,"template":"","format":"standard","meta":{"om_disable_all_campaigns":false,"_monsterinsights_skip_tracking":false,"_monsterinsights_sitenote_active":false,"_monsterinsights_sitenote_note":"","_monsterinsights_sitenote_category":0,"_uf_show_specific_survey":0,"_uf_disable_surveys":false,"footnotes":""},"categories":[2,6,281],"tags":[3398,3400,3399,3402,255,3401,3403,2298,20,5,3391,3213,723,462],"aioseo_notices":[],"amp_enabled":true,"_links":{"self":[{"href":"https:\/\/www.noworudzianin.pl\/WWW\/wp-json\/wp\/v2\/posts\/11943"}],"collection":[{"href":"https:\/\/www.noworudzianin.pl\/WWW\/wp-json\/wp\/v2\/posts"}],"about":[{"href":"https:\/\/www.noworudzianin.pl\/WWW\/wp-json\/wp\/v2\/types\/post"}],"author":[{"embeddable":true,"href":"https:\/\/www.noworudzianin.pl\/WWW\/wp-json\/wp\/v2\/users\/4"}],"replies":[{"embeddable":true,"href":"https:\/\/www.noworudzianin.pl\/WWW\/wp-json\/wp\/v2\/comments?post=11943"}],"version-history":[{"count":2,"href":"https:\/\/www.noworudzianin.pl\/WWW\/wp-json\/wp\/v2\/posts\/11943\/revisions"}],"predecessor-version":[{"id":11966,"href":"https:\/\/www.noworudzianin.pl\/WWW\/wp-json\/wp\/v2\/posts\/11943\/revisions\/11966"}],"wp:featuredmedia":[{"embeddable":true,"href":"https:\/\/www.noworudzianin.pl\/WWW\/wp-json\/wp\/v2\/media\/11963"}],"wp:attachment":[{"href":"https:\/\/www.noworudzianin.pl\/WWW\/wp-json\/wp\/v2\/media?parent=11943"}],"wp:term":[{"taxonomy":"category","embeddable":true,"href":"https:\/\/www.noworudzianin.pl\/WWW\/wp-json\/wp\/v2\/categories?post=11943"},{"taxonomy":"post_tag","embeddable":true,"href":"https:\/\/www.noworudzianin.pl\/WWW\/wp-json\/wp\/v2\/tags?post=11943"}],"curies":[{"name":"wp","href":"https:\/\/api.w.org\/{rel}","templated":true}]}}