{"id":11967,"date":"2019-01-10T13:16:52","date_gmt":"2019-01-10T12:16:52","guid":{"rendered":"https:\/\/www.noworudzianin.pl\/WWW\/?p=11967"},"modified":"2019-01-10T13:16:52","modified_gmt":"2019-01-10T12:16:52","slug":"wiecej-za-wode-i-scieki","status":"publish","type":"post","link":"https:\/\/www.noworudzianin.pl\/WWW\/2019\/01\/10\/wiecej-za-wode-i-scieki\/","title":{"rendered":"Wi\u0119cej za wod\u0119 i \u015bcieki"},"content":{"rendered":"<p>Dwie podwy\u017cki za wod\u0119 i odprowadzanie \u015bciek\u00f3w dla mieszka\u0144c\u00f3w gminy Nowa Ruda w 2019 r.? Nie, podwy\u017cka tylko w czerwcu. Mimo to mieszka\u0144cy od 1\u00a0stycznia p\u0142ac\u0105 wi\u0119cej. Dlaczego tak?<\/p>\n<p>Od 1 stycznia mieszka\u0144cy gminy Nowa Ruda p\u0142ac\u0105 wi\u0119cej za zbiorowe zaopatrzenie w wod\u0119 i zbiorowe odprowadzanie \u015bciek\u00f3w. Kolejny wzrost cen czeka ich w po\u0142owie roku.<\/p>\n<p>Radni Rady Gminy Nowa Ruda w 2017 r. podj\u0119li uchwa\u0142\u0119 o zwi\u0119kszeniu podatku za budowle wodoci\u0105gowe i kanalizacyjne z 0,2 do 2%, jakie p\u0142aci Zak\u0142ad Wodoci\u0105g\u00f3w i Kanalizacji w Nowej Rudzie do bud\u017cetu gminy. \u00d3wczesny radny Marcin Kalkowski wyst\u0105pi\u0142 z wnioskiem o wprowadzenie mechanizmu, polegaj\u0105cego na dop\u0142atach do zbiorowego zaopatrzenia w wod\u0119 oraz zbiorowego odprowadzania \u015bciek\u00f3w. Pieni\u0105dze na ten cel pochodzi\u0142y ze zwi\u0119kszonego wp\u0142ywu z podatku. Dzi\u0119ki temu mieszka\u0144cy gminy Nowa Ruda p\u0142acili za wod\u0119 i \u015bcieki stawki przyj\u0119te w 2016 r. P\u00f3\u017aniej uchwa\u0142\u0119 o dop\u0142atach przed\u0142u\u017cono do ko\u0144ca 2018 r. Od 1 stycznia 2019 r. mieszka\u0144cy gminy Nowa Ruda b\u0119d\u0105 p\u0142aci\u0107 za wod\u0119 i odprowadzanie \u015bciek\u00f3w bez zni\u017cek, tj. 5,15 z\u0142\/m3 wody i 5,59 z\u0142\/m3 odprowadzonych \u015bciek\u00f3w. To mo\u017ce nie by\u0142oby najgorsze, gdyby nie fakt, \u017ce w czerwcu mieszka\u0144c\u00f3w gminy czeka podwy\u017cka \u2013 zgodnie z ustaleniami, jakie zawar\u0142a noworudzka sp\u00f3\u0142ka wodoci\u0105gowa z regulatorem, kt\u00f3rym jest PGW Wody Polskie. I tak, mieszka\u0144cy gminy Nowa Ruda zap\u0142ac\u0105 5,34 z\u0142\/m3 wody i 5,71 z\u0142\/m3 odprowadzanych \u015bciek\u00f3w.<\/p>\n<p>Temat ten by\u0142 szeroko omawiany podczas grudniowego posiedzenia Komisji Bud\u017cetu i Finans\u00f3w Rady Gminy Nowa Ruda.<br \/>\n\u2013 W przysz\u0142ym roku planujemy rozw\u00f3j infrastruktury sieci wodoci\u0105gowej. W 2019 r. b\u0119dzie to kosztowa\u0142o 100 tys. z\u0142, ale w nast\u0119pnych latach b\u0119dzie to kwota du\u017co, du\u017co wy\u017csza. Dlatego pieni\u0105dze, kt\u00f3re otrzymujemy ze ZWiK-u, chcemy wykorzysta\u0107 w\u0142a\u015bnie na rozw\u00f3j infrastruktury. To nie s\u0105 du\u017ce pieni\u0105dze \u2013 chodzi o dop\u0142at\u0119 23 grosze netto na \u015bciekach i 58 groszy netto do wody. Mieszkaniec \u015brednio konsumuje miesi\u0119cznie ok. 3 m3 wody, czyli ta dop\u0142ata nie jest a\u017c tak znacz\u0105ca. Natomiast po likwidacji dop\u0142at, dla gminy to jest ponad 220 tys. z\u0142 rocznie wp\u0142ywu do bud\u017cetu \u2013 wyja\u015bnia\u0142 Ryszard Czerewaty, zast\u0119pca w\u00f3jta gminy Nowa Ruda. \u2013 Poniewa\u017c systematycznie obni\u017ca si\u0119 poziom w\u00f3d gruntowych, wiele gospodarstw nie ma dost\u0119pu do wody. Chcemy skorzysta\u0107 z dofinansowania z Wojew\u00f3dzkiego Funduszu Ochrony \u015arodowiska i w roku bud\u017cetowym 2019 wykona\u0107 dokumentacj\u0119 projektow\u0105, a w kolejnych latach dokona\u0107 stosownych inwestycji. Nie chc\u0119 podawa\u0107 jeszcze konkret\u00f3w, poniewa\u017c wszystko jest na etapie projektowania. My\u015blimy np. o Dworkach i g\u00f3rnej cz\u0119\u015bci Sokolca, gdzie jest du\u017cy problem z wod\u0105 \u2013 doda\u0142.<\/p>\n<p>Cz\u0142onkowie komisji gospodarczej nie byli przeciwni rzeczowym argumentom wicew\u00f3jta. Martwi ich jednak to, \u017ce mieszka\u0144c\u00f3w gminy, opr\u00f3cz \u201estyczniowej\u201d podwy\u017cki, czeka jeszcze podwy\u017cka w czerwcu.<br \/>\n\u2013 Bior\u0105c pod uwag\u0119 obecn\u0105 sytuacj\u0119, mieszka\u0144cy b\u0119d\u0105 to odbierali jako dwukrotn\u0105 podwy\u017ck\u0119 w jednym roku \u2013 m\u00f3wi\u0142a Bo\u017cena So\u0142ek-Muzyka, prze\u00adwodnicz\u0105ca Rady Gminy Nowa Ruda.<\/p>\n<p>Z tym nie zgadza si\u0119 Ryszard Czerewaty, t\u0142umacz\u0105c, \u017ce podwy\u017cka za wod\u0119 i \u015bcieki b\u0119dzie tylko w czerwcu, bo od stycznia sko\u0144czy si\u0119 po prostu dop\u0142ata. Bo\u017cena So\u0142ek-Muzyka wyst\u0105pi\u0142a z propozycj\u0105 o ponowne wprowadzenie dop\u0142at od czerwca do grudnia 2019 roku, przez co jej zdaniem mieszka\u0144cy podwy\u017ck\u0119 odczuj\u0105 znacznie \u0142agodniej. O przygotowanie analizy poproszony zosta\u0142 prezes Zak\u0142adu Wodoci\u0105g\u00f3w i Kanalizacji Ryszard Rzeczycki, kt\u00f3ry b\u0119dzie te\u017c go\u015bciem na kolejnej sesji.<\/p>\n<p>Pami\u0119tajmy, \u017ce ostatecznie to radni Rady Gminy Nowa Ruda podejm\u0105 decyzj\u0119 o ewentualnych dop\u0142atach i ich wysoko\u015bci.<\/p>\n<p><a href=\"https:\/\/www.noworudzianin.pl\/WWW\/wp-content\/uploads\/2019\/01\/tap-791172_1920.jpg\"><img loading=\"lazy\" decoding=\"async\" src=\"https:\/\/www.noworudzianin.pl\/WWW\/wp-content\/uploads\/2019\/01\/tap-791172_1920-630x420.jpg\" alt=\"\" width=\"630\" height=\"420\" class=\"alignnone size-large wp-image-11974\" srcset=\"https:\/\/www.noworudzianin.pl\/WWW\/wp-content\/uploads\/2019\/01\/tap-791172_1920-630x420.jpg 630w, https:\/\/www.noworudzianin.pl\/WWW\/wp-content\/uploads\/2019\/01\/tap-791172_1920-300x200.jpg 300w, https:\/\/www.noworudzianin.pl\/WWW\/wp-content\/uploads\/2019\/01\/tap-791172_1920-768x512.jpg 768w, https:\/\/www.noworudzianin.pl\/WWW\/wp-content\/uploads\/2019\/01\/tap-791172_1920.jpg 1920w\" sizes=\"(max-width: 630px) 100vw, 630px\" \/><\/a><\/p>\n<p align=\"center\"><span style=\"color: #0000ff;\">Str. 3 w numerze 362 tygodnika \u201eNoworudzianin\u201d dost\u0119pnym w<\/span> <a href=\"https:\/\/www.noworudzianin.pl\/WWW\/archiwum\/rok-2019\/\" target=\"_blank\" rel=\"noopener\">archiwum<\/a>.<\/p>\n<p><script language=\"JavaScript\">\n<!--\nfunction FP_swapImg() {\/\/v1.0\n var doc=document,args=arguments,elm,n; doc.$imgSwaps=new Array(); for(n=2; n<args.length;\n n+=2) { elm=FP_getObjectByID(args[n]); if(elm) { doc.$imgSwaps[doc.$imgSwaps.length]=elm;\n elm.$src=elm.src; elm.src=args[n+1]; } }\n}\nfunction FP_preloadImgs() {\/\/v1.0\n var d=document,a=arguments; if(!d.FP_imgs) d.FP_imgs=new Array();\n for(var i=0; i<a.length; i++) { d.FP_imgs[i]=new Image; d.FP_imgs[i].src=a[i]; }\n}\nfunction FP_getObjectByID(id,o) {\/\/v1.0\n var c,el,els,f,m,n; if(!o)o=document; if(o.getElementById) el=o.getElementById(id);\n else if(o.layers) c=o.layers; else if(o.all) el=o.all[id]; if(el) return el;\n if(o.id==id || o.name==id) return o; if(o.childNodes) c=o.childNodes; if(c)\n for(n=0; n<c.length; n++) { el=FP_getObjectByID(id,c[n]); if(el) return el; }\n f=o.forms; if(f) for(n=0; n<f.length; n++) { els=f[n].elements;\n for(m=0; m<els.length; m++){ el=FP_getObjectByID(id,els[n]); if(el) return el; } }\n return null;\n}\n\/\/ -->\n<\/script><br \/>\n<body onload=\"FP_preloadImgs(\/*url*\/'http:\/\/www.noworudzianin.pl\/WWW\/images\/button53.jpg', \/*url*\/'http:\/\/www.noworudzianin.pl\/WWW\/images\/button52.jpg')\"><\/p>\n<p align=\"center\">\n\t\t\t<a target=\"_blank\" href=\"http:\/\/www.noworudzianin.pl\/WWW\/images\/362_b.jpg\"><br \/>\n\t\t\t<img loading=\"lazy\" decoding=\"async\" border=\"1\" src=\"http:\/\/www.noworudzianin.pl\/WWW\/images\/362_b_small.jpg\" width=\"221\" height=\"300\"><\/a><br \/>\n\t\t\t<font face=\"Verdana\">Numer 362<br \/>\n\t\t\t<font size=\"2\">11-17 stycznia 2019 r.  <\/font><\/font><br \/><a title=\"pobierz e-gazet\u0119\" onclick=\"window.open('\/egazeta\/index.php?n=362','Pobierz_egazete', 'menubar=no,toolbar=no,location=no,directories=no,status=no,scrollbars=no,resizable=no,fullscreen=no,channelmode=no,width=400,height=400').focus(); return false()\"><img loading=\"lazy\" decoding=\"async\" border=\"0\" id=\"img62\" src=\"http:\/\/www.noworudzianin.pl\/WWW\/images\/button51.jpg\" height=\"30\" width=\"150\" alt=\"Pobierz tutaj (pdf)\" onmouseover=\"FP_swapImg(1,0,\/*id*\/'img62',\/*url*\/'http:\/\/www.noworudzianin.pl\/WWW\/images\/button52.jpg')\" onmouseout=\"FP_swapImg(0,0,\/*id*\/'img62',\/*url*\/'http:\/\/www.noworudzianin.pl\/WWW\/images\/button51.jpg')\" onmousedown=\"FP_swapImg(1,0,\/*id*\/'img62',\/*url*\/'http:\/\/www.noworudzianin.pl\/WWW\/images\/button53.jpg')\" onmouseup=\"FP_swapImg(0,0,\/*id*\/'img62',\/*url*\/'http:\/\/www.noworudzianin.pl\/WWW\/images\/button52.jpg')\" fp-style=\"fp-btn: Glass Rectangle 1; fp-font-size: 12; fp-orig: 0\" fp-title=\"Pobierz tutaj (pdf)\"><\/a><\/p>\n","protected":false},"excerpt":{"rendered":"<p>Dwie podwy\u017cki za wod\u0119 i odprowadzanie \u015bciek\u00f3w dla mieszka\u0144c\u00f3w gminy Nowa Ruda w 2019 r.? Nie, podwy\u017cka tylko w czerwcu.<\/p>\n","protected":false},"author":4,"featured_media":11973,"comment_status":"open","ping_status":"closed","sticky":false,"template":"","format":"standard","meta":{"om_disable_all_campaigns":false,"_monsterinsights_skip_tracking":false,"_monsterinsights_sitenote_active":false,"_monsterinsights_sitenote_note":"","_monsterinsights_sitenote_category":0,"_uf_show_specific_survey":0,"_uf_disable_surveys":false,"footnotes":""},"categories":[2,29],"tags":[2288,20,5,3391,2311,3405],"aioseo_notices":[],"amp_enabled":true,"_links":{"self":[{"href":"https:\/\/www.noworudzianin.pl\/WWW\/wp-json\/wp\/v2\/posts\/11967"}],"collection":[{"href":"https:\/\/www.noworudzianin.pl\/WWW\/wp-json\/wp\/v2\/posts"}],"about":[{"href":"https:\/\/www.noworudzianin.pl\/WWW\/wp-json\/wp\/v2\/types\/post"}],"author":[{"embeddable":true,"href":"https:\/\/www.noworudzianin.pl\/WWW\/wp-json\/wp\/v2\/users\/4"}],"replies":[{"embeddable":true,"href":"https:\/\/www.noworudzianin.pl\/WWW\/wp-json\/wp\/v2\/comments?post=11967"}],"version-history":[{"count":1,"href":"https:\/\/www.noworudzianin.pl\/WWW\/wp-json\/wp\/v2\/posts\/11967\/revisions"}],"predecessor-version":[{"id":11975,"href":"https:\/\/www.noworudzianin.pl\/WWW\/wp-json\/wp\/v2\/posts\/11967\/revisions\/11975"}],"wp:featuredmedia":[{"embeddable":true,"href":"https:\/\/www.noworudzianin.pl\/WWW\/wp-json\/wp\/v2\/media\/11973"}],"wp:attachment":[{"href":"https:\/\/www.noworudzianin.pl\/WWW\/wp-json\/wp\/v2\/media?parent=11967"}],"wp:term":[{"taxonomy":"category","embeddable":true,"href":"https:\/\/www.noworudzianin.pl\/WWW\/wp-json\/wp\/v2\/categories?post=11967"},{"taxonomy":"post_tag","embeddable":true,"href":"https:\/\/www.noworudzianin.pl\/WWW\/wp-json\/wp\/v2\/tags?post=11967"}],"curies":[{"name":"wp","href":"https:\/\/api.w.org\/{rel}","templated":true}]}}