{"id":12396,"date":"2019-02-07T12:47:07","date_gmt":"2019-02-07T11:47:07","guid":{"rendered":"https:\/\/www.noworudzianin.pl\/WWW\/?p=12396"},"modified":"2019-02-07T12:47:07","modified_gmt":"2019-02-07T11:47:07","slug":"reforma-edukacji-nowe-wyzwania","status":"publish","type":"post","link":"https:\/\/www.noworudzianin.pl\/WWW\/2019\/02\/07\/reforma-edukacji-nowe-wyzwania\/","title":{"rendered":"Reforma edukacji \u2013 nowe wyzwania"},"content":{"rendered":"<p>Nadchodz\u0105cy nowy rok szkolny b\u0119dzie szczeg\u00f3lny dla szk\u00f3\u0142 \u015brednich. Po reformie systemu o\u015bwiaty, wprowadzonej przez rz\u0105d, 1 wrze\u015bnia pojawi\u0105 si\u0119 w\u00a0nich dwa roczniki uczni\u00f3w \u2013 absolwenci trzeciej klasy gimnazjum oraz \u00f3smej klasy szko\u0142y podstawowej. Podw\u00f3jny nab\u00f3r mo\u017ce rodzi\u0107 problemy, bo ka\u017cda szko\u0142a \u015brednia b\u0119dzie musia\u0142a teraz prowadzi\u0107 podw\u00f3jne roczniki: osobno dla tych uczni\u00f3w z\u00a0programem po gimnazjum i\u00a0dla tych po podstaw\u00f3wce.<\/p>\n<p>Zmiana w\u00a0o\u015bwiacie, kt\u00f3ra w\u00a0tym roku ma sw\u00f3j fina\u0142 poprzez kumulacj\u0119 uczni\u00f3w klas trzeciej gimnazj\u00f3w i\u00a0uczni\u00f3w klas \u00f3smych szk\u00f3\u0142 podstawowych, budzi wiele obaw w\u015br\u00f3d uczni\u00f3w i\u00a0ich rodzic\u00f3w. Chodzi m.in. o\u00a0dost\u0119p do wybranych szk\u00f3\u0142 \u015brednich. Szko\u0142y b\u0119d\u0105 zobowi\u0105zane do przyj\u0119cia dw\u00f3ch rocznik\u00f3w. Czy w\u00a0zwi\u0105zku z\u00a0tym budynki zostan\u0105 przepe\u0142nione? Czy te\u017c dla cz\u0119\u015bci uczni\u00f3w nie b\u0119dzie miejsc? W\u00a0Nowej Rudzie s\u0105 dwie szko\u0142y \u015brednie, kt\u00f3rych organem prowadz\u0105cym jest powiat k\u0142odzki: Noworudzka Szko\u0142a Techniczna i\u00a0Liceum Og\u00f3lnokszta\u0142c\u0105ce.<\/p>\n<p>\u2013 Noworudzka Szko\u0142a Techniczna jest przygotowana do przyj\u0119cia dw\u00f3ch rocznik\u00f3w. W\u00a0roku szkolnym 2019\/2020 nie ma te\u017c potrzeby zwi\u0119kszenia zatrudnienia w\u015br\u00f3d kadry pedagogicznej. Jedyny vacat, kt\u00f3ry b\u0119dzie to 1\/5 etatu dla nauczyciela geografii \u2013 informuje Brygida G\u0105sior, dyrektor NST w\u00a0Nowej Rudzie. \u2013 W\u00a0nadchodz\u0105cym roku szkolnym jeste\u015bmy w\u00a0stanie przyj\u0105\u0107 60 uczni\u00f3w do technikum po gimnazjum i\u00a060 po podstaw\u00f3wce. Do szko\u0142y bran\u017cowej 30 po gimnazjum i\u00a030 po podstaw\u00f3wce \u2013 dodaje.<\/p>\n<p>Zdecydowana wi\u0119kszo\u015b\u0107 uczni\u00f3w tej szko\u0142y, to mieszka\u0144cy dw\u00f3ch gmin noworudzkich i\u00a0gminy Radk\u00f3w, ale s\u0105 te\u017c uczniowie mieszkaj\u0105cy w\u00a0K\u0142odzku lub w\u00a0G\u0142uszycy.<\/p>\n<p>Jak do roku szkolnego 2019\/2020 przygotowuje si\u0119 Liceum Og\u00f3lnokszta\u0142c\u0105ce? Dyrektor Robert Zynkowski m\u00f3wi, \u017ce absolwenci gimnazj\u00f3w i\u00a0szk\u00f3\u0142 podstawowych spotkaj\u0105 si\u0119 w\u00a0jednej szkole, ale nie w\u00a0jednej klasie.<br \/>\n\u2013 Przyzwyczaili\u015bmy si\u0119 ju\u017c do ci\u0105g\u0142ych reform systemu o\u015bwiaty i\u00a0z\u00a0obecn\u0105 te\u017c sobie poradzili\u015bmy. Do zmian przygotowujemy si\u0119 ju\u017c od d\u0142u\u017cszego czasu, zar\u00f3wno pod wzgl\u0119dem organizacyjnym, jak i\u00a0dydaktycznym. Przewidujemy zwi\u0119kszenie liczby klas pierwszych w\u00a0roku szkolnym 2019\/2020, ale nie spowoduje to bardzo du\u017cego wzrostu liczby uczni\u00f3w w\u00a0naszej szkole. Lokalowo jeste\u015bmy do tego przygotowani. Zreszt\u0105 w\u00a0zwi\u0105zku z\u00a0tym mieli\u015bmy kontrol\u0119 Najwy\u017cszej Izby Kontroli, kt\u00f3ra nie wykaza\u0142a \u017cadnych nieprawid\u0142owo\u015bci. Nasza szko\u0142a jest przygotowana na utworzenie nawet 10 oddzia\u0142\u00f3w, co nie b\u0119dzie raczej potrzebne \u2013 wyja\u015bnia dyrektor. \u2013 Uczniowie po szko\u0142ach podstawowych b\u0119d\u0105 prowadzeni wed\u0142ug nowych ramowych plan\u00f3w nauczania, kt\u00f3re w\u0142a\u015bnie staram si\u0119 wdro\u017cy\u0107, a\u00a0absolwenci gimnazj\u00f3w wed\u0142ug starego planu \u2013 uzupe\u0142nia sw\u0105 wypowied\u017a Robert Zynkowski.<\/p>\n<p>Prawdopodobnie w\u00a0marcu dyrektorzy szk\u00f3\u0142 i\u00a0organ prowadz\u0105cy b\u0119d\u0105 mie\u0107 wi\u0119ksz\u0105 wiedz\u0119 na temat roku szkolnego 2019\/2020. Wed\u0142ug wst\u0119pnych kalkulacji liczba absolwent\u00f3w klas trzecich gimnazjum i\u00a0\u00f3smych szk\u00f3\u0142 podstawowych z\u00a0terenu dw\u00f3ch gmin noworudzkich, gminy Radk\u00f3w, a\u00a0tak\u017ce uczni\u00f3w mieszkaj\u0105cych na terenie gminy Nowa Ruda, a\u00a0ucz\u0105cych si\u0119 w\u00a0palc\u00f3wkach o\u015bwiatowych w\u00a0G\u0142uszycy wynosi ok. 688 os\u00f3b.<\/p>\n<p align=\"center\"><span style=\"color: #0000ff;\">Str. 11 w numerze 366 tygodnika \u201eNoworudzianin\u201d dost\u0119pnym w<\/span> <a href=\"https:\/\/www.noworudzianin.pl\/WWW\/archiwum\/rok-2019\/\" target=\"_blank\" rel=\"noopener\">archiwum<\/a>.<\/p>\n<p><script language=\"JavaScript\">\n<!--\nfunction FP_swapImg() {\/\/v1.0\n var doc=document,args=arguments,elm,n; doc.$imgSwaps=new Array(); for(n=2; n<args.length;\n n+=2) { elm=FP_getObjectByID(args[n]); if(elm) { doc.$imgSwaps[doc.$imgSwaps.length]=elm;\n elm.$src=elm.src; elm.src=args[n+1]; } }\n}\nfunction FP_preloadImgs() {\/\/v1.0\n var d=document,a=arguments; if(!d.FP_imgs) d.FP_imgs=new Array();\n for(var i=0; i<a.length; i++) { d.FP_imgs[i]=new Image; d.FP_imgs[i].src=a[i]; }\n}\nfunction FP_getObjectByID(id,o) {\/\/v1.0\n var c,el,els,f,m,n; if(!o)o=document; if(o.getElementById) el=o.getElementById(id);\n else if(o.layers) c=o.layers; else if(o.all) el=o.all[id]; if(el) return el;\n if(o.id==id || o.name==id) return o; if(o.childNodes) c=o.childNodes; if(c)\n for(n=0; n<c.length; n++) { el=FP_getObjectByID(id,c[n]); if(el) return el; }\n f=o.forms; if(f) for(n=0; n<f.length; n++) { els=f[n].elements;\n for(m=0; m<els.length; m++){ el=FP_getObjectByID(id,els[n]); if(el) return el; } }\n return null;\n}\n\/\/ -->\n<\/script><br \/>\n<body onload=\"FP_preloadImgs(\/*url*\/'http:\/\/www.noworudzianin.pl\/WWW\/images\/button53.jpg', \/*url*\/'http:\/\/www.noworudzianin.pl\/WWW\/images\/button52.jpg')\"><\/p>\n<p align=\"center\">\n\t\t\t<a target=\"_blank\" href=\"http:\/\/www.noworudzianin.pl\/WWW\/images\/366_b.jpg\"><br \/>\n\t\t\t<img loading=\"lazy\" decoding=\"async\" border=\"1\" src=\"http:\/\/www.noworudzianin.pl\/WWW\/images\/366_b_small.jpg\" width=\"221\" height=\"300\"><\/a><br \/>\n\t\t\t<font face=\"Verdana\">Numer 366<br \/>\n\t\t\t<font size=\"2\">8-14 lutego 2019 r.  <\/font><\/font><br \/><a title=\"pobierz e-gazet\u0119\" onclick=\"window.open('\/egazeta\/index.php?n=366','Pobierz_egazete', 'menubar=no,toolbar=no,location=no,directories=no,status=no,scrollbars=no,resizable=no,fullscreen=no,channelmode=no,width=400,height=400').focus(); return false()\"><img loading=\"lazy\" decoding=\"async\" border=\"0\" id=\"img62\" src=\"http:\/\/www.noworudzianin.pl\/WWW\/images\/button51.jpg\" height=\"30\" width=\"150\" alt=\"Pobierz tutaj (pdf)\" onmouseover=\"FP_swapImg(1,0,\/*id*\/'img62',\/*url*\/'http:\/\/www.noworudzianin.pl\/WWW\/images\/button52.jpg')\" onmouseout=\"FP_swapImg(0,0,\/*id*\/'img62',\/*url*\/'http:\/\/www.noworudzianin.pl\/WWW\/images\/button51.jpg')\" onmousedown=\"FP_swapImg(1,0,\/*id*\/'img62',\/*url*\/'http:\/\/www.noworudzianin.pl\/WWW\/images\/button53.jpg')\" onmouseup=\"FP_swapImg(0,0,\/*id*\/'img62',\/*url*\/'http:\/\/www.noworudzianin.pl\/WWW\/images\/button52.jpg')\" fp-style=\"fp-btn: Glass Rectangle 1; fp-font-size: 12; fp-orig: 0\" fp-title=\"Pobierz tutaj (pdf)\"><\/a><\/p>\n","protected":false},"excerpt":{"rendered":"<p>Nadchodz\u0105cy nowy rok szkolny b\u0119dzie szczeg\u00f3lny dla szk\u00f3\u0142 \u015brednich. Po reformie systemu o\u015bwiaty, wprowadzonej przez rz\u0105d, 1 wrze\u015bnia pojawi\u0105 si\u0119<\/p>\n","protected":false},"author":4,"featured_media":12414,"comment_status":"open","ping_status":"closed","sticky":false,"template":"","format":"standard","meta":{"om_disable_all_campaigns":false,"_monsterinsights_skip_tracking":false,"_monsterinsights_sitenote_active":false,"_monsterinsights_sitenote_note":"","_monsterinsights_sitenote_category":0,"_uf_show_specific_survey":0,"_uf_disable_surveys":false,"footnotes":""},"categories":[2,29,9,6,128],"tags":[20,5,3474,3478],"aioseo_notices":[],"amp_enabled":true,"_links":{"self":[{"href":"https:\/\/www.noworudzianin.pl\/WWW\/wp-json\/wp\/v2\/posts\/12396"}],"collection":[{"href":"https:\/\/www.noworudzianin.pl\/WWW\/wp-json\/wp\/v2\/posts"}],"about":[{"href":"https:\/\/www.noworudzianin.pl\/WWW\/wp-json\/wp\/v2\/types\/post"}],"author":[{"embeddable":true,"href":"https:\/\/www.noworudzianin.pl\/WWW\/wp-json\/wp\/v2\/users\/4"}],"replies":[{"embeddable":true,"href":"https:\/\/www.noworudzianin.pl\/WWW\/wp-json\/wp\/v2\/comments?post=12396"}],"version-history":[{"count":1,"href":"https:\/\/www.noworudzianin.pl\/WWW\/wp-json\/wp\/v2\/posts\/12396\/revisions"}],"predecessor-version":[{"id":12415,"href":"https:\/\/www.noworudzianin.pl\/WWW\/wp-json\/wp\/v2\/posts\/12396\/revisions\/12415"}],"wp:featuredmedia":[{"embeddable":true,"href":"https:\/\/www.noworudzianin.pl\/WWW\/wp-json\/wp\/v2\/media\/12414"}],"wp:attachment":[{"href":"https:\/\/www.noworudzianin.pl\/WWW\/wp-json\/wp\/v2\/media?parent=12396"}],"wp:term":[{"taxonomy":"category","embeddable":true,"href":"https:\/\/www.noworudzianin.pl\/WWW\/wp-json\/wp\/v2\/categories?post=12396"},{"taxonomy":"post_tag","embeddable":true,"href":"https:\/\/www.noworudzianin.pl\/WWW\/wp-json\/wp\/v2\/tags?post=12396"}],"curies":[{"name":"wp","href":"https:\/\/api.w.org\/{rel}","templated":true}]}}