{"id":12613,"date":"2019-02-21T13:10:55","date_gmt":"2019-02-21T12:10:55","guid":{"rendered":"https:\/\/www.noworudzianin.pl\/WWW\/?p=12613"},"modified":"2019-07-31T10:49:25","modified_gmt":"2019-07-31T08:49:25","slug":"festiwalowych-potyczek-ciag-dalszy","status":"publish","type":"post","link":"https:\/\/www.noworudzianin.pl\/WWW\/2019\/02\/21\/festiwalowych-potyczek-ciag-dalszy\/","title":{"rendered":"Festiwalowych potyczek ci\u0105g dalszy"},"content":{"rendered":"<p>Jak ju\u017c informowali\u015bmy gmina Nowa Ruda wycofa\u0142a si\u0119 ze wsp\u00f3\u0142organizacji, a co za tym idzie wsp\u00f3\u0142finansowania Mi\u0119dzynarodowego Festiwalu Folkloru<!--more--> w Nowej Rudzie. Ta presti\u017cowa impreza odb\u0119dzie si\u0119 w tym roku od 7-11 sierpnia. Miejski O\u015brodek Kultury w Nowej Rudzie ma ju\u017c nowego partnera<\/p>\n<p>Podczas sesji Rady Gminy Nowa Ruda, kt\u00f3ra odby\u0142a si\u0119 30 stycznia, Bo\u017cena So\u0142ek-Muzyka, przewodnicz\u0105ca Rady Gminy Nowa Ruda, zada\u0142a w\u0142adzom gminy pytania zwi\u0105zane z przyczyn\u0105 takiej decyzji. Do odbywaj\u0105cej si\u0119 rok rocznie od wielu lat imprezy folklorystycznej, kt\u00f3ra odbywa\u0142a si\u0119 na terenie nadle\u015bnictwa w Jugowie zd\u0105\u017cono si\u0119 ju\u017c przyzwyczai\u0107. By\u0142 to dla mieszka\u0144c\u00f3w gminy dzie\u0144 rozrywki, spotka\u0144 i zapoznanie si\u0119 z kultur\u0105 reprezentowan\u0105 przez zespo\u0142y folklorystyczne z najdalszych zak\u0105tk\u00f3w \u015bwiata. W odpowiedzi na pytania radnej zast\u0119pca w\u00f3jta gminy Nowa Ruda Ryszard Czerwewaty napisa\u0142 m.in. \u201eW kalendarzu imprez Centrum Kultury Gminy Nowa Ruda w Ludwikowicach K\u0142odzkich na 2019 rok nie zosta\u0142a uj\u0119ta wsp\u00f3\u0142organizacja Mi\u0119dzynarodowego Festiwalu Folkloru w Jugowie. Zasadniczym powodem nieuwzgl\u0119dnienia tego wydarzenia jest na\u0142o\u017cenie si\u0119 w tym samym czasie Mi\u0119dzynarodowego Festiwalu Folkloru z Biegiem na Wielk\u0105 Sow\u0119, kt\u00f3ry w ci\u0105gu ostatnich trzech lat wyr\u00f3s\u0142 na jedn\u0105 z najlepszych imprez biegowych w Polsce. Ze wzgl\u0119d\u00f3w organizacyjnych nie jest mo\u017cliwe zapewnienie sprawnego przebiegu dw\u00f3ch imprez w jednym terminie. Na oba terminy CKGNR nie mamy wp\u0142ywu, bowiem dat\u0119 Mi\u0119dzynarodowego Festiwalu Folkloru ustalaj\u0105 w\u0142adze Strzegomia (b\u0119d\u0105cymi g\u0142\u00f3wnym organizatorem wydarzenia), a termin Biegu na Wielk\u0105 Sow\u0119 zosta\u0142 uzgodniony przed laty, tak by nie kolidowa\u0142 z innymi du\u017cymi biegami zawartymi w kalendarzu Ligi Bieg\u00f3w G\u00f3rskich. Podejmowali\u015bmy rozmowy na temat ewentualnego przesuni\u0119cia z soboty na pi\u0105tek Mi\u0119dzynarodowego Festiwalu Folkloru, ale nasze pro\u015bby niestety nie zosta\u0142y uwzgl\u0119dnione.<\/p>\n<p>Opracowanie kalendarza imprez CKGNR, ich kszta\u0142t i poziom organizacyjny nale\u017cy do kompetencji dyrektora CKGNR. Uwagi dotycz\u0105ce przydzielania zbyt kr\u00f3tkiego czasu na zaprezentowanie swojego repertuaru oraz do braku publiczno\u015bci podczas ich wyst\u0119p\u00f3w zg\u0142aszali przedstawiciele niekt\u00f3rych K\u00f3\u0142 Gospody\u0144 Wiejskich. Niestety ich pro\u015bby nie mog\u0142y by\u0107 uwzgl\u0119dnione, poniewa\u017c w trakcie Festiwalu nie ma mo\u017cliwo\u015bci wyd\u0142u\u017cenia czasu na wyst\u0119py K\u00f3\u0142 Gospody\u0144 Wiejskich, a nieprzestrzeganie \u015bci\u015ble okre\u015blonego scenariusza wyst\u0119p\u00f3w by\u0142o krytykowane ze strony organizator\u00f3w. Ka\u017cda wi\u0119ksza impreza organizowana na terenie Gminy Nowa Ruda jest jej promocj\u0105. Ze wzgl\u0119du na zasi\u0119g wydarzenia maj\u0105 one wi\u0119ksze lub mniejsze znaczenie. Mi\u0119dzynarodowy Festiwal Folkloru jest jedynie wydarzeniem o zasi\u0119gu lokalnym, a zatem odgrywa du\u017co mniejsz\u0105 rol\u0119, je\u015bli chodzi o promocj\u0119 Gminy Nowa Ruda w por\u00f3wnaniu do innych imprez organizowanych przez CKGNR o zasi\u0119gu mi\u0119dzynarodowym, og\u00f3lnopolskim i regionalnym takich jak chocia\u017cby: Bieg na Wielk\u0105 Sow\u0119, Festiwal G\u00f3ry Literatury, G\u00f3rski Bieg Niepodleg\u0142o\u015bci, Mini Sowa, \u015apiewanie pod Or\u0142em\u201d. <\/p>\n<p>Koszt jednorazowej edycji Mi\u0119dzynarodowego Festiwalu Folkloru w Jugowie jakie ponosi\u0142a gmina Nowa Ruda to kwota oko\u0142o 42.000,00 z\u0142 plus koszty zwi\u0105zane z z zabezpieczeniem imprezy oraz budow\u0105 sceny przez druh\u00f3w z Ochotniczych Stra\u017cy Po\u017carnych. <\/p>\n<p>Zaistnia\u0142ej sytuacji i argument\u00f3w przedstawionych przez w\u0142adze gminy nie chcia\u0142 komentowa\u0107 Wojciech Ko\u0142odziej, dyrektor Miejskiego O\u015brodka Kultury w Nowej Rudzie, informuj\u0105c tym samym, \u017ce nowym partnerem przy wsp\u00f3\u0142organizacji XXVII Mi\u0119dzynarodowego Festiwalu Folkloru w Nowej Rudzie zosta\u0142a Kudowa-Zdr\u00f3j.<\/p>\n<p align=\"center\"><span style=\"color: #0000ff;\">Str. 5 w numerze 368 tygodnika \u201eNoworudzianin\u201d dost\u0119pnym w<\/span> <a href=\"https:\/\/www.noworudzianin.pl\/WWW\/archiwum\/rok-2019\/\" target=\"_blank\" rel=\"noopener noreferrer\">archiwum<\/a>.<\/p>\n<p><script language=\"JavaScript\">\n<!--\nfunction FP_swapImg() {\/\/v1.0\n var doc=document,args=arguments,elm,n; doc.$imgSwaps=new Array(); for(n=2; n<args.length;\n n+=2) { elm=FP_getObjectByID(args[n]); if(elm) { doc.$imgSwaps[doc.$imgSwaps.length]=elm;\n elm.$src=elm.src; elm.src=args[n+1]; } }\n}\nfunction FP_preloadImgs() {\/\/v1.0\n var d=document,a=arguments; if(!d.FP_imgs) d.FP_imgs=new Array();\n for(var i=0; i<a.length; i++) { d.FP_imgs[i]=new Image; d.FP_imgs[i].src=a[i]; }\n}\nfunction FP_getObjectByID(id,o) {\/\/v1.0\n var c,el,els,f,m,n; if(!o)o=document; if(o.getElementById) el=o.getElementById(id);\n else if(o.layers) c=o.layers; else if(o.all) el=o.all[id]; if(el) return el;\n if(o.id==id || o.name==id) return o; if(o.childNodes) c=o.childNodes; if(c)\n for(n=0; n<c.length; n++) { el=FP_getObjectByID(id,c[n]); if(el) return el; }\n f=o.forms; if(f) for(n=0; n<f.length; n++) { els=f[n].elements;\n for(m=0; m<els.length; m++){ el=FP_getObjectByID(id,els[n]); if(el) return el; } }\n return null;\n}\n\/\/ -->\n<\/script><br \/>\n<body onload=\"FP_preloadImgs(\/*url*\/'http:\/\/www.noworudzianin.pl\/WWW\/images\/button53.jpg', \/*url*\/'http:\/\/www.noworudzianin.pl\/WWW\/images\/button52.jpg')\"><\/p>\n<p align=\"center\">\n\t\t\t<a target=\"_blank\" href=\"http:\/\/www.noworudzianin.pl\/WWW\/images\/368_b.jpg\" rel=\"noopener noreferrer\"><br \/>\n\t\t\t<img loading=\"lazy\" decoding=\"async\" border=\"1\" src=\"http:\/\/www.noworudzianin.pl\/WWW\/images\/368_b_small.jpg\" width=\"221\" height=\"300\"><\/a><br \/>\n\t\t\t<font face=\"Verdana\">Numer 368<br \/>\n\t\t\t<font size=\"2\">22-28 lutego 2019 r.  <\/font><\/font><br \/><a title=\"pobierz e-gazet\u0119\" onclick=\"window.open('\/egazeta\/index.php?n=368','Pobierz_egazete', 'menubar=no,toolbar=no,location=no,directories=no,status=no,scrollbars=no,resizable=no,fullscreen=no,channelmode=no,width=400,height=400').focus(); return false()\"><img loading=\"lazy\" decoding=\"async\" border=\"0\" id=\"img62\" src=\"http:\/\/www.noworudzianin.pl\/WWW\/images\/button51.jpg\" height=\"30\" width=\"150\" alt=\"Pobierz tutaj (pdf)\" onmouseover=\"FP_swapImg(1,0,\/*id*\/'img62',\/*url*\/'http:\/\/www.noworudzianin.pl\/WWW\/images\/button52.jpg')\" onmouseout=\"FP_swapImg(0,0,\/*id*\/'img62',\/*url*\/'http:\/\/www.noworudzianin.pl\/WWW\/images\/button51.jpg')\" onmousedown=\"FP_swapImg(1,0,\/*id*\/'img62',\/*url*\/'http:\/\/www.noworudzianin.pl\/WWW\/images\/button53.jpg')\" onmouseup=\"FP_swapImg(0,0,\/*id*\/'img62',\/*url*\/'http:\/\/www.noworudzianin.pl\/WWW\/images\/button52.jpg')\" fp-style=\"fp-btn: Glass Rectangle 1; fp-font-size: 12; fp-orig: 0\" fp-title=\"Pobierz tutaj (pdf)\"><\/a><\/p>\n","protected":false},"excerpt":{"rendered":"<p>Jak ju\u017c informowali\u015bmy gmina Nowa Ruda wycofa\u0142a si\u0119 ze wsp\u00f3\u0142organizacji, a co za tym idzie wsp\u00f3\u0142finansowania Mi\u0119dzynarodowego Festiwalu Folkloru<\/p>\n","protected":false},"author":4,"featured_media":12643,"comment_status":"open","ping_status":"closed","sticky":false,"template":"","format":"standard","meta":{"om_disable_all_campaigns":false,"_monsterinsights_skip_tracking":false,"_monsterinsights_sitenote_active":false,"_monsterinsights_sitenote_note":"","_monsterinsights_sitenote_category":0,"_uf_show_specific_survey":0,"_uf_disable_surveys":false,"footnotes":""},"categories":[2,31,29,6,32],"tags":[2288,3511,1409,3512,20,5,3506,2311,35],"aioseo_notices":[],"amp_enabled":true,"_links":{"self":[{"href":"https:\/\/www.noworudzianin.pl\/WWW\/wp-json\/wp\/v2\/posts\/12613"}],"collection":[{"href":"https:\/\/www.noworudzianin.pl\/WWW\/wp-json\/wp\/v2\/posts"}],"about":[{"href":"https:\/\/www.noworudzianin.pl\/WWW\/wp-json\/wp\/v2\/types\/post"}],"author":[{"embeddable":true,"href":"https:\/\/www.noworudzianin.pl\/WWW\/wp-json\/wp\/v2\/users\/4"}],"replies":[{"embeddable":true,"href":"https:\/\/www.noworudzianin.pl\/WWW\/wp-json\/wp\/v2\/comments?post=12613"}],"version-history":[{"count":6,"href":"https:\/\/www.noworudzianin.pl\/WWW\/wp-json\/wp\/v2\/posts\/12613\/revisions"}],"predecessor-version":[{"id":15991,"href":"https:\/\/www.noworudzianin.pl\/WWW\/wp-json\/wp\/v2\/posts\/12613\/revisions\/15991"}],"wp:featuredmedia":[{"embeddable":true,"href":"https:\/\/www.noworudzianin.pl\/WWW\/wp-json\/wp\/v2\/media\/12643"}],"wp:attachment":[{"href":"https:\/\/www.noworudzianin.pl\/WWW\/wp-json\/wp\/v2\/media?parent=12613"}],"wp:term":[{"taxonomy":"category","embeddable":true,"href":"https:\/\/www.noworudzianin.pl\/WWW\/wp-json\/wp\/v2\/categories?post=12613"},{"taxonomy":"post_tag","embeddable":true,"href":"https:\/\/www.noworudzianin.pl\/WWW\/wp-json\/wp\/v2\/tags?post=12613"}],"curies":[{"name":"wp","href":"https:\/\/api.w.org\/{rel}","templated":true}]}}