{"id":12828,"date":"2019-03-07T15:12:05","date_gmt":"2019-03-07T14:12:05","guid":{"rendered":"https:\/\/www.noworudzianin.pl\/WWW\/?p=12828"},"modified":"2019-03-07T15:12:30","modified_gmt":"2019-03-07T14:12:30","slug":"beda-produkowac-prad-w-woliborzu","status":"publish","type":"post","link":"https:\/\/www.noworudzianin.pl\/WWW\/2019\/03\/07\/beda-produkowac-prad-w-woliborzu\/","title":{"rendered":"B\u0119d\u0105 produkowa\u0107 pr\u0105d w Woliborzu"},"content":{"rendered":"<p>W \u015brod\u0119 27 lutego podczas sesji Rady Gminy Nowa Ruda podj\u0119to jednog\u0142o\u015bnie uchwa\u0142\u0119 w sprawie miejscowego planu zagospodarowania przestrzennego<!--more--> dla dzia\u0142ek nr 1 i 52 AM 1 po\u0142o\u017conych w obr\u0119bie Woliborza<\/p>\n<p>\u2013 W styczniu 2018 roku rada podj\u0119\u0142a uchwa\u0142\u0119 inicjuj\u0105c\u0105 w tej sprawie. S\u0105 to dzia\u0142ki stanowi\u0105ce obecnie grunt rolny niskich klas po\u0142o\u017cony na wschodnim kra\u0144cu obr\u0119bu w bezpo\u015brednim s\u0105siedztwie z granicami miasta Nowa Ruda \u2013 m\u00f3wi\u0142 Jerzy Ulanicki, autor projektu. \u2013 Celem planu jest przeznaczenie tych nieruchomo\u015bci na dzia\u0142alno\u015b\u0107 zwi\u0105zan\u0105 z produkcj\u0105 energii ze \u017ar\u00f3de\u0142 odnawialnych. Chodzi o ogniwa fotowoltaiczne o mocy przekraczaj\u0105cej 100 kW. Tutaj nale\u017cy si\u0119 wyja\u015bnienie, \u017ce w przypadkach zamiar\u00f3w sporz\u0105dzenia plan\u00f3w dla tego typu inwestycji o mocy przekraczaj\u0105cej 100 kW takie tereny wyznacza si\u0119 uprzednio w studium uwarunkowa\u0144 i kierunk\u00f3w zagospodarowania przestrzennego gminy. I tak te\u017c si\u0119 sta\u0142o, poniewa\u017c te obszary zosta\u0142y wskazane w studium obowi\u0105zuj\u0105cym jako tereny potencjalnie przeznaczone na tego rodzaju inwestycje. W zwi\u0105zku z tym, w zgodzie z ustaleniami studium, zaproponowano projekt miejscowego planu zagospodarowania przestrzennego. W \u015blad za przeznaczeniem tego terenu ustala si\u0119 warunki i zasady zagospodarowania terenu. W tym przypadku nie b\u0119dzie tam wyst\u0119powa\u0142a zabudowa tylko urz\u0105dze\u0144, kt\u00f3re b\u0119d\u0105 wytwarza\u0142y energi\u0119 i ewentualnie towarzysz\u0105ce, kt\u00f3re b\u0119d\u0105 s\u0142u\u017cy\u0107 jej przesy\u0142owi \u2013 doda\u0142. <\/p>\n<p>Przeprowadzono ca\u0142\u0105 procedur\u0119 formalno-prawn\u0105 przewidzian\u0105 w ustawie o planowaniu i zagospodarowaniu przestrzennym.<br \/>\n\u2013 Zosta\u0142y zebrane wnioski, projekt zosta\u0142 zaopiniowany i uzgodniony przez wymagane instytucje w tym przez Gminn\u0105 Komisj\u0119 Urbanistyczno-Architektoniczn\u0105 \u2013 t\u0142umaczy\u0142 projektant. \u2013 Nast\u0119pnie projekt planu zosta\u0142 wy\u0142o\u017cony do publicznego wgl\u0105du. To si\u0119 odby\u0142o w styczniu br. Nie wp\u0142yn\u0119\u0142y w trakcie wy\u0142o\u017cenia \u017cadne uwagi, w zwi\u0105zku z tym projekt planu zosta\u0142 przed\u0142o\u017cony do uchwalenia &#8211; wyja\u015bni\u0142.<\/p>\n<p>\u2013 Reprezentuj\u0119 sp\u00f3\u0142k\u0119 \u201eSol Power\u201d, kt\u00f3ra wywodzi si\u0119 ze sp\u00f3\u0142ki stricte energetycznej. Chc\u0119 przez to powiedzie\u0107, \u017ce nie wzi\u0119li\u015bmy si\u0119 z niczego. Bierzemy udzia\u0142 w budowie elektrowni od Islandii do W\u0142och oraz w modernizacji Elektrowni Opole i innych. Zajmujemy si\u0119 energi\u0105 odnawialn\u0105, szczeg\u00f3lnie fotowoltaiczn\u0105 \u2013 m\u00f3wi\u0142 Lech Fabiszewski, prezes firmy \u201eSol Power Sp. z o.o.\u201d \u2013 Dzia\u0142ka nr 1 w Woliborzu zajmuje prawie 2 ha a dzia\u0142ka nr 52 to nieco ponad 4 ha. Po\u0142o\u017cenie jest bardzo dobre, na po\u0142udniowym \u0142agodnym stoku. Na pierwszej dzia\u0142ce powstanie jedna instalacja o mocy 1 megawata a na drugiej dzia\u0142ce powstan\u0105 dwie instalacje o tej samej mocy, co zwi\u0105zane jest z ekonomi\u0105 \u2013 doda\u0142.<\/p>\n<p><strong>Kiedy to si\u0119 stanie?<\/strong><br \/>\nG\u0142osowanie rady z dnia 27 lutego to jest punkt wyj\u015bcia do dalszych dzia\u0142a\u0144.<br \/>\n\u2013 Z ko\u0144cem marca, po uprawomocnieniu si\u0119 tej uchwa\u0142y, sk\u0142adamy w Wa\u0142brzychu w Tauronie wnioski o warunki przy\u0142\u0105cza. Integraln\u0105 cz\u0119\u015bci\u0105 wniosku jest prawomocna uchwa\u0142a \u2013 t\u0142umaczy\u0142 prezes Fabiszewski. \u2013 Ustawa m\u00f3wi, \u017ce Zak\u0142ad Energetyczny ma obowi\u0105zek wyda\u0107 decyzj\u0119 o warunkach zabudowy do 150 dni. My\u015bl\u0119, \u017ce w naszym przypadku nie przekroczy to 3 miesi\u0119cy bo nie siedzimy na miejscu tylko dzia\u0142amy. Maj\u0105c warunki przy\u0142\u0105cza, maj\u0105c plan w czerwcu mo\u017cna zaczyna\u0107 faz\u0119 projektow\u0105, kt\u00f3ra potrwa par\u0119 miesi\u0119cy. Nie jest problemem zaprojektowanie &#8211; to mo\u017cna zrobi\u0107 w miesi\u0105c, ale problem b\u0119dzie z przy\u0142\u0105czem. Nie wiemy bowiem przez kt\u00f3re grunty b\u0119dzie i\u015b\u0107. S\u0105 r\u00f3\u017cni w\u0142a\u015bciciele, trzeba podpisywa\u0107 porozumienia itd. To b\u0119dzie okres najtrudniejszy. \u015amiem twierdzi\u0107, \u017ce do ko\u0144ca roku na pewno z\u0142o\u017cymy wnioski o pozwolenie na budow\u0119. Czyli temat wr\u00f3ci wiosn\u0105 przysz\u0142ego roku. Okres budowy takiej instalacji to jest jakie\u015b 3 miesi\u0105ce \u2013 dodaje.<\/p>\n<p align=\"center\"><span style=\"color: #0000ff;\">Str. 5 w numerze 370 tygodnika \u201eNoworudzianin\u201d dost\u0119pnym w<\/span> <a href=\"https:\/\/www.noworudzianin.pl\/WWW\/archiwum\/rok-2019\/\" target=\"_blank\" rel=\"noopener noreferrer\">archiwum<\/a>.<\/p>\n<p><script language=\"JavaScript\">\n<!--\nfunction FP_swapImg() {\/\/v1.0\n var doc=document,args=arguments,elm,n; doc.$imgSwaps=new Array(); for(n=2; n<args.length;\n n+=2) { elm=FP_getObjectByID(args[n]); if(elm) { doc.$imgSwaps[doc.$imgSwaps.length]=elm;\n elm.$src=elm.src; elm.src=args[n+1]; } }\n}\nfunction FP_preloadImgs() {\/\/v1.0\n var d=document,a=arguments; if(!d.FP_imgs) d.FP_imgs=new Array();\n for(var i=0; i<a.length; i++) { d.FP_imgs[i]=new Image; d.FP_imgs[i].src=a[i]; }\n}\nfunction FP_getObjectByID(id,o) {\/\/v1.0\n var c,el,els,f,m,n; if(!o)o=document; if(o.getElementById) el=o.getElementById(id);\n else if(o.layers) c=o.layers; else if(o.all) el=o.all[id]; if(el) return el;\n if(o.id==id || o.name==id) return o; if(o.childNodes) c=o.childNodes; if(c)\n for(n=0; n<c.length; n++) { el=FP_getObjectByID(id,c[n]); if(el) return el; }\n f=o.forms; if(f) for(n=0; n<f.length; n++) { els=f[n].elements;\n for(m=0; m<els.length; m++){ el=FP_getObjectByID(id,els[n]); if(el) return el; } }\n return null;\n}\n\/\/ -->\n<\/script><br \/>\n<body onload=\"FP_preloadImgs(\/*url*\/'http:\/\/www.noworudzianin.pl\/WWW\/images\/button53.jpg', \/*url*\/'http:\/\/www.noworudzianin.pl\/WWW\/images\/button52.jpg')\"><\/p>\n<p align=\"center\">\n\t\t\t<a target=\"_blank\" href=\"http:\/\/www.noworudzianin.pl\/WWW\/images\/370_b.jpg\" rel=\"noopener noreferrer\"><br \/>\n\t\t\t<img loading=\"lazy\" decoding=\"async\" border=\"1\" src=\"http:\/\/www.noworudzianin.pl\/WWW\/images\/370_b_small.jpg\" width=\"221\" height=\"300\"><\/a><br \/>\n\t\t\t<font face=\"Verdana\">Numer 370<br \/>\n\t\t\t<font size=\"2\">8-14 marca 2019 r.  <\/font><\/font><br \/><a title=\"pobierz e-gazet\u0119\" onclick=\"window.open('\/egazeta\/index.php?n=370','Pobierz_egazete', 'menubar=no,toolbar=no,location=no,directories=no,status=no,scrollbars=no,resizable=no,fullscreen=no,channelmode=no,width=400,height=400').focus(); return false()\"><img loading=\"lazy\" decoding=\"async\" border=\"0\" id=\"img62\" src=\"http:\/\/www.noworudzianin.pl\/WWW\/images\/button51.jpg\" height=\"30\" width=\"150\" alt=\"Pobierz tutaj (pdf)\" onmouseover=\"FP_swapImg(1,0,\/*id*\/'img62',\/*url*\/'http:\/\/www.noworudzianin.pl\/WWW\/images\/button52.jpg')\" onmouseout=\"FP_swapImg(0,0,\/*id*\/'img62',\/*url*\/'http:\/\/www.noworudzianin.pl\/WWW\/images\/button51.jpg')\" onmousedown=\"FP_swapImg(1,0,\/*id*\/'img62',\/*url*\/'http:\/\/www.noworudzianin.pl\/WWW\/images\/button53.jpg')\" onmouseup=\"FP_swapImg(0,0,\/*id*\/'img62',\/*url*\/'http:\/\/www.noworudzianin.pl\/WWW\/images\/button52.jpg')\" fp-style=\"fp-btn: Glass Rectangle 1; fp-font-size: 12; fp-orig: 0\" fp-title=\"Pobierz tutaj (pdf)\"><\/a><\/p>\n","protected":false},"excerpt":{"rendered":"<p>W \u015brod\u0119 27 lutego podczas sesji Rady Gminy Nowa Ruda podj\u0119to jednog\u0142o\u015bnie uchwa\u0142\u0119 w sprawie miejscowego planu zagospodarowania przestrzennego<\/p>\n","protected":false},"author":4,"featured_media":12837,"comment_status":"open","ping_status":"closed","sticky":false,"template":"","format":"standard","meta":{"om_disable_all_campaigns":false,"_monsterinsights_skip_tracking":false,"_monsterinsights_sitenote_active":false,"_monsterinsights_sitenote_note":"","_monsterinsights_sitenote_category":0,"_uf_show_specific_survey":0,"_uf_disable_surveys":false,"footnotes":""},"categories":[2,29,118],"tags":[3554,86,3555,3557,20,5,3541,3556,130],"aioseo_notices":[],"amp_enabled":true,"_links":{"self":[{"href":"https:\/\/www.noworudzianin.pl\/WWW\/wp-json\/wp\/v2\/posts\/12828"}],"collection":[{"href":"https:\/\/www.noworudzianin.pl\/WWW\/wp-json\/wp\/v2\/posts"}],"about":[{"href":"https:\/\/www.noworudzianin.pl\/WWW\/wp-json\/wp\/v2\/types\/post"}],"author":[{"embeddable":true,"href":"https:\/\/www.noworudzianin.pl\/WWW\/wp-json\/wp\/v2\/users\/4"}],"replies":[{"embeddable":true,"href":"https:\/\/www.noworudzianin.pl\/WWW\/wp-json\/wp\/v2\/comments?post=12828"}],"version-history":[{"count":2,"href":"https:\/\/www.noworudzianin.pl\/WWW\/wp-json\/wp\/v2\/posts\/12828\/revisions"}],"predecessor-version":[{"id":12839,"href":"https:\/\/www.noworudzianin.pl\/WWW\/wp-json\/wp\/v2\/posts\/12828\/revisions\/12839"}],"wp:featuredmedia":[{"embeddable":true,"href":"https:\/\/www.noworudzianin.pl\/WWW\/wp-json\/wp\/v2\/media\/12837"}],"wp:attachment":[{"href":"https:\/\/www.noworudzianin.pl\/WWW\/wp-json\/wp\/v2\/media?parent=12828"}],"wp:term":[{"taxonomy":"category","embeddable":true,"href":"https:\/\/www.noworudzianin.pl\/WWW\/wp-json\/wp\/v2\/categories?post=12828"},{"taxonomy":"post_tag","embeddable":true,"href":"https:\/\/www.noworudzianin.pl\/WWW\/wp-json\/wp\/v2\/tags?post=12828"}],"curies":[{"name":"wp","href":"https:\/\/api.w.org\/{rel}","templated":true}]}}