{"id":13179,"date":"2019-03-20T08:07:15","date_gmt":"2019-03-20T07:07:15","guid":{"rendered":"https:\/\/www.noworudzianin.pl\/WWW\/?p=13179"},"modified":"2019-04-15T10:00:53","modified_gmt":"2019-04-15T08:00:53","slug":"zdobadz-album-noworudzkie-cztery-pory-roku-t-blechingera","status":"publish","type":"post","link":"https:\/\/www.noworudzianin.pl\/WWW\/2019\/03\/20\/zdobadz-album-noworudzkie-cztery-pory-roku-t-blechingera\/","title":{"rendered":"Zdob\u0105d\u017a album \u201eNoworudzkie cztery pory roku\u201d T. Blechingera"},"content":{"rendered":"<p>Zapraszamy wszystkich ch\u0119tnych do wsp\u00f3lnej zabawy.<br \/>\nDo zdobycia 3 albumy Tadeusza Blechingera \u201eNoworudzkie cztery pory roku\u201d z dedykacj\u0105 autora<!--more-->.<br \/>\nWi\u0119cej informacji o albumie: <a href=\"http:\/\/www.noworudzianin.pl\/WWW\/2018\/09\/13\/album-ze-zdjeciami-tadeusza-blechingera-8\/\" target=\"_blank\" rel=\"noopener noreferrer\">www.noworudzianin.pl\/WWW\/2018\/09\/13\/album-ze-zdjeciami-tadeusza-blechingera-8\/<\/a><\/p>\n<p>Zabawa polega na przes\u0142aniu zdj\u0119\u0107\/zdj\u0119cia w\u0142asnego autorstwa oraz spe\u0142nieniu kilku prostych punkt\u00f3w.<br \/>\n<strong>Temat zdj\u0119\u0107:<\/strong> Pierwsze oznaki wiosny w naszej okolicy.<\/p>\n<p><strong>Jak wzi\u0105\u0107 udzia\u0142?<\/strong><br \/>\n1. Wy\u015blij fotk\u0119\/fotki na adres email: zdjecia@noworudzianin.pl i koniecznie j\u0105\/je podpisz swoim imieniem i nazwiskiem oraz podaj informacj\u0119, gdzie zosta\u0142o wykonane zdj\u0119cie.<br \/>\n2. Kliknij \u201eWEZM\u0118 UDZIA\u0141\u201d na stronie wydarzenia: <a href=\"https:\/\/www.facebook.com\/events\/2315789498703695\/\" target=\"_blank\" rel=\"noopener noreferrer\">www.facebook.com\/events\/2315789498703695\/<\/a>.<br \/>\n3. Udost\u0119pnij to wydarzenie.<br \/>\n4. Napisz w komentarzu na stronie wydarzenia proponowan\u0105 tre\u015b\u0107 kr\u00f3tkiej dedykacji, kt\u00f3r\u0105 autor ma wpisa\u0107 na Twoim albumie (max do 100 znak\u00f3w).<\/p>\n<p>Prosimy o przesy\u0142anie zdj\u0119\u0107 WY\u0141\u0104CZNIE z terenu miasta i gminy Nowa Ruda oraz miasta i gminy Radk\u00f3w najp\u00f3\u017aniej do 28 marca 2019 r.<\/p>\n<p>Najciekawsze opublikujemy na \u0142amach \u201eNoworudzianina\u201d oraz na <a href=\"http:\/\/www.noworudzianin.pl\" target=\"_blank\" rel=\"noopener noreferrer\">www.noworudzianin.pl<\/a> i naszej stronie na <a href=\"https:\/\/www.facebook.com\/Noworudzianin\/\" target=\"_blank\" rel=\"noopener noreferrer\">Facebooku<\/a>.<\/p>\n","protected":false},"excerpt":{"rendered":"<p>Zapraszamy wszystkich ch\u0119tnych do wsp\u00f3lnej zabawy. Do zdobycia 3 albumy Tadeusza Blechingera \u201eNoworudzkie cztery pory roku\u201d z dedykacj\u0105 autora<\/p>\n","protected":false},"author":4,"featured_media":13180,"comment_status":"open","ping_status":"closed","sticky":false,"template":"","format":"standard","meta":{"om_disable_all_campaigns":false,"_monsterinsights_skip_tracking":false,"_monsterinsights_sitenote_active":false,"_monsterinsights_sitenote_note":"","_monsterinsights_sitenote_category":0,"_uf_show_specific_survey":0,"_uf_disable_surveys":false,"footnotes":""},"categories":[2,1747,234,29,9,1740,6,76],"tags":[3606],"aioseo_notices":[],"amp_enabled":true,"_links":{"self":[{"href":"https:\/\/www.noworudzianin.pl\/WWW\/wp-json\/wp\/v2\/posts\/13179"}],"collection":[{"href":"https:\/\/www.noworudzianin.pl\/WWW\/wp-json\/wp\/v2\/posts"}],"about":[{"href":"https:\/\/www.noworudzianin.pl\/WWW\/wp-json\/wp\/v2\/types\/post"}],"author":[{"embeddable":true,"href":"https:\/\/www.noworudzianin.pl\/WWW\/wp-json\/wp\/v2\/users\/4"}],"replies":[{"embeddable":true,"href":"https:\/\/www.noworudzianin.pl\/WWW\/wp-json\/wp\/v2\/comments?post=13179"}],"version-history":[{"count":6,"href":"https:\/\/www.noworudzianin.pl\/WWW\/wp-json\/wp\/v2\/posts\/13179\/revisions"}],"predecessor-version":[{"id":13186,"href":"https:\/\/www.noworudzianin.pl\/WWW\/wp-json\/wp\/v2\/posts\/13179\/revisions\/13186"}],"wp:featuredmedia":[{"embeddable":true,"href":"https:\/\/www.noworudzianin.pl\/WWW\/wp-json\/wp\/v2\/media\/13180"}],"wp:attachment":[{"href":"https:\/\/www.noworudzianin.pl\/WWW\/wp-json\/wp\/v2\/media?parent=13179"}],"wp:term":[{"taxonomy":"category","embeddable":true,"href":"https:\/\/www.noworudzianin.pl\/WWW\/wp-json\/wp\/v2\/categories?post=13179"},{"taxonomy":"post_tag","embeddable":true,"href":"https:\/\/www.noworudzianin.pl\/WWW\/wp-json\/wp\/v2\/tags?post=13179"}],"curies":[{"name":"wp","href":"https:\/\/api.w.org\/{rel}","templated":true}]}}