{"id":13620,"date":"2019-04-11T15:58:43","date_gmt":"2019-04-11T13:58:43","guid":{"rendered":"https:\/\/www.noworudzianin.pl\/WWW\/?p=13620"},"modified":"2019-04-12T12:04:20","modified_gmt":"2019-04-12T10:04:20","slug":"zaulkowy-zawrot-glowy","status":"publish","type":"post","link":"https:\/\/www.noworudzianin.pl\/WWW\/2019\/04\/11\/zaulkowy-zawrot-glowy\/","title":{"rendered":"Zau\u0142kowy zawr\u00f3t g\u0142owy"},"content":{"rendered":"<p>Po raz kolejny, ale w tak licznym gronie po raz pierwszy, nad sytuacj\u0105 mieszka\u0144c\u00f3w budynku przy ul. Zau\u0142ek 7-9<!--more--> w Nowej Rudzie pochylili si\u0119 radni, w\u0142adze miasta, zarz\u0105dca budynku, przedstawiciel O\u015brodka Opieki Spo\u0142ecznej oraz komendant komisariatu i komendant stra\u017cy miejskiej jak r\u00f3wnie\u017c dow\u00f3dcy JRG w Nowej Rudzie podczas posiedzenia, kt\u00f3re odby\u0142o si\u0119 w \u015brod\u0119 3 kwietnia w ratuszu<\/p>\n<p>Na po\u0142\u0105czone posiedzenie Komisji Spraw Spo\u0142ecznych, Komisji Mieszkaniowej i Komisji Porz\u0105dku Publicznego i Komunikacji Rady Miejskiej w Nowej Rudzie zaproszeni zostali: burmistrz Tomasz Kili\u0144ski, zast\u0119pca burmistrza Marzena Woli\u0144ska, Aneta Palczak, naczelnik Wydzia\u0142u Mienia Komunalnego, Marian Zdunek, prezes Noworudzkiego Towarzystwa Budownictwa Spo\u0142ecznego, Anna Frankowska, kierownik Miejskiego O\u015brodka Pomocy Spo\u0142ecznej, Arkadiusz Michalski, komendant Komisariatu Policji w Nowej Rudzie, Rafa\u0142 Chorzewski, dow\u00f3dca Jednostki Ratowniczo-Ga\u015bniczej PSP w Nowej Rudzie wraz z zast\u0119pc\u0105 Mariuszem Matu\u0142\u0105, oraz Piotr Kwiecie\u0144, komendant Stra\u017cy Miejskiej w Nowej Rudzie. O przybli\u017cenie sprawy zwi\u0105zanej z problematyczn\u0105 sytuacj\u0105 mieszka\u0144c\u00f3w budynku Zau\u0142ek 7-9 poproszony zosta\u0142 Tomasz Kili\u0144ski.<\/p>\n<p>\u2013 Problemy zwi\u0105zane z mieszka\u0144cami tego budynku s\u0105 nam znane od wielu lat. Niestety, na przestrzeni ostatnich kilku miesi\u0119cy mieli\u015bmy do czynienia z sytuacjami, kt\u00f3re zagra\u017caj\u0105 bezpiecze\u0144stwu tego budynku, m\u00f3wi\u0119 tu o podpaleniach do kt\u00f3rych dochodzi\u0142o. W wyniku podpale\u0144 jak i bie\u017c\u0105cego funkcjonowania i \u017cycia mieszka\u0144c\u00f3w, budynek jest w takim stanie, \u017ce tak naprawd\u0119 wymaga ci\u0105g\u0142ych prac remontowych. Je\u017celi chodzi o nasze ostatnie dzia\u0142ania, przed budynkiem zosta\u0142y zainstalowane dwie lampy i dwie kamery monitoringowe. Minimalny zakres prac remontowych, kt\u00f3ry zosta\u0142 przewidziany do realizacji w najbli\u017cszym czasie, opiewa na kwot\u0119 blisko 100 tys. z\u0142. Wcze\u015bniej szacowali\u015bmy go na 67 tys. z\u0142 ale po przetargu okaza\u0142o si\u0119, \u017ce jest to kwota o ponad 20 tys. z\u0142 wi\u0119ksza. Podejmowane s\u0105 te\u017c dzia\u0142ania w kierunku realizacji wyrok\u00f3w eksmisyjnych mieszka\u0144c\u00f3w w tym budynku \u2013 m\u00f3wi\u0142 burmistrz. A\u017c 23 tys. z\u0142 kosztowa\u0142 sam monta\u017c kamer i lamp.<\/p>\n<p>O sprawach zwi\u0105zanych z niezb\u0119dnymi remontami powiedzia\u0142 zebranym Marian Zdunek.<br \/>\n\u2013 Je\u017celi chodzi o bie\u017c\u0105ce naprawy w tym obiekcie na przestrzeni trzech lat ich koszty waha\u0142y si\u0119 w kwocie 18-22 tys. z\u0142 rocznie. Po ostatnich zdarzeniach, wsp\u00f3lnie z panem burmistrzem podj\u0119li\u015bmy decyzj\u0119 o konieczno\u015bci przeprowadzenia prac remontowo-naprawczych zwi\u0105zanych g\u0142\u00f3wnie ze zniszczeniami, przy czym ograniczyli\u015bmy si\u0119 tylko do tych prac niezb\u0119dnych. Sporz\u0105dzili\u015bmy szczeg\u00f3\u0142owy wykaz prac do wykonania i z\u0142o\u017cyli\u015bmy zapytanie ofertowe. Zg\u0142osi\u0142a si\u0119 jedna noworudzka firma, kt\u00f3ra za te prace chcia\u0142a 110 tys. z\u0142, uda\u0142o nam si\u0119 to obni\u017cy\u0107 do 98 tys. z\u0142. Prace, kt\u00f3re s\u0105 do wykonania mo\u017cna podzieli\u0107 na dwie grupy, sprawy zwi\u0105zane ze stolark\u0105 okienn\u0105 i drzwiow\u0105 oraz prace budowlane. Przede wszystkim po podpaleniach potrzebny jest remont klatek schodowych, naprawa tynk\u00f3w, malowanie, remont pomieszcze\u0144 wc po podpaleniach (s\u0105 to pomieszczenia przeznaczone do wsp\u00f3lnego u\u017cytku), naprawa i wymiana drzwi wej\u015bciowych i wewn\u0119trznych, szklenie drzwi, naprawa i wymiana skrzynek wodomierzy, naprawa wpust\u00f3w burzowych i wszystkie inne roboty towarzysz\u0105ce. W pi\u0105tek 5 kwietnia podpisuj\u0119 z wykonawc\u0105 umow\u0119 z terminem wykonania do 15 maja \u2013 wyja\u015bni\u0142 zebranym prezes Towarzystwa Budownictwa Spo\u0142ecznego. <\/p>\n<p>O zdarzeniach i zagro\u017ceniach do kt\u00f3rych dochodzi\u0142o nie tylko w budynku Zau\u0142ek 7-9, ale i w jego pobli\u017cu opowiedzia\u0142 Arkadiusz Michalski.<br \/>\n\u2013 Dokonuj\u0105c analizy zagro\u017ce\u0144 w tym budynku od stycznia 2017 r. do stycznia 2019 r. takich incydent\u00f3w odnotowanych przez policj\u0119 by\u0142o 10. Nie wszystkie te zdarzenia by\u0142y po\u017carami, dochodzi\u0142o do uszkodzenia mienia poprzez podpalenie. Co si\u0119 pali\u0142o i jak to wygl\u0105da\u0142o, powiem tak pokr\u00f3tce: podpalenie szafy stoj\u0105cej na korytarzu, pod nieobecno\u015b\u0107 lokator\u00f3w jednego z mieszka\u0144, kto\u015b podpali\u0142 wycieraczk\u0119 przy drzwiach wej\u015bciowych do mieszkania, na korytarzu dosz\u0142o do samoczynnego zapalenia si\u0119 kub\u0142a na \u015bmieci, po\u017car w pustym mieszkaniu w kt\u00f3rym mieszka\u0144cy sk\u0142adowali \u015bmieci, nietrze\u017awy mieszkaniec odgrzewaj\u0105c posi\u0142ek doprowadzi\u0142 do zadymienia mieszkania, zadymienie klatki schodowej na skutek zapalenia si\u0119 fotela na korytarzu, nadpalenie przewieszonego przez por\u0119cz dywanu, co doprowadzi\u0142o do zadymienia w klatce schodowej, w wyniku zapr\u00f3szenia ognia na parterze budynku spaleniu uleg\u0142y \u015bmieci zgromadzone pod schodami, kt\u00f3rym nie chce si\u0119 wynosi\u0107 \u015bmieci do pojemnik\u00f3w. Kolejna interwencja: pal\u0105ce si\u0119 \u015bmieci na klatce schodowej w og\u00f3lnodost\u0119pnym pomieszczeniu na drugim pi\u0119trze, kolejna \u2013 podpalenie w\u00f3zka podr\u0119cznego itd. Nie uda\u0142o nam si\u0119 ustali\u0107 sprawc\u00f3w tych wszystkich podpale\u0144 z uwagi na to, \u017ce mieszkaj\u0105cy tam ludzie w 80% nie s\u0105 ch\u0119tni dzieli\u0107 si\u0119 jakimikolwiek informacjami z policj\u0105, jak twierdz\u0105 nie chc\u0105 by\u0107 konfidentami. Mieszka\u0144cy, kt\u00f3rzy tak \u015bmia\u0142o wypowiadaj\u0105 si\u0119 przed telewizyjnymi kamerami, w naszym przypadku po prostu si\u0119 boj\u0105. Wiemy sk\u0105din\u0105d, \u017ce sprawcami niekt\u00f3rych zdarze\u0144 nie s\u0105 mieszka\u0144cy tego bloku, lecz s\u0105siednich budynk\u00f3w. Poza po\u017carami odnotowali\u015bmy we wskazanym okresie 101 r\u00f3\u017cnego rodzaju interwencji. W ostatnich 3 latach, w zwi\u0105zku z omawianym budynkiem, odnotowali\u015bmy za\u015b 264 interwencje policyjne, w rozbiciu na poszczeg\u00f3lne kategorie chc\u0119 powiedzie\u0107 jak rozbie\u017cne s\u0105 interwencje i czego dotycz\u0105. Interwencje zwi\u0105zane z nieporozumieniami i awanturami rodzinnymi wywo\u0142anymi przez mieszka\u0144c\u00f3w budynku \u2013 106, interwencje zwi\u0105zane z nieporozumieniami s\u0105siedzkimi \u2013 22, zak\u0142\u00f3canie porz\u0105dku lub ciszy nocnej \u2013 43 interwencje, interwencja zwi\u0105zana z pobiciem by\u0142 jedna, zg\u0142oszono 7 kradzie\u017cy, 3 naruszenia nietykalno\u015bci cielesnej. Interwencje zwi\u0105zane z funkcjonowaniem noclegowni, kiedy jeszcze funkcjonowa\u0142a by\u0142o 14, spo\u017cywanie alkoholu \u2013 9, w\u0142ama\u0144 \u2013 1, zadymienie, zapr\u00f3szenie ognia \u2013 10, sprawy zwi\u0105zane z utrzymaniem zwierz\u0105t \u2013 4 i inne interwencje, kt\u00f3rych jest 41. W\u015br\u00f3d tych interwencji, s\u0105 zg\u0142oszenia os\u00f3b chorych psychicznie, kt\u00f3rzy zg\u0142aszaj\u0105 r\u00f3\u017cne dziwne rzeczy. W\u015br\u00f3d tych interwencji, s\u0105 tzw. interwencje w\u0142asne, gdzie policjanci realizuj\u0105 w\u0142asne zadania. W tym budynku policjanci zatrzymali 25 os\u00f3b poszukiwanych, by\u0142y te\u017c interwencje w\u0142asne policjant\u00f3w zwi\u0105zane z zatrzymaniem os\u00f3b po-siadaj\u0105cych narkotyki \u2013 6. Swoje zadania realizowa\u0142y tam te\u017c s\u0142u\u017cby celne wraz z policj\u0105, by\u0142y to dzia\u0142ania zwi\u0105zane z handlem nielegalnym tytoniem bez akcyzy. Prowadzony jest na bie\u017c\u0105co handel papierosami na sztuki o czym wiemy i b\u0119dziemy w tym temacie podejmowa\u0107 odpowiednie kroki. Tylko od 1 stycznia do 2 kwietna w budynku Zau\u0142ek 7-9 by\u0142o 31 interwencji. Od pocz\u0105tku stycznia dzielnicowy w ramach swoich zada\u0144 mia\u0142 dok\u0142adniej przygl\u0105da\u0107 si\u0119 tamtejszym problemom, cz\u0119\u015bciej podczas s\u0142u\u017cby pokazywa\u0142 si\u0119 w tym budynku i jego okolicach, to w pewnym momencie uznali\u015bmy, \u017ce te dzia\u0142ania s\u0105 niewystarczaj\u0105ce. Od pocz\u0105tku lutego, codziennie na ka\u017cdej zmianie, kieruj\u0119 tam patrol policji. Policjanci legitymuj\u0105 r\u00f3\u017cne osoby, co niekt\u00f3rych denerwuje, bo ile razy mo\u017cna by\u0107 kontrolowanym we w\u0142asnym domu, ale osoby postronne podpalaj\u0105, dewastuj\u0105, zak\u0142\u00f3caj\u0105 porz\u0105dek i cisz\u0119 nocn\u0105. Faktycznie jest to grupa pi\u0119ciu nieletnich os\u00f3b, wszyscy mieszkaj\u0105cy przy ul. Zau\u0142ek, w tym dw\u00f3ch budynk\u00f3w o kt\u00f3rych mowa, kt\u00f3rzy s\u0105 bardzo zdemoralizowani a nasze dzia\u0142ania, po tym jak ich zatrzymujemy, odwozimy i przekazujemy rodzicom, ko\u0144cz\u0105 si\u0119 twierdzeniami \u201eprosz\u0119 pana, przecie\u017c nic si\u0119 nie sta\u0142o\u201d, co nie znaczy, \u017ce my nie prowadzimy wobec tych os\u00f3b czynno\u015bci. 1 kwietnia skierowali\u015bmy do s\u0105du wniosek o ukaranie jednego ze sprawc\u00f3w, kt\u00f3ry uczestniczy\u0142 w programie \u201eUwaga\u201d emitowanym przez telewizj\u0119, wcze\u015bniej kradn\u0105c alkohol w sklepie i pr\u00f3bowa\u0142 zdewastowa\u0107 znak, oczywi\u015bcie nie wie z kim wtedy by\u0142 itd. \u2013 m\u00f3wi\u0142 Arkadiusz Michalski. <\/p>\n<p>Jako kolejny, g\u0142os zabra\u0142 dow\u00f3dca JRG Nowa Ruda Rafa\u0142 Chorzewski.<br \/>\n\u2013 Jako jednostka interwencyjna mamy mo\u017cliwo\u015b\u0107 dzia\u0142ania tylko w chwili wezwania do zdarzenia. Ze wzgl\u0119d\u00f3w po\u017carowych ten budynek nie podlega jakim\u015b specjalnym przepisom, poniewa\u017c to jest budynek mieszkalny i tak jest traktowany, w kategorii zagro\u017cenia ludzi ZLIII, wobec czego nie wymaga specjalnych instalacji przeciwpo\u017carowych, kt\u00f3re mog\u0142yby zapobiega\u0107 rozwojowi po\u017caru. Trzeba powiedzie\u0107, \u017ce budynek jest bardzo dobrze usytuowany wzgl\u0119dem stra\u017cy po\u017carnej, poniewa\u017c mamy blisko, interwencja jest podejmowana bardzo szybko, a w tym momencie jest to nasze jedyne zadanie. Je\u017celi mogliby\u015bmy pomy\u015ble\u0107 jakie instalacje ewentualnie mogliby\u015bmy tam zainstalowa\u0107, \u017ceby mieszka\u0144cy byli bardziej bezpieczni, to z punktu widzenia PPO\u017b mo\u017cna by by\u0142o zainstalowa\u0107 tam czujniki dymu na klatkach schodowych, a jeszcze lepszym wyj\u015bciem by\u0142by monitoring, czyli podpi\u0119cie obiektu i centrala przeciwpo\u017carowa, ale tylko na drogach komunikacyjnych, ewentualnie monta\u017c tzw. klap dymowych, czyli przewietrzanie klatek schodowych \u2013 t\u0142umaczy\u0142 Rafa\u0142 Chorzewski.<\/p>\n<p>\u2013 Budynek socjalny jakim jest przy ul. Zau\u0142ek 7-9 w Nowej Rudzie stwarza wiele problem\u00f3w. To nie tylko problem Nowej Rudy, ale wszystkich miast, kt\u00f3re maj\u0105 budynki socjalne, gdzie wyst\u0119puje skupisko biedy, patologii i wzmocnienie tych wszystkich nieprawid\u0142owo\u015bci \u2013 stwierdzi\u0142a Anna Frankowska, kierownik Miejskiego O\u015brodka Pomocy Spo\u0142ecznej. \u2013 W budynku jest 50 mieszka\u0144, mamy dane os\u00f3b kt\u00f3re korzystaj\u0105 b\u0105d\u017a kiedykolwiek korzysta\u0142y ze \u015bwiadcze\u0144 pomocy spo\u0142ecznej. Du\u017co z tych rodzin szwankowa\u0142o je\u017celi chodzi o funkcjonowanie. W czterech przypadkach by\u0142o postanowienie s\u0105du o umieszczenie dzieci w pieczy zast\u0119pczej. Te rodziny stwarzaj\u0105 nadal problemy. Do os\u00f3b cz\u0119sto samotnych, kt\u00f3re s\u0105 zwolnione z obowi\u0105zku wychowywania dzieci mog\u0105 bez problemu przychodzi\u0107 \u201eosoby postronne\u201d. Du\u017co si\u0119 zmieni\u0142o od 2016 r., nie chc\u0119 powiedzie\u0107, \u017ce program 500 plus przyni\u00f3s\u0142 jakie\u015b negatywne skutki, ale w przypadku takich rodzin \u015bwiadczenie takie przynios\u0142o efekt. Te rodziny niech\u0119tnie do nas przychodz\u0105, rzadko korzystaj\u0105 ze \u015bwiadcze\u0144 pomocy spo\u0142ecznej, a to dlatego \u017ceby pracownik socjalny nie wchodzi\u0142 w \u015brodowisko. Na 18 rodzin, kt\u00f3re jest znane pomocy spo\u0142ecznej, tylko 4 nie maj\u0105 zad\u0142u\u017cenia w op\u0142atach czynszowych. Wszystkie te rodziny, kt\u00f3re kiedykolwiek mia\u0142y kontakt z pracownikiem socjalnym by\u0142y nak\u0142aniane do tego, \u017ceby z\u0142o\u017cy\u0107 wniosek na dodatek mieszkaniowy, bo nie ukrywamy, \u017ce dla rodzin biednych utrzymanie tam mieszkania jest du\u017cym wydatkiem. Rodziny, czasami korzy-sta\u0142y, czasami nie, my nie mamy mo\u017cliwo\u015bci \u017ceby ich do tego zmusi\u0107. Do budynku tego przychodzi dw\u00f3ch pracownik\u00f3w socjalnych, obecnie przychodz\u0105 tam kilka razy w tygodniu, przed rokiem 2016 nie by\u0142o dnia, \u017ceby tam nie byli. Rozmowy z tymi rodzinami nic nie przynosz\u0105, a wsp\u00f3\u0142praca po 2016 jest praktycznie \u017cadna \u2013 doda\u0142a.<\/p>\n<p>To tylko cz\u0119\u015b\u0107 wypowiedzi, tych najwa\u017cniejszych, tych, kt\u00f3re pokazuj\u0105 jakie dzia\u0142ania podejmuj\u0105 osoby odpowiedzialne za bezpiecze\u0144stwo lokator\u00f3w budynku. Dyskusja by\u0142a d\u0142uga, pada\u0142o wiele propozycji na rozwi\u0105zanie wydawa\u0142oby si\u0119 niemo\u017cliwego do rozwi\u0105zania problemu. Czy eksmitowanie dw\u00f3ch, b\u0105d\u017a trzech lokato-r\u00f3w, szczeg\u00f3lnie tych kt\u00f3rzy przyczynili si\u0119 do dewastacji lub tych kt\u00f3rzy nie p\u0142ac\u0105 czynszu, b\u0119dzie rozwi\u0105zaniem?<\/p>\n<p><a href=\"https:\/\/www.noworudzianin.pl\/WWW\/wp-content\/uploads\/2019\/04\/IMG_4368.jpg\"><img loading=\"lazy\" decoding=\"async\" src=\"https:\/\/www.noworudzianin.pl\/WWW\/wp-content\/uploads\/2019\/04\/IMG_4368-630x420.jpg\" alt=\"\" width=\"630\" height=\"420\" class=\"alignnone size-large wp-image-13730\" srcset=\"https:\/\/www.noworudzianin.pl\/WWW\/wp-content\/uploads\/2019\/04\/IMG_4368-630x420.jpg 630w, https:\/\/www.noworudzianin.pl\/WWW\/wp-content\/uploads\/2019\/04\/IMG_4368-300x200.jpg 300w, https:\/\/www.noworudzianin.pl\/WWW\/wp-content\/uploads\/2019\/04\/IMG_4368-768x512.jpg 768w\" sizes=\"(max-width: 630px) 100vw, 630px\" \/><\/a><\/p>\n<p><a href=\"https:\/\/www.noworudzianin.pl\/WWW\/wp-content\/uploads\/2019\/04\/IMG_4360.jpg\"><img loading=\"lazy\" decoding=\"async\" src=\"https:\/\/www.noworudzianin.pl\/WWW\/wp-content\/uploads\/2019\/04\/IMG_4360-630x420.jpg\" alt=\"\" width=\"630\" height=\"420\" class=\"alignnone size-large wp-image-13713\" srcset=\"https:\/\/www.noworudzianin.pl\/WWW\/wp-content\/uploads\/2019\/04\/IMG_4360-630x420.jpg 630w, https:\/\/www.noworudzianin.pl\/WWW\/wp-content\/uploads\/2019\/04\/IMG_4360-300x200.jpg 300w, https:\/\/www.noworudzianin.pl\/WWW\/wp-content\/uploads\/2019\/04\/IMG_4360-768x512.jpg 768w\" sizes=\"(max-width: 630px) 100vw, 630px\" \/><\/a><\/p>\n<p align=\"center\"><span style=\"color: #0000ff;\">Str. 6-7 w numerze 375 tygodnika \u201eNoworudzianin\u201d dost\u0119pnym w<\/span> <a href=\"https:\/\/www.noworudzianin.pl\/WWW\/archiwum\/rok-2019\/\" target=\"_blank\" rel=\"noopener noreferrer\">archiwum<\/a>.<\/p>\n<p><script language=\"JavaScript\">\n<!--\nfunction FP_swapImg() {\/\/v1.0\n var doc=document,args=arguments,elm,n; doc.$imgSwaps=new Array(); for(n=2; n<args.length;\n n+=2) { elm=FP_getObjectByID(args[n]); if(elm) { doc.$imgSwaps[doc.$imgSwaps.length]=elm;\n elm.$src=elm.src; elm.src=args[n+1]; } }\n}\nfunction FP_preloadImgs() {\/\/v1.0\n var d=document,a=arguments; if(!d.FP_imgs) d.FP_imgs=new Array();\n for(var i=0; i<a.length; i++) { d.FP_imgs[i]=new Image; d.FP_imgs[i].src=a[i]; }\n}\nfunction FP_getObjectByID(id,o) {\/\/v1.0\n var c,el,els,f,m,n; if(!o)o=document; if(o.getElementById) el=o.getElementById(id);\n else if(o.layers) c=o.layers; else if(o.all) el=o.all[id]; if(el) return el;\n if(o.id==id || o.name==id) return o; if(o.childNodes) c=o.childNodes; if(c)\n for(n=0; n<c.length; n++) { el=FP_getObjectByID(id,c[n]); if(el) return el; }\n f=o.forms; if(f) for(n=0; n<f.length; n++) { els=f[n].elements;\n for(m=0; m<els.length; m++){ el=FP_getObjectByID(id,els[n]); if(el) return el; } }\n return null;\n}\n\/\/ -->\n<\/script><br \/>\n<body onload=\"FP_preloadImgs(\/*url*\/'http:\/\/www.noworudzianin.pl\/WWW\/images\/button53.jpg', \/*url*\/'http:\/\/www.noworudzianin.pl\/WWW\/images\/button52.jpg')\"><\/p>\n<p align=\"center\">\n\t\t\t<a target=\"_blank\" href=\"http:\/\/www.noworudzianin.pl\/WWW\/images\/375_b.jpg\" rel=\"noopener noreferrer\"><br \/>\n\t\t\t<img loading=\"lazy\" decoding=\"async\" border=\"1\" src=\"http:\/\/www.noworudzianin.pl\/WWW\/images\/375_b_small.jpg\" width=\"221\" height=\"300\"><\/a><br \/>\n\t\t\t<font face=\"Verdana\">Numer 375<br \/>\n\t\t\t<font size=\"2\">12-18 kwietnia 2019 r.  <\/font><\/font><br \/><a title=\"pobierz e-gazet\u0119\" onclick=\"window.open('\/egazeta\/index.php?n=375','Pobierz_egazete', 'menubar=no,toolbar=no,location=no,directories=no,status=no,scrollbars=no,resizable=no,fullscreen=no,channelmode=no,width=400,height=400').focus(); return false()\"><img loading=\"lazy\" decoding=\"async\" border=\"0\" id=\"img62\" src=\"http:\/\/www.noworudzianin.pl\/WWW\/images\/button51.jpg\" height=\"30\" width=\"150\" alt=\"Pobierz tutaj (pdf)\" onmouseover=\"FP_swapImg(1,0,\/*id*\/'img62',\/*url*\/'http:\/\/www.noworudzianin.pl\/WWW\/images\/button52.jpg')\" onmouseout=\"FP_swapImg(0,0,\/*id*\/'img62',\/*url*\/'http:\/\/www.noworudzianin.pl\/WWW\/images\/button51.jpg')\" onmousedown=\"FP_swapImg(1,0,\/*id*\/'img62',\/*url*\/'http:\/\/www.noworudzianin.pl\/WWW\/images\/button53.jpg')\" onmouseup=\"FP_swapImg(0,0,\/*id*\/'img62',\/*url*\/'http:\/\/www.noworudzianin.pl\/WWW\/images\/button52.jpg')\" fp-style=\"fp-btn: Glass Rectangle 1; fp-font-size: 12; fp-orig: 0\" fp-title=\"Pobierz tutaj (pdf)\"><\/a><\/p>\n","protected":false},"excerpt":{"rendered":"<p>Po raz kolejny, ale w tak licznym gronie po raz pierwszy, nad sytuacj\u0105 mieszka\u0144c\u00f3w budynku przy ul. Zau\u0142ek 7-9<\/p>\n","protected":false},"author":4,"featured_media":13729,"comment_status":"open","ping_status":"closed","sticky":false,"template":"","format":"standard","meta":{"om_disable_all_campaigns":false,"_monsterinsights_skip_tracking":false,"_monsterinsights_sitenote_active":false,"_monsterinsights_sitenote_note":"","_monsterinsights_sitenote_category":0,"_uf_show_specific_survey":0,"_uf_disable_surveys":false,"footnotes":""},"categories":[2,6,376,2433,1990],"tags":[3671,762,568,2660,2623,20,5,3674,3572,2412,462,3685],"aioseo_notices":[],"amp_enabled":true,"_links":{"self":[{"href":"https:\/\/www.noworudzianin.pl\/WWW\/wp-json\/wp\/v2\/posts\/13620"}],"collection":[{"href":"https:\/\/www.noworudzianin.pl\/WWW\/wp-json\/wp\/v2\/posts"}],"about":[{"href":"https:\/\/www.noworudzianin.pl\/WWW\/wp-json\/wp\/v2\/types\/post"}],"author":[{"embeddable":true,"href":"https:\/\/www.noworudzianin.pl\/WWW\/wp-json\/wp\/v2\/users\/4"}],"replies":[{"embeddable":true,"href":"https:\/\/www.noworudzianin.pl\/WWW\/wp-json\/wp\/v2\/comments?post=13620"}],"version-history":[{"count":4,"href":"https:\/\/www.noworudzianin.pl\/WWW\/wp-json\/wp\/v2\/posts\/13620\/revisions"}],"predecessor-version":[{"id":13731,"href":"https:\/\/www.noworudzianin.pl\/WWW\/wp-json\/wp\/v2\/posts\/13620\/revisions\/13731"}],"wp:featuredmedia":[{"embeddable":true,"href":"https:\/\/www.noworudzianin.pl\/WWW\/wp-json\/wp\/v2\/media\/13729"}],"wp:attachment":[{"href":"https:\/\/www.noworudzianin.pl\/WWW\/wp-json\/wp\/v2\/media?parent=13620"}],"wp:term":[{"taxonomy":"category","embeddable":true,"href":"https:\/\/www.noworudzianin.pl\/WWW\/wp-json\/wp\/v2\/categories?post=13620"},{"taxonomy":"post_tag","embeddable":true,"href":"https:\/\/www.noworudzianin.pl\/WWW\/wp-json\/wp\/v2\/tags?post=13620"}],"curies":[{"name":"wp","href":"https:\/\/api.w.org\/{rel}","templated":true}]}}