{"id":14834,"date":"2019-06-13T13:09:57","date_gmt":"2019-06-13T11:09:57","guid":{"rendered":"https:\/\/www.noworudzianin.pl\/WWW\/?p=14834"},"modified":"2019-06-13T13:10:16","modified_gmt":"2019-06-13T11:10:16","slug":"o-iwonce-ktora-pracuje-w-firmie-z-dusza","status":"publish","type":"post","link":"https:\/\/www.noworudzianin.pl\/WWW\/2019\/06\/13\/o-iwonce-ktora-pracuje-w-firmie-z-dusza\/","title":{"rendered":"O Iwonce, kt\u00f3ra pracuje w firmie z dusz\u0105"},"content":{"rendered":"<p>Iwona Markiel, kt\u00f3ra pracuje w firmie cateringowej Zbigniewa Duszy w Wa\u0142brzychu, zosta\u0142a zatrudniona po raz pierwszy w \u017cyciu<!--more-->. Mimo, \u017ce ma ju\u017c 36 lat, jest samodzielna i ma wsparcie swojej kuratorki Anny Zaborowskiej<\/p>\n<p><strong>Bo praca jest bardzo wa\u017cna<\/strong><br \/>\n\u2013 Zgodnie z\u00a0rozwi\u0105zaniem systemowym osoby takie jak Iwonka ko\u0144cz\u0105 szko\u0142\u0119 bran\u017cow\u0105, a\u00a0w\u00a0dalszej kolejno\u015bci same musz\u0105 szuka\u0107 rozwi\u0105za\u0144, takich jak chocia\u017cby Warsztaty Terapii Zaj\u0119ciowej czy Zak\u0142ad Aktywno\u015bci Zawodowej, kt\u00f3re prowadzimy przy naszej szkole \u2013 m\u00f3wi Jolanta Ceran, dyrektorka Zasadniczej Szko\u0142y Zawodowej Specjalnej. \u2013 Najwa\u017cniejsze jest, aby osoby z\u00a0niepe\u0142nosprawno\u015bciami nie zatrzymywa\u0142y si\u0119, sz\u0142y dalej i\u00a0pracowa\u0142y, ale rzadko zdarzaj\u0105 si\u0119 pracodawcy, kt\u00f3rzy chc\u0105 takie osoby zatrudnia\u0107 \u2013 dodaje.<\/p>\n<p>Zbigniew Dusza swoj\u0105 firm\u0119 prowadzi ju\u017c ponad \u0107wier\u0107 wieku i\u00a0nie boi si\u0119 dawa\u0107 etat\u00f3w osobom z\u00a0niepe\u0142nosprawno\u015bciami, zatrudnia a\u017c trzy \u2013 opr\u00f3cz Iwonki, Lidzi\u0119 i\u00a0Krystiana. \u2013 Pracuj\u0105 jako pomoce kuchenne. \u015awietnie dogaduj\u0105 si\u0119 z\u00a0pozosta\u0142\u0105 cz\u0119\u015bci\u0105 zespo\u0142u, s\u0105 \u201elud\u017ami od wszystkiego\u201d, a\u00a0prac\u0119 wykonuj\u0105 z\u00a0wyj\u0105tkowym zaanga\u017cowaniem \u2013 chwali swoich pracownik\u00f3w Zbigniew Dusza.<\/p>\n<p>Iwonka znalaz\u0142a prac\u0119 dzi\u0119ki udzia\u0142owi w\u00a0unijnym projekcie \u201eSzansa na nowe \u017cycie\u201d realizowanemu wsp\u00f3lnie przez Fundacj\u0119 Wa\u0142brzych 2000 i\u00a0Stowarzyszenie Dzieci i\u00a0Rodzin Zasadniczej Szko\u0142y Zawodowej Specjalnej. \u2013 Chcia\u0142am, \u017ceby poczu\u0142a si\u0119 doros\u0142\u0105 osob\u0105, kt\u00f3ra potrafi o\u00a0siebie zadba\u0107 i\u00a0zarobi\u0107 w\u0142asne pieni\u0105dze. Dlatego nam\u00f3wi\u0142am Iwonk\u0119 do udzia\u0142u w\u00a0projekcie \u2013 m\u00f3wi Anna Zaborowska.<\/p>\n<p><strong>Kawa, owoce, warzywa i\u00a0dusza<\/strong><br \/>\nFirma Zbigniewa Duszy to oferuje catering na terenie Wa\u0142brzycha i\u00a0ca\u0142ego Dolnego \u015al\u0105ska. Ma w\u0142asne lokale przy ul. Zamkowej 4 i\u00a0Andersa 50 w\u00a0Wa\u0142brzychu, dostarcza posi\u0142ki do firm i\u00a0instytucji, obs\u0142uguje wa\u017cne wydarzenia, konferencje. Iwonka po kursie zawodowym, podczas kt\u00f3rego nauczy\u0142a si\u0119 robi\u0107 kaw\u0119 i\u00a0przygotowywa\u0107 desery, trafi\u0142a na 3-miesi\u0119czny sta\u017c. \u2013 Obiera\u0142am owoce, ubija\u0142am \u015bmietan\u0119, og\u00f3lnie pomaga\u0142am \u2013 opowiada Iwonka. W\u00a0firmie pana Duszy sprawdzi\u0142a si\u0119 w\u00a0pracy wymagaj\u0105cej dok\u0142adno\u015bci i\u00a0systematyczno\u015bci, znalaz\u0142a te\u017c wsp\u00f3lny j\u0119zyk z\u00a0pozosta\u0142ymi pracownikami i\u00a0zdoby\u0142a etat! Teraz marzy o\u00a0podr\u00f3\u017cy w\u00a0ciep\u0142e kraje.<\/p>\n<p>U\u00a0pana Duszy Iwonka czuje si\u0119 naprawd\u0119 dobrze. Mi\u0142\u0105 atmosfer\u0119, wsparcie i\u00a0zrozumienie \u2013 to w\u0142a\u015bnie znalaz\u0142a u\u00a0swojego pracodawcy. A\u00a0pan Dusza, nie chc\u0105c marnowa\u0107 umiej\u0119tno\u015bci Iwonki, kupi\u0142 nowy ekspres do kawy.<\/p>\n<p><strong>Pomocna d\u0142o\u0144<\/strong><br \/>\nRozwa\u017caj\u0105c wyb\u00f3r dostawcy cateringu, warto skorzysta\u0107 z\u00a0takich firm jak Zbigniewa Duszy. S\u0105 wyj\u0105tkowe, bo zatrudniaj\u0105 osoby z\u00a0niepe\u0142nosprawno\u015bciami i\u00a0tym samym pozwalaj\u0105 skorzysta\u0107 z\u00a0klauzul spo\u0142ecznych w\u00a0zam\u00f3wieniach. Wyb\u00f3r takiego dostawcy, to tak\u017ce \u015bwiadectwo spo\u0142ecznej odpowiedzialno\u015bci biznesu przedsi\u0119biorcy.<\/p>\n<p>\u2013 Osoby z\u00a0niepe\u0142nosprawno\u015bciami potrzebuj\u0105 du\u017co empatii. Zrozumienie niekt\u00f3rych kwestii zajmuje im nieco wi\u0119cej czasu, ale odp\u0142acaj\u0105 z\u00a0nawi\u0105zk\u0105. Pracodawcy potrafi\u0105cy da\u0107 szans\u0119, a\u00a0przy tym wykaza\u0107 zrozumienie to tacy, kt\u00f3rych wci\u0105\u017c poszukujemy \u2013 m\u00f3wi Magdalena Zywar z\u00a0Fundacji Wa\u0142brzych 2000. \u2013 Dla naszych podopiecznych szukamy firm z\u00a0dusz\u0105.<\/p>\n<p align=\"center\"><span style=\"color: #0000ff;\">Str. 9 w numerze 383 tygodnika \u201eNoworudzianin\u201d dost\u0119pnym w<\/span> <a href=\"https:\/\/www.noworudzianin.pl\/WWW\/archiwum\/rok-2019\/\" target=\"_blank\" rel=\"noopener noreferrer\">archiwum<\/a>.<\/p>\n<p><script language=\"JavaScript\">\n<!--\nfunction FP_swapImg() {\/\/v1.0\n var doc=document,args=arguments,elm,n; doc.$imgSwaps=new Array(); for(n=2; n<args.length;\n n+=2) { elm=FP_getObjectByID(args[n]); if(elm) { doc.$imgSwaps[doc.$imgSwaps.length]=elm;\n elm.$src=elm.src; elm.src=args[n+1]; } }\n}\nfunction FP_preloadImgs() {\/\/v1.0\n var d=document,a=arguments; if(!d.FP_imgs) d.FP_imgs=new Array();\n for(var i=0; i<a.length; i++) { d.FP_imgs[i]=new Image; d.FP_imgs[i].src=a[i]; }\n}\nfunction FP_getObjectByID(id,o) {\/\/v1.0\n var c,el,els,f,m,n; if(!o)o=document; if(o.getElementById) el=o.getElementById(id);\n else if(o.layers) c=o.layers; else if(o.all) el=o.all[id]; if(el) return el;\n if(o.id==id || o.name==id) return o; if(o.childNodes) c=o.childNodes; if(c)\n for(n=0; n<c.length; n++) { el=FP_getObjectByID(id,c[n]); if(el) return el; }\n f=o.forms; if(f) for(n=0; n<f.length; n++) { els=f[n].elements;\n for(m=0; m<els.length; m++){ el=FP_getObjectByID(id,els[n]); if(el) return el; } }\n return null;\n}\n\/\/ -->\n<\/script><br \/>\n<body onload=\"FP_preloadImgs(\/*url*\/'http:\/\/www.noworudzianin.pl\/WWW\/images\/button53.jpg', \/*url*\/'http:\/\/www.noworudzianin.pl\/WWW\/images\/button52.jpg')\"><\/p>\n<p align=\"center\">\n\t\t\t<a target=\"_blank\" href=\"http:\/\/www.noworudzianin.pl\/WWW\/images\/383_b.jpg\" rel=\"noopener noreferrer\"><br \/>\n\t\t\t<img loading=\"lazy\" decoding=\"async\" border=\"1\" src=\"http:\/\/www.noworudzianin.pl\/WWW\/images\/383_b_small.jpg\" width=\"221\" height=\"300\"><\/a><br \/>\n\t\t\t<font face=\"Verdana\">Numer 383<br \/>\n\t\t\t<font size=\"2\">14-20 czerwca 2019 r.  <\/font><\/font><br \/><a title=\"pobierz e-gazet\u0119\" onclick=\"window.open('\/egazeta\/index.php?n=383','Pobierz_egazete', 'menubar=no,toolbar=no,location=no,directories=no,status=no,scrollbars=no,resizable=no,fullscreen=no,channelmode=no,width=400,height=400').focus(); return false()\"><img loading=\"lazy\" decoding=\"async\" border=\"0\" id=\"img62\" src=\"http:\/\/www.noworudzianin.pl\/WWW\/images\/button51.jpg\" height=\"30\" width=\"150\" alt=\"Pobierz tutaj (pdf)\" onmouseover=\"FP_swapImg(1,0,\/*id*\/'img62',\/*url*\/'http:\/\/www.noworudzianin.pl\/WWW\/images\/button52.jpg')\" onmouseout=\"FP_swapImg(0,0,\/*id*\/'img62',\/*url*\/'http:\/\/www.noworudzianin.pl\/WWW\/images\/button51.jpg')\" onmousedown=\"FP_swapImg(1,0,\/*id*\/'img62',\/*url*\/'http:\/\/www.noworudzianin.pl\/WWW\/images\/button53.jpg')\" onmouseup=\"FP_swapImg(0,0,\/*id*\/'img62',\/*url*\/'http:\/\/www.noworudzianin.pl\/WWW\/images\/button52.jpg')\" fp-style=\"fp-btn: Glass Rectangle 1; fp-font-size: 12; fp-orig: 0\" fp-title=\"Pobierz tutaj (pdf)\"><\/a><\/p>\n","protected":false},"excerpt":{"rendered":"<p>Iwona Markiel, kt\u00f3ra pracuje w firmie cateringowej Zbigniewa Duszy w Wa\u0142brzychu, zosta\u0142a zatrudniona po raz pierwszy w \u017cyciu<\/p>\n","protected":false},"author":4,"featured_media":14845,"comment_status":"open","ping_status":"closed","sticky":false,"template":"","format":"standard","meta":{"om_disable_all_campaigns":false,"_monsterinsights_skip_tracking":false,"_monsterinsights_sitenote_active":false,"_monsterinsights_sitenote_note":"","_monsterinsights_sitenote_category":0,"_uf_show_specific_survey":0,"_uf_disable_surveys":false,"footnotes":""},"categories":[2,3706,131],"tags":[3919,20,5,3906,3918,3920],"aioseo_notices":[],"amp_enabled":true,"_links":{"self":[{"href":"https:\/\/www.noworudzianin.pl\/WWW\/wp-json\/wp\/v2\/posts\/14834"}],"collection":[{"href":"https:\/\/www.noworudzianin.pl\/WWW\/wp-json\/wp\/v2\/posts"}],"about":[{"href":"https:\/\/www.noworudzianin.pl\/WWW\/wp-json\/wp\/v2\/types\/post"}],"author":[{"embeddable":true,"href":"https:\/\/www.noworudzianin.pl\/WWW\/wp-json\/wp\/v2\/users\/4"}],"replies":[{"embeddable":true,"href":"https:\/\/www.noworudzianin.pl\/WWW\/wp-json\/wp\/v2\/comments?post=14834"}],"version-history":[{"count":2,"href":"https:\/\/www.noworudzianin.pl\/WWW\/wp-json\/wp\/v2\/posts\/14834\/revisions"}],"predecessor-version":[{"id":14847,"href":"https:\/\/www.noworudzianin.pl\/WWW\/wp-json\/wp\/v2\/posts\/14834\/revisions\/14847"}],"wp:featuredmedia":[{"embeddable":true,"href":"https:\/\/www.noworudzianin.pl\/WWW\/wp-json\/wp\/v2\/media\/14845"}],"wp:attachment":[{"href":"https:\/\/www.noworudzianin.pl\/WWW\/wp-json\/wp\/v2\/media?parent=14834"}],"wp:term":[{"taxonomy":"category","embeddable":true,"href":"https:\/\/www.noworudzianin.pl\/WWW\/wp-json\/wp\/v2\/categories?post=14834"},{"taxonomy":"post_tag","embeddable":true,"href":"https:\/\/www.noworudzianin.pl\/WWW\/wp-json\/wp\/v2\/tags?post=14834"}],"curies":[{"name":"wp","href":"https:\/\/api.w.org\/{rel}","templated":true}]}}