{"id":14836,"date":"2019-06-13T13:33:23","date_gmt":"2019-06-13T11:33:23","guid":{"rendered":"https:\/\/www.noworudzianin.pl\/WWW\/?p=14836"},"modified":"2019-07-01T10:14:29","modified_gmt":"2019-07-01T08:14:29","slug":"nowa-poradnia-okulistyczna-w-nowej-rudzie","status":"publish","type":"post","link":"https:\/\/www.noworudzianin.pl\/WWW\/2019\/06\/13\/nowa-poradnia-okulistyczna-w-nowej-rudzie\/","title":{"rendered":"Nowa poradnia okulistyczna w Nowej Rudzie"},"content":{"rendered":"<p>W przychodni EVITA w Nowej Rudzie-S\u0142upcu uruchomiono now\u0105 poradni\u0119 okulistyczn\u0105<!--more--><\/p>\n<p>\u2013 Oddzia\u0142 Okulistyczny Specjalistycznego Centrum Medycznego im. \u015bw. Jana Paw\u0142a II w Polanicy-Zdroju jest jedynym oddzia\u0142em okulistycznym w regionie, kt\u00f3ry jest bardzo rozleg\u0142y \u2013 m\u00f3wi\u0142 lek. med. Piotr Marszalik, specjalista chor\u00f3b oczu, od 7 lat kierownik Oddzia\u0142u Okulistycznego SCM. \u2013 Otwarcie poradni w Nowej Rudzie umo\u017cliwia pacjentom z tych okolic \u0142atwiejsze trafienie do SCM-u na dalsze leczenie. Noworudzka poradnia ma pe\u0142ni\u0107 funkcj\u0119 konsultacyjno-kwalifikacyjn\u0105, w kt\u00f3rej pacjent, po pe\u0142nym badaniu okulistycznym, b\u0119dzie kierowany na dalsze leczenie \u2013 doda\u0142.<\/p>\n<p><a href=\"https:\/\/www.noworudzianin.pl\/WWW\/wp-content\/uploads\/2019\/06\/piotr-marszalik.png\"><img loading=\"lazy\" decoding=\"async\" class=\"alignleft size-medium wp-image-14860\" src=\"https:\/\/www.noworudzianin.pl\/WWW\/wp-content\/uploads\/2019\/06\/piotr-marszalik-234x300.png\" alt=\"\" width=\"234\" height=\"300\" srcset=\"https:\/\/www.noworudzianin.pl\/WWW\/wp-content\/uploads\/2019\/06\/piotr-marszalik-234x300.png 234w, https:\/\/www.noworudzianin.pl\/WWW\/wp-content\/uploads\/2019\/06\/piotr-marszalik.png 467w\" sizes=\"(max-width: 234px) 100vw, 234px\" \/><\/a>W nowej Poradni Okulistycznej w przychodni Evita w Nowej Rudzie przy ul. Spacerowej 15a (tel. 74 872 87 22) pacjent\u00f3w b\u0119dzie przyjmowa\u0142 ordynator Piotr Marszalik wraz z doktor Joann\u0105 Pyzi\u0105 \u2013 do\u015bwiadczeni specjali\u015bci chor\u00f3b oczu. B\u0119dzie to pe\u0142na wizyta okulistyczna z okre\u015bleniem wst\u0119pnej diagnozy lub ukierunkowaniem na dalsze badania diagnostyczne. Wizyta w tej poradni b\u0119dzie p\u0142atna, ale dalsze leczenie, b\u0105d\u017a specjalistyczna diagnostyka w SCM, b\u0119d\u0105 refundowane przez Narodowy Fundusz Zdrowia (NFZ) w ramach \u015bwiadcze\u0144, kt\u00f3re przys\u0142uguj\u0105 ka\u017cdemu ubezpieczonemu, za kt\u00f3re pacjenci nie b\u0119d\u0105 p\u0142aci\u0107.<\/p>\n<p>\u2013 Od wielu lat w SCM dysponujemy bardzo bogat\u0105 baz\u0105 urz\u0105dze\u0144 diagnostycznych. Wykonujemy prawie wszystkie operacje okulistyczne \u2013 pocz\u0105wszy od operacji za\u0107my, przez trudne i skomplikowane zabiegi witrektomii, ratuj\u0105ce widzenie, a sko\u0144czywszy na przeszczepach rog\u00f3wki, kt\u00f3rych robimy najwi\u0119cej na Dolnym \u015al\u0105sku \u2013 wyja\u015bnia\u0142 doktor Piotr Marszalik. \u2013 Poradnia, do kt\u00f3rej zapraszamy w Nowej Rudzie, to pocz\u0105tek bardzo kompleksowego podej\u015bcia do pacjenta. Zale\u017cy nam, aby pacjent by\u0142 diagnozowany i leczony od A do Z \u2013 uzupe\u0142ni\u0142.<\/p>\n<p><a href=\"https:\/\/www.noworudzianin.pl\/WWW\/wp-content\/uploads\/2019\/06\/DSC_4644.jpg\"><img loading=\"lazy\" decoding=\"async\" src=\"https:\/\/www.noworudzianin.pl\/WWW\/wp-content\/uploads\/2019\/06\/DSC_4644-630x420.jpg\" alt=\"\" width=\"630\" height=\"420\" \/><\/a><\/p>\n<p>Warto wspomnie\u0107, \u017ce od d\u0142u\u017cszego czasu s\u0105 coraz bardziej popularne wyjazdy np. do Czech na operacje za\u0107my.<br \/>\n\u2013 To r\u00f3wnie\u017c jedna z bardziej istotnych kwestii, dla kt\u00f3rych poradnia w Nowej Rudzie jest uruchamiana. Nie ma bowiem \u017cadnego uzasadnienia i konieczno\u015bci, \u017ceby pacjenci wyje\u017cd\u017cali w tym celu do Czech \u2013 t\u0142umaczy\u0142 doktor Piotr Marszalik. \u2013 Na dzie\u0144 dzisiejszy na operacj\u0119 za\u0107my czeka si\u0119 w polanickim SCM-ie od miesi\u0105ca do dw\u00f3ch. Pacjent mo\u017ce przy okazji mie\u0107 korygowany astygmatyzm, bo r\u00f3wnie\u017c od zesz\u0142ego roku NFZ finansuje operacj\u0119 za\u0107my z soczewkami koryguj\u0105cymi astygmatyzm. Dlatego te wyjazdy do Czech nie s\u0105 konieczne. Jako\u015b\u0107 zabieg\u00f3w mamy na najwy\u017cszym poziomie, u\u017cywamy znakomitego sprz\u0119tu i bardzo dobrych soczewek wewn\u0105trzga\u0142kowych \u2013 doda\u0142.<br \/>\n\u2013 Niestety stamt\u0105d wielu pacjent\u00f3w wraca do nas z powik\u0142aniami \u2013 wtr\u0105ci\u0142a Renata Ja\u017cd\u017c-Zaleska, prezes Zarz\u0105du Specjalistycznego Centrum Medycznego w Polanicy-Zdroju.<br \/>\n\u2013 To prawda \u2013 przyznaje doktor Piotr Marszalik. \u2013 Przez ostatnie 2-3 lata, od kiedy zacz\u0119\u0142a si\u0119 \u201etransgraniczna opieka medyczna\u201d, to tylu powik\u0142a\u0144 nie widzia\u0142em wcze\u015bniej przez swoje ca\u0142e \u017cycie okulistyczne \u2013 wyja\u015bnia\u0142.<\/p>\n<p><a href=\"https:\/\/www.noworudzianin.pl\/WWW\/wp-content\/uploads\/2019\/06\/DSC_4640.jpg\"><img loading=\"lazy\" decoding=\"async\" src=\"https:\/\/www.noworudzianin.pl\/WWW\/wp-content\/uploads\/2019\/06\/DSC_4640-630x420.jpg\" alt=\"\" width=\"630\" height=\"420\" \/><\/a><\/p>\n<p>Czas oczekiwania 1-2 miesi\u0105ce na operacj\u0119 za\u0107my w polanickim szpitalu, to tak naprawd\u0119 czas potrzebny na pe\u0142n\u0105 diagnostyk\u0119 przedoperacyjn\u0105, pomiary konieczne do wykonania odpowiedniej soczewki i przygotowanie si\u0119 pacjenta do zabiegu.<br \/>\n\u2013 Dodatkowo ju\u017c od kilku lat prawie wszystkie operacje za\u0107my w naszym szpitalu wykonujemy w trybie jednodniowym, gdzie nie ma potrzeby pozostawania d\u0142u\u017cej w szpitalu \u2013 co wi\u0119kszo\u015b\u0107 pacjent\u00f3w sobie ceni, ka\u017cdy bowiem woli spa\u0107 we w\u0142asnym \u0142\u00f3\u017cku. Nie jest to zabieg zbyt obci\u0105\u017caj\u0105cy \u2013 tego samego dnia, po zabiegu, pacjent wychodzi do domu, a nast\u0119pnego jest\u00a0kontrolowany \u2013 uzupe\u0142ni\u0142 ordynator.<br \/>\nPoradnia okulistyczna w polanickim szpitalu wyposa\u017cona jest w wiele urz\u0105dze\u0144 specjalistycznych. Podstawowe urz\u0105dzenia b\u0119d\u0105 r\u00f3wnie\u017c w poradni w Nowej Rudzie. W poczekalni szpitala przed poradni\u0105 okulistyczn\u0105, wiele os\u00f3b czeka na badania, ale przyjmowanych jest po kilka os\u00f3b na raz na r\u00f3\u017cnych stanowiskach.<\/p>\n<p><a href=\"https:\/\/www.noworudzianin.pl\/WWW\/wp-content\/uploads\/2019\/06\/DSC_4641.jpg\"><img loading=\"lazy\" decoding=\"async\" src=\"https:\/\/www.noworudzianin.pl\/WWW\/wp-content\/uploads\/2019\/06\/DSC_4641-630x420.jpg\" alt=\"\" width=\"630\" height=\"420\" \/><\/a><\/p>\n<p>Wiele os\u00f3b lekcewa\u017cy problemy ze wzrokiem, kt\u00f3re mog\u0105 zwiastowa\u0107 choroby lub ma problem z ich rozr\u00f3\u017cnianiem. Myli choroby wieszcz\u0105c niepotrzebnie jej skutki, np. w przypadku jaskry i za\u0107my.<br \/>\n\u2013 To dwie zupe\u0142nie r\u00f3\u017cne jednostki chorobowe \u2013 wyja\u015bnia lek. med. Katarzyna Knakiewicz, specjalista chor\u00f3b oczu w polanickim SCM. \u2013 Za\u0107ma to jest choroba, kt\u00f3ra powoduje zm\u0119tnienie soczewki w\u0142asnej pacjenta i mo\u017ce by\u0107 ca\u0142kowicie uleczaln\u0105 chorob\u0105. Wystarczy t\u0119 soczewk\u0119 usun\u0105\u0107 i wymieni\u0107 na sztuczn\u0105, przezroczyst\u0105 i pacjent mo\u017ce wr\u00f3ci\u0107 do pe\u0142nej ostro\u015bci widzenia. Natomiast jaskra, jest to choroba powoduj\u0105ca uszkodzenie nerwu wzrokowego, zwi\u0105zana najcz\u0119\u015bciej podwy\u017cszonym ci\u015bnieniem w oku. Tego si\u0119 niestety nie da cofn\u0105\u0107. Leczenie jaskry zapobiega jej progresji, czyli post\u0119powi choroby \u2013 wyja\u015bnia\u0142a.<\/p>\n<p><a href=\"https:\/\/www.noworudzianin.pl\/WWW\/wp-content\/uploads\/2019\/06\/DSC_4632.jpg\"><img loading=\"lazy\" decoding=\"async\" src=\"https:\/\/www.noworudzianin.pl\/WWW\/wp-content\/uploads\/2019\/06\/DSC_4632-630x420.jpg\" alt=\"\" width=\"630\" height=\"420\" \/><\/a><\/p>\n<p>Objaw\u00f3w problem\u00f3w ze wzrokiem jest wiele. Nie warto ich lekcewa\u017cy\u0107.<\/p>\n<p>Jak wida\u0107, mimo tego, \u017ce pierwsza wizyta w noworudzkiej, nowej poradni okulistycznej b\u0119dzie p\u0142atna, to dalszy ci\u0105g leczenia jest szybki i darmowy. Mo\u017cemy zaoszcz\u0119dzi\u0107 czas, pieni\u0105dze i co najwa\u017cniejsze \u2013 zdrowie lub przynajmniej niepotrzebne nerwy. Kompleksowo, na miejscu, bez odsy\u0142ania od Annasza do Kajfasza, czego bardzo nie lubimy.<\/p>\n<p align=\"center\"><span style=\"color: #0000ff;\">Str. 7 w numerze 383 tygodnika \u201eNoworudzianin\u201d dost\u0119pnym w<\/span> <a href=\"https:\/\/www.noworudzianin.pl\/WWW\/archiwum\/rok-2019\/\" target=\"_blank\" rel=\"noopener noreferrer\">archiwum<\/a>.<\/p>\n<p><script language=\"JavaScript\">\n<!--\nfunction FP_swapImg() {\/\/v1.0\n var doc=document,args=arguments,elm,n; doc.$imgSwaps=new Array(); for(n=2; n<args.length;\n n+=2) { elm=FP_getObjectByID(args[n]); if(elm) { doc.$imgSwaps[doc.$imgSwaps.length]=elm;\n elm.$src=elm.src; elm.src=args[n+1]; } }\n}\nfunction FP_preloadImgs() {\/\/v1.0\n var d=document,a=arguments; if(!d.FP_imgs) d.FP_imgs=new Array();\n for(var i=0; i<a.length; i++) { d.FP_imgs[i]=new Image; d.FP_imgs[i].src=a[i]; }\n}\nfunction FP_getObjectByID(id,o) {\/\/v1.0\n var c,el,els,f,m,n; if(!o)o=document; if(o.getElementById) el=o.getElementById(id);\n else if(o.layers) c=o.layers; else if(o.all) el=o.all[id]; if(el) return el;\n if(o.id==id || o.name==id) return o; if(o.childNodes) c=o.childNodes; if(c)\n for(n=0; n<c.length; n++) { el=FP_getObjectByID(id,c[n]); if(el) return el; }\n f=o.forms; if(f) for(n=0; n<f.length; n++) { els=f[n].elements;\n for(m=0; m<els.length; m++){ el=FP_getObjectByID(id,els[n]); if(el) return el; } } return null; } \/\/ -->\n<\/script><\/p>\n<p align=\"center\"><a href=\"http:\/\/www.noworudzianin.pl\/WWW\/images\/383_b.jpg\" target=\"_blank\" rel=\"noopener noreferrer\"><br \/>\n<img loading=\"lazy\" decoding=\"async\" src=\"http:\/\/www.noworudzianin.pl\/WWW\/images\/383_b_small.jpg\" width=\"221\" height=\"300\" border=\"1\" \/><\/a><br \/>\n<span style=\"font-family: Verdana;\">Numer 383<br \/>\n<span style=\"font-size: small;\">14-20 czerwca 2019 r. <\/span><\/span><br \/>\n<a title=\"pobierz e-gazet\u0119\"><img loading=\"lazy\" decoding=\"async\" id=\"img62\" src=\"http:\/\/www.noworudzianin.pl\/WWW\/images\/button51.jpg\" alt=\"Pobierz tutaj (pdf)\" width=\"150\" height=\"30\" border=\"0\" \/><\/a><\/p>\n","protected":false},"excerpt":{"rendered":"<p>W przychodni EVITA w Nowej Rudzie-S\u0142upcu uruchomiono now\u0105 poradni\u0119 okulistyczn\u0105<\/p>\n","protected":false},"author":4,"featured_media":14859,"comment_status":"open","ping_status":"closed","sticky":false,"template":"","format":"standard","meta":{"om_disable_all_campaigns":false,"_monsterinsights_skip_tracking":false,"_monsterinsights_sitenote_active":false,"_monsterinsights_sitenote_note":"","_monsterinsights_sitenote_category":0,"_uf_show_specific_survey":0,"_uf_disable_surveys":false,"footnotes":""},"categories":[2,29,9,6,23,281],"tags":[3924,3925,3922,20,5,3906,3926,3923,3927],"aioseo_notices":[],"amp_enabled":true,"_links":{"self":[{"href":"https:\/\/www.noworudzianin.pl\/WWW\/wp-json\/wp\/v2\/posts\/14836"}],"collection":[{"href":"https:\/\/www.noworudzianin.pl\/WWW\/wp-json\/wp\/v2\/posts"}],"about":[{"href":"https:\/\/www.noworudzianin.pl\/WWW\/wp-json\/wp\/v2\/types\/post"}],"author":[{"embeddable":true,"href":"https:\/\/www.noworudzianin.pl\/WWW\/wp-json\/wp\/v2\/users\/4"}],"replies":[{"embeddable":true,"href":"https:\/\/www.noworudzianin.pl\/WWW\/wp-json\/wp\/v2\/comments?post=14836"}],"version-history":[{"count":5,"href":"https:\/\/www.noworudzianin.pl\/WWW\/wp-json\/wp\/v2\/posts\/14836\/revisions"}],"predecessor-version":[{"id":15260,"href":"https:\/\/www.noworudzianin.pl\/WWW\/wp-json\/wp\/v2\/posts\/14836\/revisions\/15260"}],"wp:featuredmedia":[{"embeddable":true,"href":"https:\/\/www.noworudzianin.pl\/WWW\/wp-json\/wp\/v2\/media\/14859"}],"wp:attachment":[{"href":"https:\/\/www.noworudzianin.pl\/WWW\/wp-json\/wp\/v2\/media?parent=14836"}],"wp:term":[{"taxonomy":"category","embeddable":true,"href":"https:\/\/www.noworudzianin.pl\/WWW\/wp-json\/wp\/v2\/categories?post=14836"},{"taxonomy":"post_tag","embeddable":true,"href":"https:\/\/www.noworudzianin.pl\/WWW\/wp-json\/wp\/v2\/tags?post=14836"}],"curies":[{"name":"wp","href":"https:\/\/api.w.org\/{rel}","templated":true}]}}