{"id":14909,"date":"2019-06-14T11:53:47","date_gmt":"2019-06-14T09:53:47","guid":{"rendered":"https:\/\/www.noworudzianin.pl\/WWW\/?p=14909"},"modified":"2019-06-14T11:53:47","modified_gmt":"2019-06-14T09:53:47","slug":"sciezka-bez-oswietlenia","status":"publish","type":"post","link":"https:\/\/www.noworudzianin.pl\/WWW\/2019\/06\/14\/sciezka-bez-oswietlenia\/","title":{"rendered":"\u015acie\u017cka bez o\u015bwietlenia"},"content":{"rendered":"<p>Sprzyjaj\u0105ca aura powoduje to, \u017ce na \u015bcie\u017ckach rowerowych wida\u0107 coraz wi\u0119cej amator\u00f3w jazdy jedno\u015bladem, kt\u00f3rzy wybrali w\u0142a\u015bnie tak\u0105 form\u0119 sp\u0119dzania wolnego czasu czy te\u017c dojazdu do pracy. Ze \u015bcie\u017cek rowerowych w naszym mie\u015bcie korzysta te\u017c ich coraz wi\u0119cej. O ile ta w Drogos\u0142awiu jest o\u015bwietlona, to na brak o\u015bwietlenia \u015bcie\u017cki rowerowej Centrum \u2013 S\u0142upiec rowerzy\u015bci narzekaj\u0105.<br \/>\n\u2013 Fajnie, \u017ce tak\u0105 \u015bcie\u017ck\u0119 wybudowano, bardzo cz\u0119sto korzystam z niej doje\u017cd\u017caj\u0105c do pracy, ale nie tylko, jednak wielu jej u\u017cytkownik\u00f3w narzeka na brak o\u015bwietlenia \u2013 m\u00f3wi Piotr.<\/p>\n<p>O to czy realna jest w tym roku budowa o\u015bwietlenia wzd\u0142u\u017c ok 3,3 km \u015bcie\u017cki rowerowej zapytali\u015bmy Tomasz Kili\u0144skiego, burmistrza Nowej Rudy.<br \/>\n\u2013 Na razie tej inwestycji nie mamy w planach. Jest to du\u017ca inwestycja i na pewno nie b\u0119dziemy jej realizowa\u0107 ze \u015brodk\u00f3w w\u0142asnych. Nie wykluczam jednak, \u017ce poka\u017c\u0105 si\u0119 takie mo\u017cliwo\u015bci i na ten cel b\u0119dzie mo\u017cna pozyska\u0107 \u015brodki unijne \u2013 t\u0142umaczy Tomasz Kili\u0144ski. \u2013 M\u00f3wi\u0105c o projektach niskoemisyjnych mam \u015bwiadomo\u015b\u0107 tego, \u017ce nawet je\u017celi ko\u0144czy si\u0119 obecna perspektywa finansowa Unii Europejskiej, to nowa r\u00f3wnie\u017c b\u0119dzie k\u0142ad\u0142a nacisk na ten obszar i by\u0107 mo\u017ce znajd\u0105 si\u0119 mo\u017cliwo\u015bci pozyskania \u015brodk\u00f3w na ten cel \u2013 dodaje burmistrz. <\/p>\n","protected":false},"excerpt":{"rendered":"<p>Sprzyjaj\u0105ca aura powoduje to, \u017ce na \u015bcie\u017ckach rowerowych wida\u0107 coraz wi\u0119cej amator\u00f3w jazdy jedno\u015bladem, kt\u00f3rzy wybrali w\u0142a\u015bnie tak\u0105 form\u0119 sp\u0119dzania<\/p>\n","protected":false},"author":4,"featured_media":14910,"comment_status":"open","ping_status":"closed","sticky":false,"template":"","format":"standard","meta":{"om_disable_all_campaigns":false,"_monsterinsights_skip_tracking":false,"_monsterinsights_sitenote_active":false,"_monsterinsights_sitenote_note":"","_monsterinsights_sitenote_category":0,"_uf_show_specific_survey":0,"_uf_disable_surveys":false,"footnotes":""},"categories":[2,6],"tags":[20,5,3906,3938,462],"aioseo_notices":[],"amp_enabled":true,"_links":{"self":[{"href":"https:\/\/www.noworudzianin.pl\/WWW\/wp-json\/wp\/v2\/posts\/14909"}],"collection":[{"href":"https:\/\/www.noworudzianin.pl\/WWW\/wp-json\/wp\/v2\/posts"}],"about":[{"href":"https:\/\/www.noworudzianin.pl\/WWW\/wp-json\/wp\/v2\/types\/post"}],"author":[{"embeddable":true,"href":"https:\/\/www.noworudzianin.pl\/WWW\/wp-json\/wp\/v2\/users\/4"}],"replies":[{"embeddable":true,"href":"https:\/\/www.noworudzianin.pl\/WWW\/wp-json\/wp\/v2\/comments?post=14909"}],"version-history":[{"count":1,"href":"https:\/\/www.noworudzianin.pl\/WWW\/wp-json\/wp\/v2\/posts\/14909\/revisions"}],"predecessor-version":[{"id":14911,"href":"https:\/\/www.noworudzianin.pl\/WWW\/wp-json\/wp\/v2\/posts\/14909\/revisions\/14911"}],"wp:featuredmedia":[{"embeddable":true,"href":"https:\/\/www.noworudzianin.pl\/WWW\/wp-json\/wp\/v2\/media\/14910"}],"wp:attachment":[{"href":"https:\/\/www.noworudzianin.pl\/WWW\/wp-json\/wp\/v2\/media?parent=14909"}],"wp:term":[{"taxonomy":"category","embeddable":true,"href":"https:\/\/www.noworudzianin.pl\/WWW\/wp-json\/wp\/v2\/categories?post=14909"},{"taxonomy":"post_tag","embeddable":true,"href":"https:\/\/www.noworudzianin.pl\/WWW\/wp-json\/wp\/v2\/tags?post=14909"}],"curies":[{"name":"wp","href":"https:\/\/api.w.org\/{rel}","templated":true}]}}