{"id":15080,"date":"2019-06-24T12:29:31","date_gmt":"2019-06-24T10:29:31","guid":{"rendered":"https:\/\/www.noworudzianin.pl\/WWW\/?p=15080"},"modified":"2019-06-24T12:29:31","modified_gmt":"2019-06-24T10:29:31","slug":"miejsce-z-widokiem","status":"publish","type":"post","link":"https:\/\/www.noworudzianin.pl\/WWW\/2019\/06\/24\/miejsce-z-widokiem\/","title":{"rendered":"Miejsce z widokiem"},"content":{"rendered":"<p>Kolejna inwestycja w popraw\u0119 infrastruktury turystycznej w Gminie Radk\u00f3w &#8211; na szczycie G\u00f3ry Guzowatej w Radkowie ku ko\u0144cowi zmierza budowa platformy widokowej. W miejscu istniej\u0105cego ju\u017c w okresie przed II wojn\u0105 \u015bwiatow\u0105 oraz w czasach powojennych punktu widokowego powstaje platforma widokowa. Budowla w kszta\u0142cie elipsy, wychylona lekko nad zboczem niew\u0105tpliwie stanowi\u0107 b\u0119dzie bardzo atrakcyjny punkt na mapie turystycznej regionu. A to wszystko za spraw\u0105 widok\u00f3w, kt\u00f3re si\u0119 st\u0105d roztaczaj\u0105 na G\u00f3ry Sto\u0142owe i Zalew Radkowski. Do platformy mo\u017cna si\u0119 b\u0119dzie dosta\u0107 na dwa sposoby \u2013 drog\u0105 asfaltow\u0105 prowadz\u0105c\u0105 od ul. Grunwaldzkiej w Radkowie (idealna propozycja dla rowerzyst\u00f3w) oraz \u015bcie\u017ck\u0105 prowadz\u0105c\u0105 od Zalewu przez las. Przebieg tej ostatniej zosta\u0142 ju\u017c wst\u0119pnie zaprojektowany (mapka poni\u017cej). Obecnie trwaj\u0105 ustalenia z zarz\u0105dc\u0105 terenu, czyli Nadle\u015bnictwem Zdroje. Ponadto inwestycja przewiduje r\u00f3wnie\u017c budow\u0119 o\u015bwietlenia ulicznego na odcinku drogi od ul. Grunwaldzkiej w Radkowie do tarasu widokowego na g\u00f3rze Guzowata. O zako\u0144czeniu inwestycji i oddaniu obiektu do u\u017cytku b\u0119dziemy Pa\u0144stwa informowa\u0107 wkr\u00f3tce.<\/p>\n<p>Powstanie tarasu widokowego zwi\u0105zane jest z realizacj\u0105 projektu pn. \u201eCzesko-polski Szlak Grzbietowy &#8211; cz\u0119\u015b\u0107 wschodnia\u201d wsp\u00f3\u0142finansowanego przez Uni\u0119 Europejsk\u0105 w ramach Programu INTERREG V-A Republika Czeska \u2013 Polska ze \u015brodk\u00f3w Europejskiego Funduszu Rozwoju Regionalnego &#8211; \u201ePrzekraczamy granice\u201d. Koszt ca\u0142kowity inwestycji wyniesie 1 021 734,56 z\u0142, z czego 85% \u015brodk\u00f3w zostanie pokrytych z dofinansowania. Projekt ma na celu wi\u0119ksze wykorzystanie bogactwa przyrodniczego i kulturowego zlokalizowanego na terenie pogranicza kraju libereckiego, kralowohradeckiego, pardubickiego i o\u0142omunieckiego oraz wojew\u00f3dztwa dolno\u015bl\u0105skiego. Cel projektu zostanie osi\u0105gni\u0119ty poprzez odtworzenie historycznego szlaku turystycznego z kilkoma po\u0142\u0105czeniami przez granic\u0119, zrealizowanie inwestycji towarzysz\u0105cych w postaci punkt\u00f3w i wie\u017c widokowych oraz szeroko zakrojon\u0105 kampani\u0105 promocyjn\u0105 prowadzon\u0105 pod wsp\u00f3ln\u0105 mark\u0105. W projekcie udzia\u0142 bierze 17 partner\u00f3w z Polski i Czech pod przewodnictwem Euroregionu Glacensis Czech i Morav.<\/p>\n<p><a href=\"https:\/\/www.noworudzianin.pl\/WWW\/wp-content\/uploads\/2019\/06\/Miejsce-z-widokiem-1.jpg\"><img loading=\"lazy\" decoding=\"async\" src=\"https:\/\/www.noworudzianin.pl\/WWW\/wp-content\/uploads\/2019\/06\/Miejsce-z-widokiem-1-630x418.jpg\" alt=\"\" width=\"630\" height=\"418\" class=\"alignnone size-large wp-image-15082\" srcset=\"https:\/\/www.noworudzianin.pl\/WWW\/wp-content\/uploads\/2019\/06\/Miejsce-z-widokiem-1-630x418.jpg 630w, https:\/\/www.noworudzianin.pl\/WWW\/wp-content\/uploads\/2019\/06\/Miejsce-z-widokiem-1-300x199.jpg 300w, https:\/\/www.noworudzianin.pl\/WWW\/wp-content\/uploads\/2019\/06\/Miejsce-z-widokiem-1-768x510.jpg 768w, https:\/\/www.noworudzianin.pl\/WWW\/wp-content\/uploads\/2019\/06\/Miejsce-z-widokiem-1.jpg 1200w\" sizes=\"(max-width: 630px) 100vw, 630px\" \/><\/a><\/p>\n<p><a href=\"https:\/\/www.noworudzianin.pl\/WWW\/wp-content\/uploads\/2019\/06\/Miejsce-z-widokiem-2.jpg\"><img loading=\"lazy\" decoding=\"async\" src=\"https:\/\/www.noworudzianin.pl\/WWW\/wp-content\/uploads\/2019\/06\/Miejsce-z-widokiem-2-630x418.jpg\" alt=\"\" width=\"630\" height=\"418\" class=\"alignnone size-large wp-image-15083\" srcset=\"https:\/\/www.noworudzianin.pl\/WWW\/wp-content\/uploads\/2019\/06\/Miejsce-z-widokiem-2-630x418.jpg 630w, https:\/\/www.noworudzianin.pl\/WWW\/wp-content\/uploads\/2019\/06\/Miejsce-z-widokiem-2-300x199.jpg 300w, https:\/\/www.noworudzianin.pl\/WWW\/wp-content\/uploads\/2019\/06\/Miejsce-z-widokiem-2-768x510.jpg 768w, https:\/\/www.noworudzianin.pl\/WWW\/wp-content\/uploads\/2019\/06\/Miejsce-z-widokiem-2.jpg 1200w\" sizes=\"(max-width: 630px) 100vw, 630px\" \/><\/a><\/p>\n<p><a href=\"https:\/\/www.noworudzianin.pl\/WWW\/wp-content\/uploads\/2019\/06\/Miejsce-z-widokiem-3.jpg\"><img loading=\"lazy\" decoding=\"async\" src=\"https:\/\/www.noworudzianin.pl\/WWW\/wp-content\/uploads\/2019\/06\/Miejsce-z-widokiem-3-630x418.jpg\" alt=\"\" width=\"630\" height=\"418\" class=\"alignnone size-large wp-image-15084\" srcset=\"https:\/\/www.noworudzianin.pl\/WWW\/wp-content\/uploads\/2019\/06\/Miejsce-z-widokiem-3-630x418.jpg 630w, https:\/\/www.noworudzianin.pl\/WWW\/wp-content\/uploads\/2019\/06\/Miejsce-z-widokiem-3-300x199.jpg 300w, https:\/\/www.noworudzianin.pl\/WWW\/wp-content\/uploads\/2019\/06\/Miejsce-z-widokiem-3-768x510.jpg 768w, https:\/\/www.noworudzianin.pl\/WWW\/wp-content\/uploads\/2019\/06\/Miejsce-z-widokiem-3.jpg 1200w\" sizes=\"(max-width: 630px) 100vw, 630px\" \/><\/a><\/p>\n<p><a href=\"https:\/\/www.noworudzianin.pl\/WWW\/wp-content\/uploads\/2019\/06\/Miejsce-z-widokiem-4.jpg\"><img loading=\"lazy\" decoding=\"async\" src=\"https:\/\/www.noworudzianin.pl\/WWW\/wp-content\/uploads\/2019\/06\/Miejsce-z-widokiem-4-630x418.jpg\" alt=\"\" width=\"630\" height=\"418\" class=\"alignnone size-large wp-image-15085\" srcset=\"https:\/\/www.noworudzianin.pl\/WWW\/wp-content\/uploads\/2019\/06\/Miejsce-z-widokiem-4-630x418.jpg 630w, https:\/\/www.noworudzianin.pl\/WWW\/wp-content\/uploads\/2019\/06\/Miejsce-z-widokiem-4-300x199.jpg 300w, https:\/\/www.noworudzianin.pl\/WWW\/wp-content\/uploads\/2019\/06\/Miejsce-z-widokiem-4-768x510.jpg 768w, https:\/\/www.noworudzianin.pl\/WWW\/wp-content\/uploads\/2019\/06\/Miejsce-z-widokiem-4.jpg 1200w\" sizes=\"(max-width: 630px) 100vw, 630px\" \/><\/a><\/p>\n<p><a href=\"https:\/\/www.noworudzianin.pl\/WWW\/wp-content\/uploads\/2019\/06\/Miejsce-z-widokiem-6.jpg\"><img loading=\"lazy\" decoding=\"async\" src=\"https:\/\/www.noworudzianin.pl\/WWW\/wp-content\/uploads\/2019\/06\/Miejsce-z-widokiem-6-630x418.jpg\" alt=\"\" width=\"630\" height=\"418\" class=\"alignnone size-large wp-image-15086\" srcset=\"https:\/\/www.noworudzianin.pl\/WWW\/wp-content\/uploads\/2019\/06\/Miejsce-z-widokiem-6-630x418.jpg 630w, https:\/\/www.noworudzianin.pl\/WWW\/wp-content\/uploads\/2019\/06\/Miejsce-z-widokiem-6-300x199.jpg 300w, https:\/\/www.noworudzianin.pl\/WWW\/wp-content\/uploads\/2019\/06\/Miejsce-z-widokiem-6-768x510.jpg 768w, https:\/\/www.noworudzianin.pl\/WWW\/wp-content\/uploads\/2019\/06\/Miejsce-z-widokiem-6.jpg 1200w\" sizes=\"(max-width: 630px) 100vw, 630px\" \/><\/a><\/p>\n","protected":false},"excerpt":{"rendered":"<p>Kolejna inwestycja w popraw\u0119 infrastruktury turystycznej w Gminie Radk\u00f3w &#8211; na szczycie G\u00f3ry Guzowatej w Radkowie ku ko\u0144cowi zmierza budowa<\/p>\n","protected":false},"author":4,"featured_media":15081,"comment_status":"open","ping_status":"closed","sticky":false,"template":"","format":"standard","meta":{"om_disable_all_campaigns":false,"_monsterinsights_skip_tracking":false,"_monsterinsights_sitenote_active":false,"_monsterinsights_sitenote_note":"","_monsterinsights_sitenote_category":0,"_uf_show_specific_survey":0,"_uf_disable_surveys":false,"footnotes":""},"categories":[2,9,146],"tags":[10,3966,5,3945],"aioseo_notices":[],"amp_enabled":true,"_links":{"self":[{"href":"https:\/\/www.noworudzianin.pl\/WWW\/wp-json\/wp\/v2\/posts\/15080"}],"collection":[{"href":"https:\/\/www.noworudzianin.pl\/WWW\/wp-json\/wp\/v2\/posts"}],"about":[{"href":"https:\/\/www.noworudzianin.pl\/WWW\/wp-json\/wp\/v2\/types\/post"}],"author":[{"embeddable":true,"href":"https:\/\/www.noworudzianin.pl\/WWW\/wp-json\/wp\/v2\/users\/4"}],"replies":[{"embeddable":true,"href":"https:\/\/www.noworudzianin.pl\/WWW\/wp-json\/wp\/v2\/comments?post=15080"}],"version-history":[{"count":1,"href":"https:\/\/www.noworudzianin.pl\/WWW\/wp-json\/wp\/v2\/posts\/15080\/revisions"}],"predecessor-version":[{"id":15087,"href":"https:\/\/www.noworudzianin.pl\/WWW\/wp-json\/wp\/v2\/posts\/15080\/revisions\/15087"}],"wp:featuredmedia":[{"embeddable":true,"href":"https:\/\/www.noworudzianin.pl\/WWW\/wp-json\/wp\/v2\/media\/15081"}],"wp:attachment":[{"href":"https:\/\/www.noworudzianin.pl\/WWW\/wp-json\/wp\/v2\/media?parent=15080"}],"wp:term":[{"taxonomy":"category","embeddable":true,"href":"https:\/\/www.noworudzianin.pl\/WWW\/wp-json\/wp\/v2\/categories?post=15080"},{"taxonomy":"post_tag","embeddable":true,"href":"https:\/\/www.noworudzianin.pl\/WWW\/wp-json\/wp\/v2\/tags?post=15080"}],"curies":[{"name":"wp","href":"https:\/\/api.w.org\/{rel}","templated":true}]}}