{"id":16097,"date":"2019-08-05T08:25:08","date_gmt":"2019-08-05T06:25:08","guid":{"rendered":"https:\/\/www.noworudzianin.pl\/WWW\/?p=16097"},"modified":"2019-08-05T08:26:24","modified_gmt":"2019-08-05T06:26:24","slug":"swieto-matki-boskiej-szkaplerznej-w-berdyczowie","status":"publish","type":"post","link":"https:\/\/www.noworudzianin.pl\/WWW\/2019\/08\/05\/swieto-matki-boskiej-szkaplerznej-w-berdyczowie\/","title":{"rendered":"\u015awi\u0119to Matki Boskiej Szkaplerznej w Berdyczowie"},"content":{"rendered":"<p>Ju\u017c po raz trzeci wolontariusze Fundacji Studio Wsch\u00f3d z Jugowa uczestniczyli w obchodach \u015awi\u0119ta Matki Boskiej Berdyczowskiej<!--more-->. W uroczystej mszy \u015bw. koncelebrowanej przez ks. biskupa Witalisa Skomarowskiego, ordynariusza diecezji \u0142uckiej, w Narodowym Sanktuarium Matki Boskiej Szkaplerznej w Berdyczowie uczestniczy\u0142 Andrzej Dera, Sekretarz Stanu w Kancelarii Prezydenta RP. Obecnie wsp\u00f3lnota w Berdyczowie liczy sze\u015bciu ojc\u00f3w z klasztoru Karmelit\u00f3w Bosych. Ich praca ukierunkowana jest na trosk\u0119 o parafian (ok. 2 tys.) oraz przybywaj\u0105cych do Sanktuarium pielgrzym\u00f3w (rocznie ok. 40 tys. os\u00f3b nie tylko z Ukrainy). W 2013r. po odremontowaniu kolejnej cz\u0119\u015bci zabudowa\u0144 przyklasztornych ojcowie stworzyli przy Sanktuarium-O\u015brodek Charytatywny \u201eKarmel\u201d, gdzie prowadzona jest dzia\u0142alno\u015b\u0107 socjalna, fizjoterapeutyczna oraz kulturalno-o\u015bwiatowa. W 2015 r. ojcowie otworzyli muzeum wybitnego pisarza pochodz\u0105cego z Berdyczowa &#8211; Josepha Conrada- Korzeniowskiego. <\/p>\n<p>Z archiwum klasztoru: Oto cz\u0142owiek, kt\u00f3ry przyby\u0142 pieszo z dalekich stron, zasypany kurzaw\u0105, s\u0142o\u0144ce twarz mu spali\u0142o, silny, barczysty, a \u0142ka jak dzieci\u0119 i na ziemi\u0119 pada. Wzi\u0105wszy go za chorego, kto\u015b zapytuje o \u0142ez przyczyn\u0119, a on na to:<\/p>\n<p>\u201eZdr\u00f3w jestem panie, gdy tylko spojrz\u0119 na ten ukochany obraz naszej Matki, gdy wspomn\u0119 ile \u0142ask tu dozna\u0142em, czuj\u0119 si\u0119 takim ma\u0142ym i prostym, \u017cem nie wart spojrzenia Przenaj\u015bwi\u0119tszej Panny. Jednak\u017ce zna Ona zawsze najskrytsze my\u015bli moje, widzi we mnie krzywdy, i cho\u0107 przemawia do mnie tylko przez usta kap\u0142ana czuj\u0119 jak b\u00f3l po b\u00f3lu odpadaj\u0105 mi z serca. Dla takiego uspokojenia warto sto mil i\u015b\u0107 pieszo\u201d. <\/p>\n<p><a href=\"https:\/\/www.noworudzianin.pl\/WWW\/wp-content\/uploads\/2019\/08\/\u015awi\u0119to-Matki-Boskiej-Szkaplerznej-w-Berdyczowie-1.jpg\"><img loading=\"lazy\" decoding=\"async\" src=\"https:\/\/www.noworudzianin.pl\/WWW\/wp-content\/uploads\/2019\/08\/\u015awi\u0119to-Matki-Boskiej-Szkaplerznej-w-Berdyczowie-1-630x473.jpg\" alt=\"\" width=\"630\" height=\"473\" class=\"alignnone size-large wp-image-16099\" srcset=\"https:\/\/www.noworudzianin.pl\/WWW\/wp-content\/uploads\/2019\/08\/\u015awi\u0119to-Matki-Boskiej-Szkaplerznej-w-Berdyczowie-1-630x473.jpg 630w, https:\/\/www.noworudzianin.pl\/WWW\/wp-content\/uploads\/2019\/08\/\u015awi\u0119to-Matki-Boskiej-Szkaplerznej-w-Berdyczowie-1-300x225.jpg 300w, https:\/\/www.noworudzianin.pl\/WWW\/wp-content\/uploads\/2019\/08\/\u015awi\u0119to-Matki-Boskiej-Szkaplerznej-w-Berdyczowie-1-768x576.jpg 768w, https:\/\/www.noworudzianin.pl\/WWW\/wp-content\/uploads\/2019\/08\/\u015awi\u0119to-Matki-Boskiej-Szkaplerznej-w-Berdyczowie-1.jpg 1600w\" sizes=\"(max-width: 630px) 100vw, 630px\" \/><\/a><\/p>\n<p><a href=\"https:\/\/www.noworudzianin.pl\/WWW\/wp-content\/uploads\/2019\/08\/\u015awi\u0119to-Matki-Boskiej-Szkaplerznej-w-Berdyczowie-3.jpg\"><img loading=\"lazy\" decoding=\"async\" src=\"https:\/\/www.noworudzianin.pl\/WWW\/wp-content\/uploads\/2019\/08\/\u015awi\u0119to-Matki-Boskiej-Szkaplerznej-w-Berdyczowie-3-630x473.jpg\" alt=\"\" width=\"630\" height=\"473\" class=\"alignnone size-large wp-image-16100\" srcset=\"https:\/\/www.noworudzianin.pl\/WWW\/wp-content\/uploads\/2019\/08\/\u015awi\u0119to-Matki-Boskiej-Szkaplerznej-w-Berdyczowie-3-630x473.jpg 630w, https:\/\/www.noworudzianin.pl\/WWW\/wp-content\/uploads\/2019\/08\/\u015awi\u0119to-Matki-Boskiej-Szkaplerznej-w-Berdyczowie-3-300x225.jpg 300w, https:\/\/www.noworudzianin.pl\/WWW\/wp-content\/uploads\/2019\/08\/\u015awi\u0119to-Matki-Boskiej-Szkaplerznej-w-Berdyczowie-3-768x576.jpg 768w, https:\/\/www.noworudzianin.pl\/WWW\/wp-content\/uploads\/2019\/08\/\u015awi\u0119to-Matki-Boskiej-Szkaplerznej-w-Berdyczowie-3.jpg 1600w\" sizes=\"(max-width: 630px) 100vw, 630px\" \/><\/a><\/p>\n<p><a href=\"https:\/\/www.noworudzianin.pl\/WWW\/wp-content\/uploads\/2019\/08\/\u015awi\u0119to-Matki-Boskiej-Szkaplerznej-w-Berdyczowie-4.jpg\"><img loading=\"lazy\" decoding=\"async\" src=\"https:\/\/www.noworudzianin.pl\/WWW\/wp-content\/uploads\/2019\/08\/\u015awi\u0119to-Matki-Boskiej-Szkaplerznej-w-Berdyczowie-4-630x473.jpg\" alt=\"\" width=\"630\" height=\"473\" class=\"alignnone size-large wp-image-16101\" srcset=\"https:\/\/www.noworudzianin.pl\/WWW\/wp-content\/uploads\/2019\/08\/\u015awi\u0119to-Matki-Boskiej-Szkaplerznej-w-Berdyczowie-4-630x473.jpg 630w, https:\/\/www.noworudzianin.pl\/WWW\/wp-content\/uploads\/2019\/08\/\u015awi\u0119to-Matki-Boskiej-Szkaplerznej-w-Berdyczowie-4-300x225.jpg 300w, https:\/\/www.noworudzianin.pl\/WWW\/wp-content\/uploads\/2019\/08\/\u015awi\u0119to-Matki-Boskiej-Szkaplerznej-w-Berdyczowie-4-768x576.jpg 768w, https:\/\/www.noworudzianin.pl\/WWW\/wp-content\/uploads\/2019\/08\/\u015awi\u0119to-Matki-Boskiej-Szkaplerznej-w-Berdyczowie-4.jpg 1600w\" sizes=\"(max-width: 630px) 100vw, 630px\" \/><\/a><\/p>\n","protected":false},"excerpt":{"rendered":"<p>Ju\u017c po raz trzeci wolontariusze Fundacji Studio Wsch\u00f3d z Jugowa uczestniczyli w obchodach \u015awi\u0119ta Matki Boskiej Berdyczowskiej<\/p>\n","protected":false},"author":4,"featured_media":16098,"comment_status":"open","ping_status":"closed","sticky":false,"template":"","format":"standard","meta":{"om_disable_all_campaigns":false,"_monsterinsights_skip_tracking":false,"_monsterinsights_sitenote_active":false,"_monsterinsights_sitenote_note":"","_monsterinsights_sitenote_category":0,"_uf_show_specific_survey":0,"_uf_disable_surveys":false,"footnotes":""},"categories":[2,29,84,2116],"tags":[4207],"aioseo_notices":[],"amp_enabled":true,"_links":{"self":[{"href":"https:\/\/www.noworudzianin.pl\/WWW\/wp-json\/wp\/v2\/posts\/16097"}],"collection":[{"href":"https:\/\/www.noworudzianin.pl\/WWW\/wp-json\/wp\/v2\/posts"}],"about":[{"href":"https:\/\/www.noworudzianin.pl\/WWW\/wp-json\/wp\/v2\/types\/post"}],"author":[{"embeddable":true,"href":"https:\/\/www.noworudzianin.pl\/WWW\/wp-json\/wp\/v2\/users\/4"}],"replies":[{"embeddable":true,"href":"https:\/\/www.noworudzianin.pl\/WWW\/wp-json\/wp\/v2\/comments?post=16097"}],"version-history":[{"count":2,"href":"https:\/\/www.noworudzianin.pl\/WWW\/wp-json\/wp\/v2\/posts\/16097\/revisions"}],"predecessor-version":[{"id":16103,"href":"https:\/\/www.noworudzianin.pl\/WWW\/wp-json\/wp\/v2\/posts\/16097\/revisions\/16103"}],"wp:featuredmedia":[{"embeddable":true,"href":"https:\/\/www.noworudzianin.pl\/WWW\/wp-json\/wp\/v2\/media\/16098"}],"wp:attachment":[{"href":"https:\/\/www.noworudzianin.pl\/WWW\/wp-json\/wp\/v2\/media?parent=16097"}],"wp:term":[{"taxonomy":"category","embeddable":true,"href":"https:\/\/www.noworudzianin.pl\/WWW\/wp-json\/wp\/v2\/categories?post=16097"},{"taxonomy":"post_tag","embeddable":true,"href":"https:\/\/www.noworudzianin.pl\/WWW\/wp-json\/wp\/v2\/tags?post=16097"}],"curies":[{"name":"wp","href":"https:\/\/api.w.org\/{rel}","templated":true}]}}