{"id":16271,"date":"2019-08-19T11:23:12","date_gmt":"2019-08-19T09:23:12","guid":{"rendered":"https:\/\/www.noworudzianin.pl\/WWW\/?p=16271"},"modified":"2019-08-19T12:50:18","modified_gmt":"2019-08-19T10:50:18","slug":"noworudzki-szpital-bez-zmian","status":"publish","type":"post","link":"https:\/\/www.noworudzianin.pl\/WWW\/2019\/08\/19\/noworudzki-szpital-bez-zmian\/","title":{"rendered":"Noworudzki szpital bez zmian"},"content":{"rendered":"<p>Nieprawd\u0105 jest jakoby Oddzia\u0142 Wewn\u0119trzny noworudzkiego szpitala mia\u0142by zosta\u0107 zamkni\u0119ty. Informacje na ten temat od kilku dni rozgrzewaj\u0105 noworudzian<!--more-->. We wtorek o 12.00 pod szpitalem planowana jest pikieta<\/p>\n<p>Informacje na temat zamkni\u0119cia szpitala ju\u017c od jakiego\u015b czasu kr\u0105\u017c\u0105 po mie\u015bcie. To prawda, \u017ce sytuacja k\u0142odzkiego Zespo\u0142u Opieki Zdrowotnej jest nieweso\u0142a, szpital jest zad\u0142u\u017cony na 8 milion\u00f3w z\u0142otych a Ministerstwo Zdrowia i  Narodowy Fundusz Zdrowia nic w tym kierunku nie robi. Kontrakt jaki obowi\u0105zuje w tym roku jest lustrzanym odbiciem kontraktu z 2015 r. W tym czasie podro\u017ca\u0142y us\u0142ugi, media, by\u0142y podwy\u017cki pensji lekarzy i piel\u0119gniarek, ale w krok za tym nie sz\u0142y \u017cadne pieni\u0105dze. Pod koniec ubieg\u0142ego tygodnia w mediach ukaza\u0142a si\u0119 informacja o planowanym zamkni\u0119ciu noworudzkiego szpitala. Od kilkunastu dni zbierane s\u0105 podpisy pod petycj\u0105 w obronie szpitala. Czy prawd\u0105 jest, \u017ce szpital w Nowej Rudzie ma by\u0107 wygaszony zapytali\u015bmy Jadwig\u0119 Radziejewsk\u0105, dyrektora ZOZ K\u0142odzko.<br \/>\n\u2013 Informacje o zamkni\u0119ciu Oddzia\u0142u Wewn\u0119trznego w Nowej Rudzie s\u0105 nieprawdziwe \u2013zapewnia dyrektor. \u2013 Na czas zas\u0142u\u017conego urlopu ordynatora oddzia\u0142u dr Tadeusza St\u0119pkowskiego zosta\u0142y wstrzymane przyj\u0119cia, cz\u0119\u015b\u0107 pacjent\u00f3w kt\u00f3ra wymaga\u0142a dalszej hospitalizacji zosta\u0142a przewieziona do K\u0142odzka. Niekt\u00f3re piel\u0119gniarki na czas przerwy zosta\u0142y przeniesione do pracy w Zak\u0142adzie Opeku\u0144czo-Leczniczym, a zdecydowana wi\u0119kszo\u015b\u0107 jest na urlopie \u2013 dodaje Jadwiga Radziejewska.<\/p>\n<p>Informacje o zamkni\u0119ciu szpitala w Nowej Rudzie dementuje r\u00f3wnie\u017c Ma\u0142gorzata J\u0119drzejewska-Skrzypczyk, wicestarosta powiatu k\u0142odzkiego.<br \/>\n\u2013 Nie wiem sk\u0105d nagle zrobi\u0142 si\u0119 taki szum i sk\u0105d si\u0119 wzi\u0119\u0142y nieprawdziwe informacje dotycz\u0105ce zamiaru likwidacji Oddzia\u0142u Wewn\u0119trznego w Nowej Rudzie. Z powodu urlopu ordynatora oddzia\u0142 jest nieczynny do 22 wrze\u015bnia, a ju\u017c 23 z powrotem zacznie normaln\u0105 prace \u2013 wyja\u015bnia wicestarosta. <\/p>\n<p>Przypomnijmy, te\u017c \u017ce w\u0142a\u015bcicielem szpitala w K\u0142odzku, a wi\u0119c po\u015brednio w Nowej Rudzie jest w\u0142a\u015bnie Starostwo Powiatowe w K\u0142odzku i cz\u0119\u015bciowo od w\u0142adz powiatu b\u0119dzie zale\u017ca\u0142o co dalej ze szpitalem. Na wtorek 20 sierpnia na godzin\u0119 12.00 pod szpitalem planowana jest pikieta, potwierdza to w rozmowie z nasz\u0105 redakcj\u0105 Arkadiusz Michalski, komendant Komisariatu Policji w Nowej Rudzie.<br \/>\n\u2013 Zgodnie z obowi\u0105zuj\u0105c\u0105 ustaw\u0105 o zgromadzeniach publicznych otrzymali\u015bmy informacje o planowanej pikiecie, kt\u00f3r\u0105 nasi funkcjonariusze maj\u0105 obowi\u0105zek zabezpiecza\u0107 \u2013 m\u00f3wi policjant. <\/p>\n<p><strong>LINK DO WYDARZENIA NA FB:<\/strong> <a href=\"https:\/\/www.facebook.com\/events\/2367515060193467\/\" rel=\"noopener noreferrer\" target=\"_blank\">facebook.com\/events\/2367515060193467\/<\/a><\/p>\n<p><strong>Przed chwil\u0105 dostali\u015bmy oficjalne pismo:<\/strong><br \/>\n<a href=\"https:\/\/www.noworudzianin.pl\/WWW\/wp-content\/uploads\/2019\/08\/2019-08-19-12_48_21-Centrum-akcji.jpg\"><img loading=\"lazy\" decoding=\"async\" src=\"https:\/\/www.noworudzianin.pl\/WWW\/wp-content\/uploads\/2019\/08\/2019-08-19-12_48_21-Centrum-akcji-630x789.jpg\" alt=\"\" width=\"630\" height=\"789\" class=\"alignnone size-large wp-image-16275\" srcset=\"https:\/\/www.noworudzianin.pl\/WWW\/wp-content\/uploads\/2019\/08\/2019-08-19-12_48_21-Centrum-akcji-630x789.jpg 630w, https:\/\/www.noworudzianin.pl\/WWW\/wp-content\/uploads\/2019\/08\/2019-08-19-12_48_21-Centrum-akcji-239x300.jpg 239w, https:\/\/www.noworudzianin.pl\/WWW\/wp-content\/uploads\/2019\/08\/2019-08-19-12_48_21-Centrum-akcji.jpg 712w\" sizes=\"(max-width: 630px) 100vw, 630px\" \/><\/a><\/p>\n","protected":false},"excerpt":{"rendered":"<p>Nieprawd\u0105 jest jakoby Oddzia\u0142 Wewn\u0119trzny noworudzkiego szpitala mia\u0142by zosta\u0107 zamkni\u0119ty. Informacje na ten temat od kilku dni rozgrzewaj\u0105 noworudzian<\/p>\n","protected":false},"author":4,"featured_media":16272,"comment_status":"open","ping_status":"closed","sticky":false,"template":"","format":"standard","meta":{"om_disable_all_campaigns":false,"_monsterinsights_skip_tracking":false,"_monsterinsights_sitenote_active":false,"_monsterinsights_sitenote_note":"","_monsterinsights_sitenote_category":0,"_uf_show_specific_survey":0,"_uf_disable_surveys":false,"footnotes":""},"categories":[2,6,376,2076,281],"tags":[568,255,2298,20,5,4233],"aioseo_notices":[],"amp_enabled":true,"_links":{"self":[{"href":"https:\/\/www.noworudzianin.pl\/WWW\/wp-json\/wp\/v2\/posts\/16271"}],"collection":[{"href":"https:\/\/www.noworudzianin.pl\/WWW\/wp-json\/wp\/v2\/posts"}],"about":[{"href":"https:\/\/www.noworudzianin.pl\/WWW\/wp-json\/wp\/v2\/types\/post"}],"author":[{"embeddable":true,"href":"https:\/\/www.noworudzianin.pl\/WWW\/wp-json\/wp\/v2\/users\/4"}],"replies":[{"embeddable":true,"href":"https:\/\/www.noworudzianin.pl\/WWW\/wp-json\/wp\/v2\/comments?post=16271"}],"version-history":[{"count":4,"href":"https:\/\/www.noworudzianin.pl\/WWW\/wp-json\/wp\/v2\/posts\/16271\/revisions"}],"predecessor-version":[{"id":16277,"href":"https:\/\/www.noworudzianin.pl\/WWW\/wp-json\/wp\/v2\/posts\/16271\/revisions\/16277"}],"wp:featuredmedia":[{"embeddable":true,"href":"https:\/\/www.noworudzianin.pl\/WWW\/wp-json\/wp\/v2\/media\/16272"}],"wp:attachment":[{"href":"https:\/\/www.noworudzianin.pl\/WWW\/wp-json\/wp\/v2\/media?parent=16271"}],"wp:term":[{"taxonomy":"category","embeddable":true,"href":"https:\/\/www.noworudzianin.pl\/WWW\/wp-json\/wp\/v2\/categories?post=16271"},{"taxonomy":"post_tag","embeddable":true,"href":"https:\/\/www.noworudzianin.pl\/WWW\/wp-json\/wp\/v2\/tags?post=16271"}],"curies":[{"name":"wp","href":"https:\/\/api.w.org\/{rel}","templated":true}]}}