{"id":16299,"date":"2019-08-22T16:58:02","date_gmt":"2019-08-22T14:58:02","guid":{"rendered":"https:\/\/www.noworudzianin.pl\/WWW\/?p=16299"},"modified":"2019-08-22T17:09:35","modified_gmt":"2019-08-22T15:09:35","slug":"kim-jest-dzielnicowy-i-jakie-ma-zadania","status":"publish","type":"post","link":"https:\/\/www.noworudzianin.pl\/WWW\/2019\/08\/22\/kim-jest-dzielnicowy-i-jakie-ma-zadania\/","title":{"rendered":"Kim jest dzielnicowy i jakie ma zadania"},"content":{"rendered":"<p>Dzielnicowi to policjanci utrzymuj\u0105cy bezpo\u015bredni kontakt ze spo\u0142eczno\u015bciami lokalnymi swoich rejon\u00f3w, rozpoznaj\u0105cy ich potrzeby i oczekiwania<!--more--> w zakresie szeroko pojmowanego bezpiecze\u0144stwa, zar\u00f3wno indywidualnego, jak i publicznego. Dzielnicowi diagnozuj\u0105 wsp\u00f3lnie z mieszka\u0144cami lokalne problemy, ustalaj\u0105 ich przyczyny i pomagaj\u0105 w poszukiwaniu skutecznych sposob\u00f3w ich rozwi\u0105zania<\/p>\n<p>\u2013 Inicjuj\u0105c i\u00a0organizuj\u0105c niezb\u0119dne dzia\u0142ania, anga\u017cuj\u0105 do tego zar\u00f3wno instytucje publiczne, w\u00a0tym samorz\u0105dowe, plac\u00f3wki o\u015bwiatowe, organizacje pozarz\u0105dowe, jak i\u00a0spo\u0142eczno\u015bci lokalne.<\/p>\n<p>Dzielnicowi to policjanci, do kt\u00f3rych mo\u017cna zwr\u00f3ci\u0107 si\u0119 o\u00a0pomoc w\u00a0granicach kompetencji policji lub przekaza\u0107 informacje dotycz\u0105ce bezpiecze\u0144stwa \u2013 wyja\u015bnia asp. Paulina Koptyra, Kierownik Rewiru Dzielnicowych Komisariatu Policji w\u00a0Nowej Rudzie. \u2013 Dzielnicowi to ludzie otwarci, kompetentni, dost\u0119pni, wzbudzaj\u0105cy zaufanie, znaj\u0105cy swoje kompetencje jako policjanci, ale umiej\u0105cy r\u00f3wnie\u017c wskaza\u0107 podmioty odpowiedzialne za poszczeg\u00f3lne obszary \u017cycia spo\u0142ecznego, do kt\u00f3rych nale\u017cy r\u00f3wnie\u017c szeroko pojmowane bezpiecze\u0144stwo \u2013 dodaje policjantka.<\/p>\n<p>Spektrum zada\u0144 dzielnicowych jest bardzo szerokie, dla przyk\u0142adu mo\u017cna wymieni\u0107:<br \/>\n\u2022 prowadzenie rozpoznania przydzielonego mu rejonu pod wzgl\u0119dem osobowym, terenowym, zjawisk i\u00a0zdarze\u0144 maj\u0105cych wp\u0142yw na stan bezpiecze\u0144stwa i\u00a0porz\u0105dku publicznego;<br \/>\n\u2022 realizowanie zada\u0144 z\u00a0zakresu profilaktyki spo\u0142ecznej;<br \/>\n\u2022 realizowanie zada\u0144 z\u00a0zakresu przeciwdzia\u0142ania przemocy w\u00a0rodzinie;<br \/>\n\u2022 rozwi\u0105zywanie konflikt\u00f3w s\u0105siedzkich w\u00a0zakresie pozostaj\u0105cym we w\u0142a\u015bciwo\u015bci policji;<br \/>\n\u2022 dokonywanie wywiad\u00f3w i\u00a0ustale\u0144 na rzecz podmiot\u00f3w uprawnionych;<br \/>\n\u2022 realizowanie zada\u0144 z\u00a0zakresu \u015bcigania sprawc\u00f3w przest\u0119pstw i\u00a0wykrocze\u0144;<br \/>\n\u2022 kontrolowanie przestrzegania prawa powszechnie obowi\u0105zuj\u0105cego oraz przepis\u00f3w prawa miejscowego.<\/p>\n<p>Policja jest instytucj\u0105 zhierarchizowan\u0105. Dzielnicowi realizuj\u0105 swoje zadania na poziomie lokalnym. Dzielnicowi pe\u0142ni\u0105 s\u0142u\u017cb\u0119 w\u00a0podstawowych jednostkach organizacyjnych policji, kt\u00f3rymi s\u0105 komendy powiatowe\/miejskie\/rejonowe policji oraz komisariaty policji. W\u00a0ramach tych jednostek wyst\u0119puj\u0105 kom\u00f3rki takie jak rewiry czy posterunki policji. Teren dzia\u0142ania ka\u017cdej jednostki organizacyjnej policji podzielony jest na mniejsze obszary, kt\u00f3re w\u00a0przypadku dzielnicowych nazywaj\u0105 si\u0119 rejonami s\u0142u\u017cbowymi dzielnicowych. Ka\u017cdy dzielnicowy posiada \u201esw\u00f3j rejon s\u0142u\u017cbowy\u201d. W\u00a0Polsce wyodr\u0119bniono ponad 8 tysi\u0119cy rejon\u00f3w s\u0142u\u017cbowych dzielnicowych. Warto przypomnie\u0107, \u017ce dzielnicowi odpowiedzialni s\u0105 nie tylko za kontakty w\u00a0miejscu pa\u0144stwa zamieszkania, ale r\u00f3wnie\u017c pracy, nauki czy wypoczynku, a\u00a0wi\u0119c za ca\u0142okszta\u0142t dzia\u0142a\u0144 w\u00a0zakresie bezpiecze\u0144stwa w\u00a0swoim rejonie s\u0142u\u017cbowym. Dzielnicowi nie wyr\u00f3\u017cniaj\u0105 si\u0119 spo\u015br\u00f3d innych policjant\u00f3w, ani umundurowaniem, ani wyposa\u017ceniem czy te\u017c uzbrojeniem. Podobnie posiadaj\u0105 pe\u0142ne kompetencje przys\u0142uguj\u0105ce ka\u017cdemu policjantowi. Jednak z\u00a0racji wykonywanych zada\u0144 dzielnicowi s\u0105 policjantami posiadaj\u0105cymi odpowiedni\u0105 wiedz\u0119 i\u00a0do\u015bwiadczenie zawodowe. Aby zosta\u0107 dzielnicowym, policjant musi posiada\u0107 minimum 3 lata sta\u017cu s\u0142u\u017cby. Dzielnicowi przechodz\u0105 specjalistyczne kursy, kt\u00f3re poszerzaj\u0105 ich umiej\u0119tno\u015bci m.in. w\u00a0zakresie komunikacji spo\u0142ecznej i\u00a0interpersonalnej, profilaktyki spo\u0142ecznej, rozwi\u0105zywania spor\u00f3w czy te\u017c problematyki uzale\u017cnie\u0144.<\/p>\n<p>Od 2017 r. w\u00a0wyniku realizacji programu \u201eDzielnicowy bli\u017cej nas\u201d, w\u00a0ramach awansu poziomego, dzielnicowi wyr\u00f3\u017cniaj\u0105cy si\u0119 poziomem realizowanych zada\u0144 mog\u0105 zajmowa\u0107 stanowiska starszych dzielnicowych. Dzielnicowi s\u0105 policjantami pierwszego kontaktu, w\u00a0zwi\u0105zku z\u00a0czym dla wygody mieszka\u0144c\u00f3w zostali wyposa\u017ceni w\u00a0niezb\u0119dne narz\u0119dzia komunikacji. Ka\u017cdy dzielnicowy zosta\u0142 wyposa\u017cony w\u00a0s\u0142u\u017cbowy telefon kom\u00f3rkowy, kt\u00f3rego numer zosta\u0142 \u201eprzypisany do rejonu s\u0142u\u017cbowego\u201d, co oznacza, i\u017c nawet w\u00a0przypadku zmiany personalnej na stanowisku dzielnicowego znany Pa\u0144stwu numer nie ulega zmianie. Dzielnicowi nie pe\u0142ni\u0105 s\u0142u\u017cby ca\u0142odobowo. W\u00a0sytuacjach nag\u0142ych lub zagra\u017caj\u0105cych bezpo\u015brednio \u017cyciu i\u00a0zdrowiu nale\u017cy korzysta\u0107 z\u00a0numer\u00f3w alarmowych 112 lub 997.<\/p>\n<p>Komisariat Policji Nowa Ruda, ul. Bohater\u00f3w Getta 29, tel. 74 872 44 31<br \/>\nPosterunek Policji Radk\u00f3w, ul. Piastowska 11a, tel. 74 871 23 52<\/p>\n<p><strong>Dzielnicowy Rejonu nr 1<\/strong> m\u0142. asp. \u0141ukasz Jagie\u0142a<br \/>\ntel. s\u0142u\u017cb. 74 872 44 31 wew. 246<br \/>\ntel. kom. 797 306 353<br \/>\nadres e-mail: <a href=\"mailto:dzielnicowy.nowa-ruda1@klodzko.wr.policja.gov.pl\" rel=\"noopener noreferrer\" target=\"_blank\">dzielnicowy.nowa-ruda1@klodzko.wr.policja.gov.pl<\/a><\/p>\n<p>Rejon s\u0142u\u017cbowy nr 1 obejmuje ulice:<br \/>\nAdama Mickiewicza, Anny, Armii Krajowej, Ciemna, Bohater\u00f3w Getta, B\u0142otna, Demokrat\u00f3w Fabryczna, Gabriela Narutowicza, G\u00f3ra Anny, Graniczna, Jasna, Kolejowa, Ko\u0142owa, Ko\u015bcielna, Kr\u00f3lowej Jadwigi, Kr\u00f3tka, Krzywa, Lipowa,  \u0141u\u017cycka, Ma\u0142a, Ma\u0142a Kolonia, Marsza\u0142ka J\u00f3zefa Pi\u0142sudskiego, Miko\u0142aja Kopernika, M\u0142y\u0144ska, My\u015bliwska, Osada, Niepodleg\u0142o\u015bci, Nowa, Nowa Osada, Ogrodowa, Pionier\u00f3w, Plac Jana Matejki, Przeskok, Rynek, S\u0105dowa, S\u0142oneczna, Srebrna, Stara Kolonia, Stara Osada, Stefana \u017beromskiego, Strzelecka, Sudecka, Sybirak\u00f3w, Wrze\u015bni, Z\u0142ota.<\/p>\n<p><strong>Dzielnicowy Rejonu nr 2<\/strong> m\u0142. asp. Rafa\u0142 Maksymowicz<br \/>\ntel. s\u0142u\u017cb. 74 872 44 31 wew. 246<br \/>\ntel. kom. 797 306\u00a0346<br \/>\nadres e-mail: <a href=\"mailto:dzielnicowy.nowa-ruda2@klodzko.wr.policja.gov.pl\" rel=\"noopener noreferrer\" target=\"_blank\">dzielnicowy.nowa-ruda2@klodzko.wr.policja.gov.pl<\/a><\/p>\n<p>Rejon s\u0142u\u017cbowy nr 2 obejmuje ulice:<br \/>\nAleksandra, Fredry, Boczna, Cicha, Cmentarna, Jeziorna, Kra\u0144cowa, \u0141ukowa, Martwa, Nadrzeczna, Osiedle Nowe, Osiedle Piastowskie, Piast\u00f3w, Plac Grunwaldzki, Plac Wiejski, Podjazdowa, Polna, Przechodnia, Sportowa, Szpitalna, Tadeusza Ko\u015bciuszki, Teatralna, W\u0105ska, Zau\u0142ek.<\/p>\n<p><strong>Dzielnicowy Rejonu nr 3<\/strong> sier\u017c.sztab. \u0141ukasz Deoniziak<br \/>\ntel. s\u0142u\u017cb. 74 872 44 31 wew. 245<br \/>\ntel. kom.  797 306\u00a0352<br \/>\nadres e-mail: <a href=\"mailto:dzielnicowy.nowa-ruda3@klodzko.wr.policja.gov.pl\" rel=\"noopener noreferrer\" target=\"_blank\">dzielnicowy.nowa-ruda3@klodzko.wr.policja.gov.pl<\/a><\/p>\n<p>Rejon s\u0142u\u017cbowy nr 3 obejmuje ulice:<br \/>\nCzarna, Dworska, Gen. W\u0142adys\u0142awa Andersa, G\u00f3rnicza, Jana Paw\u0142a II, Jawornik, Jedno\u015bci, Kopalniana, Le\u015bna, Ludwikowska, \u0141\u0105czna, \u0141\u0105kowa, \u0141ukasi\u0144skiego, Miedzianka, Mostowa, Obozowa, Podg\u00f3rska,Pu\u0142k. J\u00f3zefa Sokola, Rolna, Rzeczna, Stara Droga, \u015awidnicka, Tuczyn, W\u0142adys\u0142awa Reymonta, W\u0142adys\u0142awa Orkana, Zacisze, Zatorze, Zdrojowisko. <\/p>\n<p><strong>Rejon s\u0142u\u017cbowy nr 4 (wiejski)<\/strong> st. sier\u017c. Marcin Duczy\u0144ski<br \/>\ntel. s\u0142u\u017cb. 74 872 4431 wew. 246<br \/>\ntel. kom. 797 306 350<br \/>\nadres e-mail: <a href=\"mailto:dzielnicowy.nowa-ruda4@klodzko.wr.policja.gov.pl\" rel=\"noopener noreferrer\" target=\"_blank\">dzielnicowy.nowa-ruda4@klodzko.wr.policja.gov.pl<\/a><\/p>\n<p>Rejon s\u0142u\u017cbowy nr 5 obejmuje miejscowo\u015bci:<br \/>\nLudwikowice K\u0142odzkie, Sokolec, \u015awierki, Dworki, Bartnica, Biegan\u00f3w, Krajan\u00f3w, Sokolica, W\u0142odowice, Jug\u00f3w<\/p>\n<p>Dzielnicowy Rejonu nr 5 m\u0142. asp. Rafa\u0142 Maksymowicz (w zast\u0119pstwie za sier\u017c. Bernadett\u0119 Strycharsk\u0105)<br \/>\ntel. s\u0142u\u017cb. 74 872 44 31 wew. 246<br \/>\ntel. kom. 797 306 346<br \/>\nadres e-mail: <a href=\"mailto:dzielnicowy.nowa-ruda5@klodzko.wr.policja.gov.pl\" rel=\"noopener noreferrer\" target=\"_blank\">dzielnicowy.nowa-ruda5@klodzko.wr.policja.gov.pl<\/a><\/p>\n<p>Rejon s\u0142u\u017cbowy nr 5 obejmuje ulice:<br \/>\nEugeniusza Kwiatkowskiego, K\u0142odzka, Os. Wojska Polskiego, Os. XXX- lecia, Szybowa, Ugory, W\u0119glowa Wola, Wiejska. <\/p>\n<p><strong>Rejon s\u0142u\u017cbowy nr 6 (wiejski) <\/strong>m\u0142. asp. Patrycja D\u0105browna<br \/>\ntel. s\u0142u\u017cb. 74 872 44 31 wew. 245<br \/>\ntel. kom. 797 306 350<br \/>\nadres e-mail: <a href=\"mailto:dzielnicowy.nowa-ruda6@klodzko.wr.policja.gov.pl\" rel=\"noopener noreferrer\" target=\"_blank\">dzielnicowy.nowa-ruda6@klodzko.wr.policja.gov.pl<\/a><\/p>\n<p>Rejon s\u0142u\u017cbowy nr 6 obejmuje miejscowo\u015bci:<br \/>\nKoszyn, Bo\u017ck\u00f3w, Czerwie\u0144czyce, Nowa Wie\u015b, Dzikowiec, D\u0119b\u00f3wka, Przyg\u00f3rze, Wolib\u00f3rz<\/p>\n<p><strong>Dzielnicowy Rejonu nr 7<\/strong> m\u0142. asp. \u0141ukasz Jagie\u0142a (w zast\u0119pstwie za sier\u017c. sztab. Paulin\u0119 Dobrzenieck\u0105)<br \/>\ntel. s\u0142u\u017cb. 74 872 44 31 wew. 246<br \/>\ntel. kom. 797 306 353<br \/>\nadres e-mail: <a href=\"mailto:dzielnicowy.nowa-ruda7@klodzko.wr.policja.gov.pl\" rel=\"noopener noreferrer\" target=\"_blank\">dzielnicowy.nowa-ruda7@klodzko.wr.policja.gov.pl<\/a><\/p>\n<p>Rejon s\u0142u\u017cbowy nr 7 obejmuje ulice:<br \/>\nAkacjowa, Boles\u0142awa Prusa, Bo\u017ckowska, Broniewskiego, Debry, Gen. J\u00f3zefa Bema, G\u00f3ra Wszystkich \u015awi\u0119tych, G\u00f3rska, Harcerska, Henryka Sienkiewicza, Juliusza S\u0142owackiego, Kasztanowa, Kombatant\u00f3w, Kwiatowa, Ludwika Wary\u0144skiego, Marii Konopnickiej, O\u015b. Wary\u0144skiego, Parkowa, Piwna, Po\u0142oniny, Radkowska, Romualda Traugutta, Rycerska, S\u0142upiecka, Spacerowa, Szkolna, Topolowa, Wincentego Witosa, Zag\u00f3rze, Zielona, Zielonka<\/p>\n<p align=\"center\"><span style=\"color: #0000ff;\">Str. 9 w numerze 392 tygodnika \u201eNoworudzianin\u201d dost\u0119pnym w<\/span> <a href=\"https:\/\/www.noworudzianin.pl\/WWW\/archiwum\/rok-2019\/\" target=\"_blank\" rel=\"noopener noreferrer\">archiwum<\/a>.<\/p>\n<p><script language=\"JavaScript\">\n<!--\nfunction FP_swapImg() {\/\/v1.0\n var doc=document,args=arguments,elm,n; doc.$imgSwaps=new Array(); for(n=2; n<args.length;\n n+=2) { elm=FP_getObjectByID(args[n]); if(elm) { doc.$imgSwaps[doc.$imgSwaps.length]=elm;\n elm.$src=elm.src; elm.src=args[n+1]; } }\n}\nfunction FP_preloadImgs() {\/\/v1.0\n var d=document,a=arguments; if(!d.FP_imgs) d.FP_imgs=new Array();\n for(var i=0; i<a.length; i++) { d.FP_imgs[i]=new Image; d.FP_imgs[i].src=a[i]; }\n}\nfunction FP_getObjectByID(id,o) {\/\/v1.0\n var c,el,els,f,m,n; if(!o)o=document; if(o.getElementById) el=o.getElementById(id);\n else if(o.layers) c=o.layers; else if(o.all) el=o.all[id]; if(el) return el;\n if(o.id==id || o.name==id) return o; if(o.childNodes) c=o.childNodes; if(c)\n for(n=0; n<c.length; n++) { el=FP_getObjectByID(id,c[n]); if(el) return el; }\n f=o.forms; if(f) for(n=0; n<f.length; n++) { els=f[n].elements;\n for(m=0; m<els.length; m++){ el=FP_getObjectByID(id,els[n]); if(el) return el; } }\n return null;\n}\n\/\/ -->\n<\/script><br \/>\n<body onload=\"FP_preloadImgs(\/*url*\/'http:\/\/www.noworudzianin.pl\/WWW\/images\/button53.jpg', \/*url*\/'http:\/\/www.noworudzianin.pl\/WWW\/images\/button52.jpg')\"><\/p>\n<p align=\"center\">\n\t\t\t<a target=\"_blank\" href=\"http:\/\/www.noworudzianin.pl\/WWW\/images\/392_b.jpg\" rel=\"noopener noreferrer\"><br \/>\n\t\t\t<img loading=\"lazy\" decoding=\"async\" border=\"1\" src=\"http:\/\/www.noworudzianin.pl\/WWW\/images\/392_b_small.jpg\" width=\"221\" height=\"300\"><\/a><br \/>\n\t\t\t<font face=\"Verdana\">Numer 392<br \/>\n\t\t\t<font size=\"2\">23-29 sierpnia 2019 r.  <\/font><\/font><br \/><a title=\"pobierz e-gazet\u0119\" onclick=\"window.open('\/egazeta\/index.php?n=392','Pobierz_egazete', 'menubar=no,toolbar=no,location=no,directories=no,status=no,scrollbars=no,resizable=no,fullscreen=no,channelmode=no,width=400,height=400').focus(); return false()\"><img loading=\"lazy\" decoding=\"async\" border=\"0\" id=\"img62\" src=\"http:\/\/www.noworudzianin.pl\/WWW\/images\/button51.jpg\" height=\"30\" width=\"150\" alt=\"Pobierz tutaj (pdf)\" onmouseover=\"FP_swapImg(1,0,\/*id*\/'img62',\/*url*\/'http:\/\/www.noworudzianin.pl\/WWW\/images\/button52.jpg')\" onmouseout=\"FP_swapImg(0,0,\/*id*\/'img62',\/*url*\/'http:\/\/www.noworudzianin.pl\/WWW\/images\/button51.jpg')\" onmousedown=\"FP_swapImg(1,0,\/*id*\/'img62',\/*url*\/'http:\/\/www.noworudzianin.pl\/WWW\/images\/button53.jpg')\" onmouseup=\"FP_swapImg(0,0,\/*id*\/'img62',\/*url*\/'http:\/\/www.noworudzianin.pl\/WWW\/images\/button52.jpg')\" fp-style=\"fp-btn: Glass Rectangle 1; fp-font-size: 12; fp-orig: 0\" fp-title=\"Pobierz tutaj (pdf)\"><\/a><\/p>\n","protected":false},"excerpt":{"rendered":"<p>Dzielnicowi to policjanci utrzymuj\u0105cy bezpo\u015bredni kontakt ze spo\u0142eczno\u015bciami lokalnymi swoich rejon\u00f3w, rozpoznaj\u0105cy ich potrzeby i oczekiwania<\/p>\n","protected":false},"author":4,"featured_media":16310,"comment_status":"open","ping_status":"closed","sticky":false,"template":"","format":"standard","meta":{"om_disable_all_campaigns":false,"_monsterinsights_skip_tracking":false,"_monsterinsights_sitenote_active":false,"_monsterinsights_sitenote_note":"","_monsterinsights_sitenote_category":0,"_uf_show_specific_survey":0,"_uf_disable_surveys":false,"footnotes":""},"categories":[2,29,9,6,376],"tags":[4237,20,5,4234,3138],"aioseo_notices":[],"amp_enabled":true,"_links":{"self":[{"href":"https:\/\/www.noworudzianin.pl\/WWW\/wp-json\/wp\/v2\/posts\/16299"}],"collection":[{"href":"https:\/\/www.noworudzianin.pl\/WWW\/wp-json\/wp\/v2\/posts"}],"about":[{"href":"https:\/\/www.noworudzianin.pl\/WWW\/wp-json\/wp\/v2\/types\/post"}],"author":[{"embeddable":true,"href":"https:\/\/www.noworudzianin.pl\/WWW\/wp-json\/wp\/v2\/users\/4"}],"replies":[{"embeddable":true,"href":"https:\/\/www.noworudzianin.pl\/WWW\/wp-json\/wp\/v2\/comments?post=16299"}],"version-history":[{"count":2,"href":"https:\/\/www.noworudzianin.pl\/WWW\/wp-json\/wp\/v2\/posts\/16299\/revisions"}],"predecessor-version":[{"id":16319,"href":"https:\/\/www.noworudzianin.pl\/WWW\/wp-json\/wp\/v2\/posts\/16299\/revisions\/16319"}],"wp:featuredmedia":[{"embeddable":true,"href":"https:\/\/www.noworudzianin.pl\/WWW\/wp-json\/wp\/v2\/media\/16310"}],"wp:attachment":[{"href":"https:\/\/www.noworudzianin.pl\/WWW\/wp-json\/wp\/v2\/media?parent=16299"}],"wp:term":[{"taxonomy":"category","embeddable":true,"href":"https:\/\/www.noworudzianin.pl\/WWW\/wp-json\/wp\/v2\/categories?post=16299"},{"taxonomy":"post_tag","embeddable":true,"href":"https:\/\/www.noworudzianin.pl\/WWW\/wp-json\/wp\/v2\/tags?post=16299"}],"curies":[{"name":"wp","href":"https:\/\/api.w.org\/{rel}","templated":true}]}}