{"id":17288,"date":"2019-10-01T09:05:23","date_gmt":"2019-10-01T07:05:23","guid":{"rendered":"https:\/\/www.noworudzianin.pl\/WWW\/?p=17288"},"modified":"2019-10-01T09:05:23","modified_gmt":"2019-10-01T07:05:23","slug":"noworudzkie-kolo-zwiazku-sybirakow-ma-30-lat","status":"publish","type":"post","link":"https:\/\/www.noworudzianin.pl\/WWW\/2019\/10\/01\/noworudzkie-kolo-zwiazku-sybirakow-ma-30-lat\/","title":{"rendered":"Noworudzkie Ko\u0142o Zwi\u0105zku Sybirak\u00f3w ma 30-lat"},"content":{"rendered":"<p>Jak co roku w Nowej Rudzie obchodzono rocznic\u0119 napa\u015bci sowieckiej na nasz kraj, Dzie\u0144 Sybiraka, a przy okazji 30-lecie powstania Ko\u0142a Zwi\u0105zku Sybirak\u00f3w w Nowej Rudzie<\/p>\n<p>W ubieg\u0142y pi\u0105tek uroczyste spotkanie cz\u0142onk\u00f3w noworudzkiego Ko\u0142a Zwi\u0105zku Sybirak\u00f3w odby\u0142o si\u0119 w restauracji \u201eRycerska\u201d Po przywitaniu go\u015bci i od\u015bpiewaniu Hymnu Sybirak\u00f3w Irena D\u0105bek, prezes ko\u0142a, przypomnia\u0142a histori\u0119 powstania najpierw ko\u0142a w Jugowie, a chwil\u0119 p\u00f3\u017aniej Ko\u0142a Sybirak\u00f3w w Nowej Rudzie.<br \/>\n\u2013 Dzi\u015b obchodzimy 30-t\u0105 rocznic\u0119 powstania naszego ko\u0142a. Przez te lata ogromnym po\u015bwi\u0119ceniem i zapa\u0142em wykaza\u0142o si\u0119 wielu noworudzkich Sybirak\u00f3w. Wszystkim nale\u017c\u0105 si\u0119 szczeg\u00f3lne wyrazy uznania i podzi\u0119kowania. Szczeg\u00f3lne podzi\u0119kowania kieruj\u0119 w stron\u0119 pana Tadeusza D\u0142ugosza, inicjatora powstania Ko\u0142a Zwi\u0105zku Sybirak\u00f3w w Nowej Rudzie i jego wieloletniego prezesa \u2013m\u00f3wi\u0142a Iren\u0105 D\u0105bek. Prezes noworudzkich Sybirak\u00f3w om\u00f3wi\u0142a r\u00f3wnie\u017c problemy z jakimi borykaj\u0105 si\u0119 na co dzie\u0144 Sybiracy, to m.in. sprawy nie uregulowania od wielu lat kwestii z uznaniem wszystkich Sybirak\u00f3w za Inwalid\u00f3w Wojennych. Kolejnym punktem programu by\u0142 pokaz multimedialny wraz om\u00f3wieniem przez Natali\u0119 Muzyk\u0119 z Jugowa pobytu wolontariuszy Fundacji Studio Wsch\u00f3d w ramach akcji \u201eMogi\u0142\u0119 pradziada ocal od zapomnienia\u201d w Kazachstanie, gdzie na polskich nekropoliach prowadzili prace porz\u0105dkowe. Jak m\u00f3wi\u0142a Natalia by\u0142a to te\u017c okazj\u0105 do spotkania z Polakami tam mieszkaj\u0105cymi, kt\u00f3rzy opr\u00f3cz ch\u0119ci porozmawiania w ojczystym j\u0119zyku twierdz\u0105, \u017ce ich najwi\u0119kszym ich marzeniem jest powr\u00f3t do ojczyzny. <\/p>\n<p><a href=\"https:\/\/www.noworudzianin.pl\/WWW\/wp-content\/uploads\/2019\/10\/Noworudzkie-Ko\u0142o-Zwi\u0105zku-Sybirak\u00f3w-ma-30-lat-2.jpg\"><img loading=\"lazy\" decoding=\"async\" src=\"https:\/\/www.noworudzianin.pl\/WWW\/wp-content\/uploads\/2019\/10\/Noworudzkie-Ko\u0142o-Zwi\u0105zku-Sybirak\u00f3w-ma-30-lat-2-630x420.jpg\" alt=\"\" width=\"630\" height=\"420\" class=\"alignnone size-large wp-image-17290\" srcset=\"https:\/\/www.noworudzianin.pl\/WWW\/wp-content\/uploads\/2019\/10\/Noworudzkie-Ko\u0142o-Zwi\u0105zku-Sybirak\u00f3w-ma-30-lat-2-630x420.jpg 630w, https:\/\/www.noworudzianin.pl\/WWW\/wp-content\/uploads\/2019\/10\/Noworudzkie-Ko\u0142o-Zwi\u0105zku-Sybirak\u00f3w-ma-30-lat-2-300x200.jpg 300w, https:\/\/www.noworudzianin.pl\/WWW\/wp-content\/uploads\/2019\/10\/Noworudzkie-Ko\u0142o-Zwi\u0105zku-Sybirak\u00f3w-ma-30-lat-2-768x512.jpg 768w\" sizes=\"(max-width: 630px) 100vw, 630px\" \/><\/a><\/p>\n<p><a href=\"https:\/\/www.noworudzianin.pl\/WWW\/wp-content\/uploads\/2019\/10\/Noworudzkie-Ko\u0142o-Zwi\u0105zku-Sybirak\u00f3w-ma-30-lat-3.jpg\"><img loading=\"lazy\" decoding=\"async\" src=\"https:\/\/www.noworudzianin.pl\/WWW\/wp-content\/uploads\/2019\/10\/Noworudzkie-Ko\u0142o-Zwi\u0105zku-Sybirak\u00f3w-ma-30-lat-3-630x420.jpg\" alt=\"\" width=\"630\" height=\"420\" class=\"alignnone size-large wp-image-17291\" srcset=\"https:\/\/www.noworudzianin.pl\/WWW\/wp-content\/uploads\/2019\/10\/Noworudzkie-Ko\u0142o-Zwi\u0105zku-Sybirak\u00f3w-ma-30-lat-3-630x420.jpg 630w, https:\/\/www.noworudzianin.pl\/WWW\/wp-content\/uploads\/2019\/10\/Noworudzkie-Ko\u0142o-Zwi\u0105zku-Sybirak\u00f3w-ma-30-lat-3-300x200.jpg 300w, https:\/\/www.noworudzianin.pl\/WWW\/wp-content\/uploads\/2019\/10\/Noworudzkie-Ko\u0142o-Zwi\u0105zku-Sybirak\u00f3w-ma-30-lat-3-768x512.jpg 768w\" sizes=\"(max-width: 630px) 100vw, 630px\" \/><\/a><\/p>\n<p><a href=\"https:\/\/www.noworudzianin.pl\/WWW\/wp-content\/uploads\/2019\/10\/Noworudzkie-Ko\u0142o-Zwi\u0105zku-Sybirak\u00f3w-ma-30-lat-4.jpg\"><img loading=\"lazy\" decoding=\"async\" src=\"https:\/\/www.noworudzianin.pl\/WWW\/wp-content\/uploads\/2019\/10\/Noworudzkie-Ko\u0142o-Zwi\u0105zku-Sybirak\u00f3w-ma-30-lat-4-630x420.jpg\" alt=\"\" width=\"630\" height=\"420\" class=\"alignnone size-large wp-image-17292\" srcset=\"https:\/\/www.noworudzianin.pl\/WWW\/wp-content\/uploads\/2019\/10\/Noworudzkie-Ko\u0142o-Zwi\u0105zku-Sybirak\u00f3w-ma-30-lat-4-630x420.jpg 630w, https:\/\/www.noworudzianin.pl\/WWW\/wp-content\/uploads\/2019\/10\/Noworudzkie-Ko\u0142o-Zwi\u0105zku-Sybirak\u00f3w-ma-30-lat-4-300x200.jpg 300w, https:\/\/www.noworudzianin.pl\/WWW\/wp-content\/uploads\/2019\/10\/Noworudzkie-Ko\u0142o-Zwi\u0105zku-Sybirak\u00f3w-ma-30-lat-4-768x512.jpg 768w\" sizes=\"(max-width: 630px) 100vw, 630px\" \/><\/a><\/p>\n","protected":false},"excerpt":{"rendered":"<p>Jak co roku w Nowej Rudzie obchodzono rocznic\u0119 napa\u015bci sowieckiej na nasz kraj, Dzie\u0144 Sybiraka, a przy okazji 30-lecie powstania<\/p>\n","protected":false},"author":4,"featured_media":17289,"comment_status":"open","ping_status":"closed","sticky":false,"template":"","format":"standard","meta":{"om_disable_all_campaigns":false,"_monsterinsights_skip_tracking":false,"_monsterinsights_sitenote_active":false,"_monsterinsights_sitenote_note":"","_monsterinsights_sitenote_category":0,"_uf_show_specific_survey":0,"_uf_disable_surveys":false,"footnotes":""},"categories":[2,234,6,218],"tags":[20,5,4479],"aioseo_notices":[],"amp_enabled":true,"_links":{"self":[{"href":"https:\/\/www.noworudzianin.pl\/WWW\/wp-json\/wp\/v2\/posts\/17288"}],"collection":[{"href":"https:\/\/www.noworudzianin.pl\/WWW\/wp-json\/wp\/v2\/posts"}],"about":[{"href":"https:\/\/www.noworudzianin.pl\/WWW\/wp-json\/wp\/v2\/types\/post"}],"author":[{"embeddable":true,"href":"https:\/\/www.noworudzianin.pl\/WWW\/wp-json\/wp\/v2\/users\/4"}],"replies":[{"embeddable":true,"href":"https:\/\/www.noworudzianin.pl\/WWW\/wp-json\/wp\/v2\/comments?post=17288"}],"version-history":[{"count":1,"href":"https:\/\/www.noworudzianin.pl\/WWW\/wp-json\/wp\/v2\/posts\/17288\/revisions"}],"predecessor-version":[{"id":17293,"href":"https:\/\/www.noworudzianin.pl\/WWW\/wp-json\/wp\/v2\/posts\/17288\/revisions\/17293"}],"wp:featuredmedia":[{"embeddable":true,"href":"https:\/\/www.noworudzianin.pl\/WWW\/wp-json\/wp\/v2\/media\/17289"}],"wp:attachment":[{"href":"https:\/\/www.noworudzianin.pl\/WWW\/wp-json\/wp\/v2\/media?parent=17288"}],"wp:term":[{"taxonomy":"category","embeddable":true,"href":"https:\/\/www.noworudzianin.pl\/WWW\/wp-json\/wp\/v2\/categories?post=17288"},{"taxonomy":"post_tag","embeddable":true,"href":"https:\/\/www.noworudzianin.pl\/WWW\/wp-json\/wp\/v2\/tags?post=17288"}],"curies":[{"name":"wp","href":"https:\/\/api.w.org\/{rel}","templated":true}]}}