{"id":17636,"date":"2019-10-17T10:08:00","date_gmt":"2019-10-17T08:08:00","guid":{"rendered":"https:\/\/www.noworudzianin.pl\/WWW\/?p=17636"},"modified":"2019-10-17T10:08:26","modified_gmt":"2019-10-17T08:08:26","slug":"uczniowie-sadza-drzewa","status":"publish","type":"post","link":"https:\/\/www.noworudzianin.pl\/WWW\/2019\/10\/17\/uczniowie-sadza-drzewa\/","title":{"rendered":"Uczniowie sadz\u0105 drzewa"},"content":{"rendered":"<p>W pi\u0105tek 4 pa\u017adziernika uczniowie Zespo\u0142u Szkolno-Przedszkolnego nr 1 w Nowej Rudzie przyst\u0105pili do akcji sadzenia drzew<!--more--> na terenie i wok\u00f3\u0142 szko\u0142y. M\u0142odzie\u017c z klasy si\u00f3dmej wysadzi\u0142a drzewa iglaste, kt\u00f3re w przysz\u0142o\u015bci b\u0119d\u0105 ekranem biologicznym izoluj\u0105cym szko\u0142\u0119 od obwodnicy. Dodatkowo m\u0142odzi sadownicy pomy\u015bleli o wysadzeniu na terenie szko\u0142y drzew owocowych. Jak wspominaj\u0105 rodzice uczni\u00f3w \u2013 taka by\u0142a tradycja w Drogos\u0142awiu, aby na terenie szko\u0142y ros\u0142y jab\u0142onie, grusze i inne drzewa owocowe, a uczniowie korzystali z ich owoc\u00f3w. Na wiosn\u0119 m\u0142odzie\u017c zaplanowa\u0142a wysadzenie dodatkowych drzew owocowych oraz w ramach ogr\u00f3dka szkolnego szczepienie ciekawych odmian jab\u0142oni.<\/p>\n<p><a href=\"https:\/\/www.noworudzianin.pl\/WWW\/wp-content\/uploads\/2019\/10\/DSCF5003.jpg\"><img loading=\"lazy\" decoding=\"async\" class=\"alignnone size-large wp-image-17638\" src=\"https:\/\/www.noworudzianin.pl\/WWW\/wp-content\/uploads\/2019\/10\/DSCF5003-630x473.jpg\" alt=\"\" width=\"630\" height=\"473\" srcset=\"https:\/\/www.noworudzianin.pl\/WWW\/wp-content\/uploads\/2019\/10\/DSCF5003-630x473.jpg 630w, https:\/\/www.noworudzianin.pl\/WWW\/wp-content\/uploads\/2019\/10\/DSCF5003-300x225.jpg 300w, https:\/\/www.noworudzianin.pl\/WWW\/wp-content\/uploads\/2019\/10\/DSCF5003-768x576.jpg 768w\" sizes=\"(max-width: 630px) 100vw, 630px\" \/><\/a><\/p>\n","protected":false},"excerpt":{"rendered":"<p>W pi\u0105tek 4 pa\u017adziernika uczniowie Zespo\u0142u Szkolno-Przedszkolnego nr 1 w Nowej Rudzie przyst\u0105pili do akcji sadzenia drzew<\/p>\n","protected":false},"author":4,"featured_media":17637,"comment_status":"open","ping_status":"closed","sticky":false,"template":"","format":"standard","meta":{"om_disable_all_campaigns":false,"_monsterinsights_skip_tracking":false,"_monsterinsights_sitenote_active":false,"_monsterinsights_sitenote_note":"","_monsterinsights_sitenote_category":0,"_uf_show_specific_survey":0,"_uf_disable_surveys":false,"footnotes":""},"categories":[2,1747,40,6,118,128],"tags":[380,20,5,4531,4564],"aioseo_notices":[],"amp_enabled":true,"_links":{"self":[{"href":"https:\/\/www.noworudzianin.pl\/WWW\/wp-json\/wp\/v2\/posts\/17636"}],"collection":[{"href":"https:\/\/www.noworudzianin.pl\/WWW\/wp-json\/wp\/v2\/posts"}],"about":[{"href":"https:\/\/www.noworudzianin.pl\/WWW\/wp-json\/wp\/v2\/types\/post"}],"author":[{"embeddable":true,"href":"https:\/\/www.noworudzianin.pl\/WWW\/wp-json\/wp\/v2\/users\/4"}],"replies":[{"embeddable":true,"href":"https:\/\/www.noworudzianin.pl\/WWW\/wp-json\/wp\/v2\/comments?post=17636"}],"version-history":[{"count":2,"href":"https:\/\/www.noworudzianin.pl\/WWW\/wp-json\/wp\/v2\/posts\/17636\/revisions"}],"predecessor-version":[{"id":17640,"href":"https:\/\/www.noworudzianin.pl\/WWW\/wp-json\/wp\/v2\/posts\/17636\/revisions\/17640"}],"wp:featuredmedia":[{"embeddable":true,"href":"https:\/\/www.noworudzianin.pl\/WWW\/wp-json\/wp\/v2\/media\/17637"}],"wp:attachment":[{"href":"https:\/\/www.noworudzianin.pl\/WWW\/wp-json\/wp\/v2\/media?parent=17636"}],"wp:term":[{"taxonomy":"category","embeddable":true,"href":"https:\/\/www.noworudzianin.pl\/WWW\/wp-json\/wp\/v2\/categories?post=17636"},{"taxonomy":"post_tag","embeddable":true,"href":"https:\/\/www.noworudzianin.pl\/WWW\/wp-json\/wp\/v2\/tags?post=17636"}],"curies":[{"name":"wp","href":"https:\/\/api.w.org\/{rel}","templated":true}]}}