{"id":17787,"date":"2019-10-22T09:38:57","date_gmt":"2019-10-22T07:38:57","guid":{"rendered":"https:\/\/www.noworudzianin.pl\/WWW\/?p=17787"},"modified":"2019-10-22T09:39:55","modified_gmt":"2019-10-22T07:39:55","slug":"sp-2-w-rumunii","status":"publish","type":"post","link":"https:\/\/www.noworudzianin.pl\/WWW\/2019\/10\/22\/sp-2-w-rumunii\/","title":{"rendered":"SP 2 w Rumunii"},"content":{"rendered":"<p>W dniach 29.09. &#8211; 5.10. 2019 r. nauczyciele ze Szko\u0142y Podstawowej nr 2 w Nowej Rudzie po raz kolejny mieli okazj\u0119 uczestniczy\u0107 w mi\u0119dzynarodowym szkoleniu w ramach realizowanego w szkole projektu Erasmus Plus. Szkolenie \u201eEvery student is special\u201d  odby\u0142o si\u0119 w miejscowo\u015bci Petrosany w Rumunii. W mi\u0119dzynarodowym spotkaniu  uczestniczyli: Janina Kawulak, Ewa Karcz, Magdalena Szuber, Anna Wi\u0105cek, Piotr Hirchill, Przemys\u0142aw Dobrzeniecki oraz grupy nauczycieli z W\u0142och, \u0141otwy, Turcji i Rumunii. <\/p>\n<p>\u201eKa\u017cdy ucze\u0144 jest wyj\u0105tkowy\u201d to cykl wyk\u0142ad\u00f3w i warsztat\u00f3w dotycz\u0105cych w\u0142\u0105czania i wsparcia uczni\u00f3w w klasie i poza klas\u0105. Uczestnicy otrzymali szereg praktycznych wskaz\u00f3wek, jak zapobiega\u0107 izolacji i zak\u0142\u00f3caj\u0105cym zachowaniom, uwzgl\u0119dniaj\u0105c wzajemne interakcje i wsparcie r\u00f3wie\u015bnicze jako podstawowe elementy budowania umiej\u0119tno\u015bci spo\u0142ecznych, pewno\u015bci siebie i radzenia sobie ze stresem. Uczestnicy szkolenia poznali te\u017c skuteczne techniki relaksacyjne, z kt\u00f3rych mog\u0105 korzysta\u0107 uczniowie, a tak\u017ce zostali przeszkoleni w zakresie stosowania pozytywnych i praktycznych strategii. Mi\u0119dzynarodowe spotkanie by\u0142o doskona\u0142\u0105 okazj\u0105 do wymiany do\u015bwiadcze\u0144 i inspiracj\u0105 do poszukiwania nowych rozwi\u0105za\u0144 w pracy z uczniami. By\u0142a te\u017c merytoryczna dyskusja dotycz\u0105ca samorz\u0105dno\u015bci w szkole. Cz\u0119\u015bci\u0105 programu by\u0142y r\u00f3wnie\u017c  wycieczki. Nauczyciele mieli okazj\u0119 zwiedzi\u0107 zamek w Hunedoarze, przepi\u0119kne miasto Deva oraz Targu Jiu. <\/p>\n<p>Dla wszystkich uczestnik\u00f3w projektu by\u0142a to niew\u0105tpliwie wielka przygoda, obfituj\u0105ca w mn\u00f3stwo prze\u017cy\u0107, atrakcji, nowych do\u015bwiadcze\u0144.<\/p>\n<p>Mi\u0119dzynarodowa integracja w Rumunii zaobfitowa\u0142a nowymi znajomo\u015bciami i przyja\u017aniami. <\/p>\n<p><a href=\"https:\/\/www.noworudzianin.pl\/WWW\/wp-content\/uploads\/2019\/10\/zdj\u0119cie-nr-1.png\"><img loading=\"lazy\" decoding=\"async\" src=\"https:\/\/www.noworudzianin.pl\/WWW\/wp-content\/uploads\/2019\/10\/zdj\u0119cie-nr-1-630x606.png\" alt=\"\" width=\"630\" height=\"606\" class=\"alignnone size-large wp-image-17789\" srcset=\"https:\/\/www.noworudzianin.pl\/WWW\/wp-content\/uploads\/2019\/10\/zdj\u0119cie-nr-1-630x606.png 630w, https:\/\/www.noworudzianin.pl\/WWW\/wp-content\/uploads\/2019\/10\/zdj\u0119cie-nr-1-300x289.png 300w, https:\/\/www.noworudzianin.pl\/WWW\/wp-content\/uploads\/2019\/10\/zdj\u0119cie-nr-1-768x739.png 768w, https:\/\/www.noworudzianin.pl\/WWW\/wp-content\/uploads\/2019\/10\/zdj\u0119cie-nr-1.png 1070w\" sizes=\"(max-width: 630px) 100vw, 630px\" \/><\/a><\/p>\n<p><a href=\"https:\/\/www.noworudzianin.pl\/WWW\/wp-content\/uploads\/2019\/10\/zdj\u0119cie-nr-2.png\"><img loading=\"lazy\" decoding=\"async\" src=\"https:\/\/www.noworudzianin.pl\/WWW\/wp-content\/uploads\/2019\/10\/zdj\u0119cie-nr-2-630x467.png\" alt=\"\" width=\"630\" height=\"467\" class=\"alignnone size-large wp-image-17790\" srcset=\"https:\/\/www.noworudzianin.pl\/WWW\/wp-content\/uploads\/2019\/10\/zdj\u0119cie-nr-2-630x467.png 630w, https:\/\/www.noworudzianin.pl\/WWW\/wp-content\/uploads\/2019\/10\/zdj\u0119cie-nr-2-300x223.png 300w, https:\/\/www.noworudzianin.pl\/WWW\/wp-content\/uploads\/2019\/10\/zdj\u0119cie-nr-2-768x570.png 768w, https:\/\/www.noworudzianin.pl\/WWW\/wp-content\/uploads\/2019\/10\/zdj\u0119cie-nr-2.png 1073w\" sizes=\"(max-width: 630px) 100vw, 630px\" \/><\/a><\/p>\n","protected":false},"excerpt":{"rendered":"<p>W dniach 29.09. &#8211; 5.10. 2019 r. nauczyciele ze Szko\u0142y Podstawowej nr 2 w Nowej Rudzie po raz kolejny mieli<\/p>\n","protected":false},"author":4,"featured_media":17788,"comment_status":"open","ping_status":"closed","sticky":false,"template":"","format":"standard","meta":{"om_disable_all_campaigns":false,"_monsterinsights_skip_tracking":false,"_monsterinsights_sitenote_active":false,"_monsterinsights_sitenote_note":"","_monsterinsights_sitenote_category":0,"_uf_show_specific_survey":0,"_uf_disable_surveys":false,"footnotes":""},"categories":[2,6,128],"tags":[4601,4599,4598,4600,20,5,4566,4602,4603,4597,1442],"aioseo_notices":[],"amp_enabled":true,"_links":{"self":[{"href":"https:\/\/www.noworudzianin.pl\/WWW\/wp-json\/wp\/v2\/posts\/17787"}],"collection":[{"href":"https:\/\/www.noworudzianin.pl\/WWW\/wp-json\/wp\/v2\/posts"}],"about":[{"href":"https:\/\/www.noworudzianin.pl\/WWW\/wp-json\/wp\/v2\/types\/post"}],"author":[{"embeddable":true,"href":"https:\/\/www.noworudzianin.pl\/WWW\/wp-json\/wp\/v2\/users\/4"}],"replies":[{"embeddable":true,"href":"https:\/\/www.noworudzianin.pl\/WWW\/wp-json\/wp\/v2\/comments?post=17787"}],"version-history":[{"count":1,"href":"https:\/\/www.noworudzianin.pl\/WWW\/wp-json\/wp\/v2\/posts\/17787\/revisions"}],"predecessor-version":[{"id":17791,"href":"https:\/\/www.noworudzianin.pl\/WWW\/wp-json\/wp\/v2\/posts\/17787\/revisions\/17791"}],"wp:featuredmedia":[{"embeddable":true,"href":"https:\/\/www.noworudzianin.pl\/WWW\/wp-json\/wp\/v2\/media\/17788"}],"wp:attachment":[{"href":"https:\/\/www.noworudzianin.pl\/WWW\/wp-json\/wp\/v2\/media?parent=17787"}],"wp:term":[{"taxonomy":"category","embeddable":true,"href":"https:\/\/www.noworudzianin.pl\/WWW\/wp-json\/wp\/v2\/categories?post=17787"},{"taxonomy":"post_tag","embeddable":true,"href":"https:\/\/www.noworudzianin.pl\/WWW\/wp-json\/wp\/v2\/tags?post=17787"}],"curies":[{"name":"wp","href":"https:\/\/api.w.org\/{rel}","templated":true}]}}