{"id":18526,"date":"2019-11-21T14:18:20","date_gmt":"2019-11-21T13:18:20","guid":{"rendered":"https:\/\/www.noworudzianin.pl\/WWW\/?p=18526"},"modified":"2019-11-21T14:18:37","modified_gmt":"2019-11-21T13:18:37","slug":"o-iwonie-ktora-ma-marzenia","status":"publish","type":"post","link":"https:\/\/www.noworudzianin.pl\/WWW\/2019\/11\/21\/o-iwonie-ktora-ma-marzenia\/","title":{"rendered":"O Iwonie, kt\u00f3ra ma marzenia"},"content":{"rendered":"<p>Iwona ju\u017c prawie trzy lata pracuje w Zak\u0142adzie Aktywno\u015bci Zawodowej \u201eVictoria\u201d w Wa\u0142brzychu. Jest\u00a0jej\u00a0tam\u00a0naprawd\u0119 dobrze, nie narzeka<!--more-->. Ale jej marzeniem jest kolejny krok na zawodowej \u015bcie\u017cce \u2013 wyj\u015bcie na otwarty rynek pracy<\/p>\n<p><strong>Praca w\u00a0call center<\/strong><br \/>\n23-letnia Iwona Siemko, najbardziej w\u00a0swojej pracy lubi kontakt z\u00a0lud\u017ami, weryfikowa\u0107 bazy danych i\u00a0odr\u0119czne przepisywa\u0107 teksty.<br \/>\n\u2013 Nie ma niczego, czego nie lubi\u0119 \u2013 stwierdza Iwona.<br \/>\nCzasami trudno\u015bci\u0105 jest dla niej rozmowa z\u00a0klientem, ale tutaj du\u017cym wsparciem s\u0105 koledzy i\u00a0kole\u017canki z\u00a0pracy. To w\u0142a\u015bnie atmosfera panuj\u0105ca w\u00a0zak\u0142adzie, pomoc prze\u0142o\u017conych i\u00a0mo\u017cliwo\u015b\u0107 rozwoju sprawiaj\u0105, \u017ce tak ch\u0119tnie przychodzi do pracy.<br \/>\n\u2013 Praca jest dla mnie wa\u017cna, bo daje mi samodzielno\u015b\u0107 i\u00a0pieni\u0105dze \u2013 opowiada Iwona. \u2013 Ale tak\u017ce zdoby\u0142am dzi\u0119ki niej nowe umiej\u0119tno\u015bci i\u00a0mam nowych przyjaci\u00f3\u0142. Jest fajnie \u2013 podsumowuje.<\/p>\n<p>Wa\u0142brzyski ZAZ \u201eVictoria\u201d wyr\u00f3\u017cnia si\u0119 na tle podobnych zak\u0142ad\u00f3w. ZAZ-y na og\u00f3\u0142 oferuj\u0105 us\u0142ugi pralnicze, sprz\u0105taj\u0105ce, konfekcjonowanie czy gastronomi\u0119. Natomiast w\u00a0przypadku \u201eVictorii\u201d jest to call center, poligrafia i\u00a0reklama oraz archiwizacja i\u00a0niszczenie dokument\u00f3w.<br \/>\n\u2013 Tworz\u0105c nasz zak\u0142ad, szukali\u015bmy czego\u015b dla os\u00f3b na w\u00f3zkach lub z\u00a0problemami ruchowymi, ale sprawnych intelektualnie. Rozwi\u0105zania adekwatnego do ich ambicji i\u00a0mo\u017cliwo\u015bci \u2013 opowiada Marek Pabisz, dyrektor ZAZ-u\u00a0\u201eVictoria.<\/p>\n<p><strong>Marzenia zawodowe<\/strong><br \/>\nIwona od pocz\u0105tku by\u0142a osob\u0105 wyr\u00f3\u017cniaj\u0105c\u0105 si\u0119, obowi\u0105zkow\u0105 i\u00a0pragn\u0105c\u0105 si\u0119 rozwija\u0107. Prze\u0142o\u017ceni bardzo sobie ceni\u0105 jej prac\u0119.<br \/>\n\u2013 Jest bardzo ambitna. Zawsze dopytywa\u0142a si\u0119, jakie s\u0105 oczekiwania wobec niej i\u00a0co mo\u017ce jeszcze zrobi\u0107. Co wa\u017cne, ch\u0119tnie uczestniczy we wszystkich szkoleniach \u2013 tak o\u00a0Iwonie opowiada Marek Pabisz.<br \/>\nJej marzeniem jest dokszta\u0142canie, zdobywanie nowych do\u015bwiadcze\u0144 i\u00a0spr\u00f3bowanie swoich si\u0142 na otwartym rynku pracy, w\u00a0czym wspieraj\u0105 j\u0105 najbli\u017csi, a\u00a0zw\u0142aszcza mama. Czy Iwonie uda si\u0119 zdoby\u0107 i\u00a0utrzyma\u0107 zatrudnienie? Trzymamy kciuki!<br \/>\n\u2013 Zawsze \u0142ezka nam si\u0119 w\u00a0oku kr\u0119ci \u2013 komentuje Jolanta Ceran, prezeska Stowarzyszenia Dzieci i\u00a0Rodzin Zasadniczej Szko\u0142y Zawodowej Specjalnej, kt\u00f3re prowadzi ZAZ \u201eNadzieja\u201d w\u00a0Wa\u0142brzychu \u2013 kiedy nasi podopieczni rozwijaj\u0105 skrzyd\u0142a i\u00a0znajduj\u0105 now\u0105 prac\u0119 poza ZAZ-em. Ale taka jest w\u0142a\u015bnie misja ZAZ-\u00f3w, wszechstronnie przygotowywa\u0107, szkoli\u0107 i\u00a0rehabilitowa\u0107 osoby z\u00a0niepe\u0142nosprawno\u015bciami tak, by mieli szans\u0119 na otwartym rynku pracy.<\/p>\n<p><a href=\"https:\/\/www.noworudzianin.pl\/WWW\/wp-content\/uploads\/2019\/11\/Iwona-Siemko.jpg\"><img loading=\"lazy\" decoding=\"async\" src=\"https:\/\/www.noworudzianin.pl\/WWW\/wp-content\/uploads\/2019\/11\/Iwona-Siemko-630x840.jpg\" alt=\"\" width=\"630\" height=\"840\" class=\"alignnone size-large wp-image-18551\" srcset=\"https:\/\/www.noworudzianin.pl\/WWW\/wp-content\/uploads\/2019\/11\/Iwona-Siemko-630x840.jpg 630w, https:\/\/www.noworudzianin.pl\/WWW\/wp-content\/uploads\/2019\/11\/Iwona-Siemko-225x300.jpg 225w, https:\/\/www.noworudzianin.pl\/WWW\/wp-content\/uploads\/2019\/11\/Iwona-Siemko-768x1023.jpg 768w, https:\/\/www.noworudzianin.pl\/WWW\/wp-content\/uploads\/2019\/11\/Iwona-Siemko.jpg 959w\" sizes=\"(max-width: 630px) 100vw, 630px\" \/><\/a><\/p>\n<p align=\"center\"><span style=\"color: #0000ff;\">Str. 9 w numerze 405 tygodnika \u201eNoworudzianin\u201d dost\u0119pnym w<\/span> <a href=\"https:\/\/www.noworudzianin.pl\/WWW\/archiwum\/rok-2019\/\" target=\"_blank\" rel=\"noopener noreferrer\">archiwum<\/a>.<\/p>\n<p><script language=\"JavaScript\">\n<!--\nfunction FP_swapImg() {\/\/v1.0\n var doc=document,args=arguments,elm,n; doc.$imgSwaps=new Array(); for(n=2; n<args.length;\n n+=2) { elm=FP_getObjectByID(args[n]); if(elm) { doc.$imgSwaps[doc.$imgSwaps.length]=elm;\n elm.$src=elm.src; elm.src=args[n+1]; } }\n}\nfunction FP_preloadImgs() {\/\/v1.0\n var d=document,a=arguments; if(!d.FP_imgs) d.FP_imgs=new Array();\n for(var i=0; i<a.length; i++) { d.FP_imgs[i]=new Image; d.FP_imgs[i].src=a[i]; }\n}\nfunction FP_getObjectByID(id,o) {\/\/v1.0\n var c,el,els,f,m,n; if(!o)o=document; if(o.getElementById) el=o.getElementById(id);\n else if(o.layers) c=o.layers; else if(o.all) el=o.all[id]; if(el) return el;\n if(o.id==id || o.name==id) return o; if(o.childNodes) c=o.childNodes; if(c)\n for(n=0; n<c.length; n++) { el=FP_getObjectByID(id,c[n]); if(el) return el; }\n f=o.forms; if(f) for(n=0; n<f.length; n++) { els=f[n].elements;\n for(m=0; m<els.length; m++){ el=FP_getObjectByID(id,els[n]); if(el) return el; } }\n return null;\n}\n\/\/ -->\n<\/script><br \/>\n<body onload=\"FP_preloadImgs(\/*url*\/'http:\/\/www.noworudzianin.pl\/WWW\/images\/button53.jpg', \/*url*\/'http:\/\/www.noworudzianin.pl\/WWW\/images\/button52.jpg')\"><\/p>\n<p align=\"center\">\n\t\t\t<a target=\"_blank\" href=\"http:\/\/www.noworudzianin.pl\/WWW\/images\/405_b.jpg\" rel=\"noopener noreferrer\"><br \/>\n\t\t\t<img loading=\"lazy\" decoding=\"async\" border=\"1\" src=\"http:\/\/www.noworudzianin.pl\/WWW\/images\/405_b_small.jpg\" width=\"221\" height=\"300\"><\/a><br \/>\n\t\t\t<font face=\"Verdana\">Numer 405<br \/>\n\t\t\t<font size=\"2\">22-28 listopada 2019 r. <\/font><\/font><br \/><a title=\"pobierz e-gazet\u0119\" onclick=\"window.open('\/egazeta\/index.php?n=405','Pobierz_egazete', 'menubar=no,toolbar=no,location=no,directories=no,status=no,scrollbars=no,resizable=no,fullscreen=no,channelmode=no,width=400,height=400').focus(); return false()\"><img loading=\"lazy\" decoding=\"async\" border=\"0\" id=\"img62\" src=\"http:\/\/www.noworudzianin.pl\/WWW\/images\/button51.jpg\" height=\"30\" width=\"150\" alt=\"Pobierz tutaj (pdf)\" onmouseover=\"FP_swapImg(1,0,\/*id*\/'img62',\/*url*\/'http:\/\/www.noworudzianin.pl\/WWW\/images\/button52.jpg')\" onmouseout=\"FP_swapImg(0,0,\/*id*\/'img62',\/*url*\/'http:\/\/www.noworudzianin.pl\/WWW\/images\/button51.jpg')\" onmousedown=\"FP_swapImg(1,0,\/*id*\/'img62',\/*url*\/'http:\/\/www.noworudzianin.pl\/WWW\/images\/button53.jpg')\" onmouseup=\"FP_swapImg(0,0,\/*id*\/'img62',\/*url*\/'http:\/\/www.noworudzianin.pl\/WWW\/images\/button52.jpg')\" fp-style=\"fp-btn: Glass Rectangle 1; fp-font-size: 12; fp-orig: 0\" fp-title=\"Pobierz tutaj (pdf)\"><\/a><\/p>\n","protected":false},"excerpt":{"rendered":"<p>Iwona ju\u017c prawie trzy lata pracuje w Zak\u0142adzie Aktywno\u015bci Zawodowej \u201eVictoria\u201d w Wa\u0142brzychu. Jest\u00a0jej\u00a0tam\u00a0naprawd\u0119 dobrze, nie narzeka<\/p>\n","protected":false},"author":4,"featured_media":18552,"comment_status":"open","ping_status":"closed","sticky":false,"template":"","format":"standard","meta":{"om_disable_all_campaigns":false,"_monsterinsights_skip_tracking":false,"_monsterinsights_sitenote_active":false,"_monsterinsights_sitenote_note":"","_monsterinsights_sitenote_category":0,"_uf_show_specific_survey":0,"_uf_disable_surveys":false,"footnotes":""},"categories":[2,234,29,9,6,3706],"tags":[4756,3709,4594,20,5,4751,4755,4757],"aioseo_notices":[],"amp_enabled":true,"_links":{"self":[{"href":"https:\/\/www.noworudzianin.pl\/WWW\/wp-json\/wp\/v2\/posts\/18526"}],"collection":[{"href":"https:\/\/www.noworudzianin.pl\/WWW\/wp-json\/wp\/v2\/posts"}],"about":[{"href":"https:\/\/www.noworudzianin.pl\/WWW\/wp-json\/wp\/v2\/types\/post"}],"author":[{"embeddable":true,"href":"https:\/\/www.noworudzianin.pl\/WWW\/wp-json\/wp\/v2\/users\/4"}],"replies":[{"embeddable":true,"href":"https:\/\/www.noworudzianin.pl\/WWW\/wp-json\/wp\/v2\/comments?post=18526"}],"version-history":[{"count":2,"href":"https:\/\/www.noworudzianin.pl\/WWW\/wp-json\/wp\/v2\/posts\/18526\/revisions"}],"predecessor-version":[{"id":18554,"href":"https:\/\/www.noworudzianin.pl\/WWW\/wp-json\/wp\/v2\/posts\/18526\/revisions\/18554"}],"wp:featuredmedia":[{"embeddable":true,"href":"https:\/\/www.noworudzianin.pl\/WWW\/wp-json\/wp\/v2\/media\/18552"}],"wp:attachment":[{"href":"https:\/\/www.noworudzianin.pl\/WWW\/wp-json\/wp\/v2\/media?parent=18526"}],"wp:term":[{"taxonomy":"category","embeddable":true,"href":"https:\/\/www.noworudzianin.pl\/WWW\/wp-json\/wp\/v2\/categories?post=18526"},{"taxonomy":"post_tag","embeddable":true,"href":"https:\/\/www.noworudzianin.pl\/WWW\/wp-json\/wp\/v2\/tags?post=18526"}],"curies":[{"name":"wp","href":"https:\/\/api.w.org\/{rel}","templated":true}]}}