{"id":18677,"date":"2019-11-28T15:13:10","date_gmt":"2019-11-28T14:13:10","guid":{"rendered":"https:\/\/www.noworudzianin.pl\/WWW\/?p=18677"},"modified":"2019-11-28T15:13:10","modified_gmt":"2019-11-28T14:13:10","slug":"posluchajmy-wierszy","status":"publish","type":"post","link":"https:\/\/www.noworudzianin.pl\/WWW\/2019\/11\/28\/posluchajmy-wierszy\/","title":{"rendered":"Pos\u0142uchajmy wierszy"},"content":{"rendered":"<p>Za nami ju\u017c XXIX Noworudzkie Spotkania z Poezj\u0105. W tym roku odby\u0142y si\u0119 w listopadzie i jak zwykle impreza zgromadzi\u0142a wielu mi\u0142o\u015bnik\u00f3w poezji. Przyjechali do nas poeci nagrodzeni i wyr\u00f3\u017cnieni w V Og\u00f3lnopolskim Konkursie Poetyckim im. Zygmunta Krukowskiego. Podczas spotka\u0144 ju\u017c uroczy\u015bcie wr\u0119czono laureatom okoliczno\u015bciowe pami\u0105tki, dyplomy i nagrody pieni\u0119\u017cne.<\/p>\n<p>Pierwsz\u0105 nagrod\u0119 zdoby\u0142 Marcin Bies z Miko\u0142owa. Z jego zwyci\u0119skiego wiersza: \u201eW ostatniej linijce mi\u0142o\u015bci co\u015b mi si\u0119 rymuje z Polska\u201d Karol Maliszewski zredagowa\u0142 tytu\u0142 do pokonkursowej antologii, czyli \u201eCo\u015b mi si\u0119 rymuje z\u201d. I \u2013 jak sam napisa\u0142 w przedmowie \u2013 nie chodzi tu o dos\u0142owne znaczenie rym\u00f3w, raczej o wsp\u00f3\u0142brzmienie, zgranie si\u0119 czego\u015b z czym\u015b.<\/p>\n<p>Miejsce drugie zaj\u0119\u0142a Marzena Jaworska z Warszawy za wiersz \u201eOdprawa\u201d, a trzecie przyznano Miros\u0142awowi Gabrysiowi za wiersz \u201eUrodzony 29 lutego\u201d. Finali\u015bci to znani ju\u017c w \u015brodowisku literackim poeci. S\u0105 aktywni, bior\u0105 udzia\u0142 w konkursach i publikuj\u0105 w wa\u017cnych czasopismach literackich. Poeci nagrodzeni i wyr\u00f3\u017cnieni osobi\u015bcie przedstawiali sw\u00f3j nagrodzony wiersz.<\/p>\n<p>W tym roku mieli\u015bmy a\u017c trzech go\u015bci honorowych. Po raz pierwszy go\u015bcili\u015bmy u nas Bartosza Suwi\u0144skiego. Poeta mieszka obecnie w Bystrzycy K\u0142odzkiej, debiutowa\u0142 w 2010 roku tomikiem poetyckim Sehir. Najnowsza ksi\u0105\u017cka (2019 r.) to Bura. Notatnik chorwacki. Jeden z krytyk\u00f3w uwa\u017ca, \u017ce to fascynuj\u0105cy monolog cz\u0142owieka zach\u0142annie patrz\u0105cego na wszystko, co nas otacza. Poet\u0119 okre\u015bla jako intelektualnego w\u0119drowca, w\u0142\u00f3czykija i pasjonata spacerk\u00f3w. Suwi\u0144ski uwa\u017ca, \u017ce z chodzenia czerpie si\u0119 spok\u00f3j, a tak\u017ce my\u015blenie i pisanie. Konrad G\u00f3ra nasz drugi go\u015b\u0107 r\u00f3wnie\u017c jest entuzjast\u0105 i mi\u0142o\u015bnikiem \u0142azikowania po lasach i polach. Ma swoist\u0105 filozofi\u0119 egzystencji (trzeba tego po prostu pos\u0142ucha\u0107). Jest anarchist\u0105, mieszka we Wroc\u0142awiu. Jego debiut poetycki: Requiem dla Saddama Husajna przypada na rok 2008. W wierszach s\u0142ycha\u0107 gniew, radykalne pogl\u0105dy, ironi\u0119 i politykowanie. Konrad G\u00f3ra by\u0142 ju\u017c u nas w 2015 r. i mia\u0142 spotkanie z m\u0142odzie\u017c\u0105 licealn\u0105. <\/p>\n<p>Trzecim go\u015bciem by\u0142 poeta i wybitny czeski fotograf Karel T\u016fma, kt\u00f3ry w \u015bwiecie znany jest pod pseudonimem artystycznym Cojot Carlos. Jego teksty poetyckie zaprezentowa\u0142 w t\u0142umaczeniu Konrad G\u00f3ra. Rozmowy z poetami prowadzi\u0142 Karol Maliszewski.<\/p>\n<p>Liryczny wiecz\u00f3r zako\u0144czy\u0142 si\u0119 pocz\u0119stunkiem, kt\u00f3ry jest zawsze doskona\u0142\u0105 okazj\u0105, \u017ceby jeszcze troch\u0119 podyskutowa\u0107 o poezji i nie tylko. My ze swojej strony gratulujemy wszystkim poetom i dzi\u0119kujemy publiczno\u015bci za wsp\u00f3\u0142tworzenie nastrojowego wieczoru. I jak zwykle zapraszamy za rok \u2013 b\u0119dzie jubileusz.<\/p>\n<p>Zygmunt Krukowski (1951-2013) \u2013 poeta, t\u0142umacz, dramaturg i felietonista. Syn reemigrant\u00f3w z Francji. Wieloletni pracownik Kopalni W\u0119gla Kamiennego \u201eNowa Ruda\u201d. Jego debiut pisarski przypada na lata 70. XX wieku. Laureat wielu konkurs\u00f3w literackich. Jego tomiki poezji to: \u201eKosztowna esencja\u201d (Nowa Ruda 1993) i \u201eRzeczy na R\u201d (Sopot 2012). Szczeg\u00f3lnie ceniony za t\u0142umaczenia angielskiego poety Williama Blake`a. Mieszka\u0142 i zmar\u0142 w Nowej Rudzie. Od 2015 r. Miejska Biblioteka Publiczna w Nowej Rudzie organizuje Og\u00f3lnopolski Konkurs Poetycki jego imienia.<\/p>\n<p><a href=\"https:\/\/www.noworudzianin.pl\/WWW\/wp-content\/uploads\/2019\/11\/Pos\u0142uchajmy-wierszy.odt-2.jpg\"><img loading=\"lazy\" decoding=\"async\" src=\"https:\/\/www.noworudzianin.pl\/WWW\/wp-content\/uploads\/2019\/11\/Pos\u0142uchajmy-wierszy.odt-2-630x420.jpg\" alt=\"\" width=\"630\" height=\"420\" class=\"alignnone size-large wp-image-18702\" srcset=\"https:\/\/www.noworudzianin.pl\/WWW\/wp-content\/uploads\/2019\/11\/Pos\u0142uchajmy-wierszy.odt-2-630x420.jpg 630w, https:\/\/www.noworudzianin.pl\/WWW\/wp-content\/uploads\/2019\/11\/Pos\u0142uchajmy-wierszy.odt-2-300x200.jpg 300w, https:\/\/www.noworudzianin.pl\/WWW\/wp-content\/uploads\/2019\/11\/Pos\u0142uchajmy-wierszy.odt-2-768x512.jpg 768w, https:\/\/www.noworudzianin.pl\/WWW\/wp-content\/uploads\/2019\/11\/Pos\u0142uchajmy-wierszy.odt-2-1536x1024.jpg 1536w, https:\/\/www.noworudzianin.pl\/WWW\/wp-content\/uploads\/2019\/11\/Pos\u0142uchajmy-wierszy.odt-2-2048x1365.jpg 2048w\" sizes=\"(max-width: 630px) 100vw, 630px\" \/><\/a><\/p>\n<p><a href=\"https:\/\/www.noworudzianin.pl\/WWW\/wp-content\/uploads\/2019\/11\/Pos\u0142uchajmy-wierszy.odt-3.jpg\"><img loading=\"lazy\" decoding=\"async\" src=\"https:\/\/www.noworudzianin.pl\/WWW\/wp-content\/uploads\/2019\/11\/Pos\u0142uchajmy-wierszy.odt-3-630x420.jpg\" alt=\"\" width=\"630\" height=\"420\" class=\"alignnone size-large wp-image-18703\" srcset=\"https:\/\/www.noworudzianin.pl\/WWW\/wp-content\/uploads\/2019\/11\/Pos\u0142uchajmy-wierszy.odt-3-630x420.jpg 630w, https:\/\/www.noworudzianin.pl\/WWW\/wp-content\/uploads\/2019\/11\/Pos\u0142uchajmy-wierszy.odt-3-300x200.jpg 300w, https:\/\/www.noworudzianin.pl\/WWW\/wp-content\/uploads\/2019\/11\/Pos\u0142uchajmy-wierszy.odt-3-768x512.jpg 768w, https:\/\/www.noworudzianin.pl\/WWW\/wp-content\/uploads\/2019\/11\/Pos\u0142uchajmy-wierszy.odt-3-1536x1024.jpg 1536w, https:\/\/www.noworudzianin.pl\/WWW\/wp-content\/uploads\/2019\/11\/Pos\u0142uchajmy-wierszy.odt-3-2048x1365.jpg 2048w\" sizes=\"(max-width: 630px) 100vw, 630px\" \/><\/a><\/p>\n<p><a href=\"https:\/\/www.noworudzianin.pl\/WWW\/wp-content\/uploads\/2019\/11\/Pos\u0142uchajmy-wierszy.odt-4.jpg\"><img loading=\"lazy\" decoding=\"async\" src=\"https:\/\/www.noworudzianin.pl\/WWW\/wp-content\/uploads\/2019\/11\/Pos\u0142uchajmy-wierszy.odt-4-630x420.jpg\" alt=\"\" width=\"630\" height=\"420\" class=\"alignnone size-large wp-image-18704\" srcset=\"https:\/\/www.noworudzianin.pl\/WWW\/wp-content\/uploads\/2019\/11\/Pos\u0142uchajmy-wierszy.odt-4-630x420.jpg 630w, https:\/\/www.noworudzianin.pl\/WWW\/wp-content\/uploads\/2019\/11\/Pos\u0142uchajmy-wierszy.odt-4-300x200.jpg 300w, https:\/\/www.noworudzianin.pl\/WWW\/wp-content\/uploads\/2019\/11\/Pos\u0142uchajmy-wierszy.odt-4-768x512.jpg 768w, https:\/\/www.noworudzianin.pl\/WWW\/wp-content\/uploads\/2019\/11\/Pos\u0142uchajmy-wierszy.odt-4-1536x1024.jpg 1536w, https:\/\/www.noworudzianin.pl\/WWW\/wp-content\/uploads\/2019\/11\/Pos\u0142uchajmy-wierszy.odt-4-2048x1365.jpg 2048w\" sizes=\"(max-width: 630px) 100vw, 630px\" \/><\/a><\/p>\n<p><a href=\"https:\/\/www.noworudzianin.pl\/WWW\/wp-content\/uploads\/2019\/11\/Pos\u0142uchajmy-wierszy.odt-5.jpg\"><img loading=\"lazy\" decoding=\"async\" src=\"https:\/\/www.noworudzianin.pl\/WWW\/wp-content\/uploads\/2019\/11\/Pos\u0142uchajmy-wierszy.odt-5-630x420.jpg\" alt=\"\" width=\"630\" height=\"420\" class=\"alignnone size-large wp-image-18705\" srcset=\"https:\/\/www.noworudzianin.pl\/WWW\/wp-content\/uploads\/2019\/11\/Pos\u0142uchajmy-wierszy.odt-5-630x420.jpg 630w, https:\/\/www.noworudzianin.pl\/WWW\/wp-content\/uploads\/2019\/11\/Pos\u0142uchajmy-wierszy.odt-5-300x200.jpg 300w, https:\/\/www.noworudzianin.pl\/WWW\/wp-content\/uploads\/2019\/11\/Pos\u0142uchajmy-wierszy.odt-5-768x512.jpg 768w, https:\/\/www.noworudzianin.pl\/WWW\/wp-content\/uploads\/2019\/11\/Pos\u0142uchajmy-wierszy.odt-5-1536x1024.jpg 1536w, https:\/\/www.noworudzianin.pl\/WWW\/wp-content\/uploads\/2019\/11\/Pos\u0142uchajmy-wierszy.odt-5-2048x1365.jpg 2048w\" sizes=\"(max-width: 630px) 100vw, 630px\" \/><\/a><\/p>\n<p><a href=\"https:\/\/www.noworudzianin.pl\/WWW\/wp-content\/uploads\/2019\/11\/Pos\u0142uchajmy-wierszy.odt-6.jpg\"><img loading=\"lazy\" decoding=\"async\" src=\"https:\/\/www.noworudzianin.pl\/WWW\/wp-content\/uploads\/2019\/11\/Pos\u0142uchajmy-wierszy.odt-6-630x420.jpg\" alt=\"\" width=\"630\" height=\"420\" class=\"alignnone size-large wp-image-18706\" srcset=\"https:\/\/www.noworudzianin.pl\/WWW\/wp-content\/uploads\/2019\/11\/Pos\u0142uchajmy-wierszy.odt-6-630x420.jpg 630w, https:\/\/www.noworudzianin.pl\/WWW\/wp-content\/uploads\/2019\/11\/Pos\u0142uchajmy-wierszy.odt-6-300x200.jpg 300w, https:\/\/www.noworudzianin.pl\/WWW\/wp-content\/uploads\/2019\/11\/Pos\u0142uchajmy-wierszy.odt-6-768x512.jpg 768w, https:\/\/www.noworudzianin.pl\/WWW\/wp-content\/uploads\/2019\/11\/Pos\u0142uchajmy-wierszy.odt-6-1536x1024.jpg 1536w, https:\/\/www.noworudzianin.pl\/WWW\/wp-content\/uploads\/2019\/11\/Pos\u0142uchajmy-wierszy.odt-6-2048x1365.jpg 2048w\" sizes=\"(max-width: 630px) 100vw, 630px\" \/><\/a><\/p>\n<p><a href=\"https:\/\/www.noworudzianin.pl\/WWW\/wp-content\/uploads\/2019\/11\/Pos\u0142uchajmy-wierszy.odt-8.jpg\"><img loading=\"lazy\" decoding=\"async\" src=\"https:\/\/www.noworudzianin.pl\/WWW\/wp-content\/uploads\/2019\/11\/Pos\u0142uchajmy-wierszy.odt-8-630x420.jpg\" alt=\"\" width=\"630\" height=\"420\" class=\"alignnone size-large wp-image-18707\" srcset=\"https:\/\/www.noworudzianin.pl\/WWW\/wp-content\/uploads\/2019\/11\/Pos\u0142uchajmy-wierszy.odt-8-630x420.jpg 630w, https:\/\/www.noworudzianin.pl\/WWW\/wp-content\/uploads\/2019\/11\/Pos\u0142uchajmy-wierszy.odt-8-300x200.jpg 300w, https:\/\/www.noworudzianin.pl\/WWW\/wp-content\/uploads\/2019\/11\/Pos\u0142uchajmy-wierszy.odt-8-768x512.jpg 768w, https:\/\/www.noworudzianin.pl\/WWW\/wp-content\/uploads\/2019\/11\/Pos\u0142uchajmy-wierszy.odt-8-1536x1024.jpg 1536w, https:\/\/www.noworudzianin.pl\/WWW\/wp-content\/uploads\/2019\/11\/Pos\u0142uchajmy-wierszy.odt-8-2048x1365.jpg 2048w\" sizes=\"(max-width: 630px) 100vw, 630px\" \/><\/a><\/p>\n<p align=\"center\"><span style=\"color: #0000ff;\">Str. 7 w numerze 406 tygodnika \u201eNoworudzianin\u201d dost\u0119pnym w<\/span> <a href=\"https:\/\/www.noworudzianin.pl\/WWW\/archiwum\/rok-2019\/\" target=\"_blank\" rel=\"noopener noreferrer\">archiwum<\/a>.<\/p>\n<p><script language=\"JavaScript\">\n<!--\nfunction FP_swapImg() {\/\/v1.0\n var doc=document,args=arguments,elm,n; doc.$imgSwaps=new Array(); for(n=2; n<args.length;\n n+=2) { elm=FP_getObjectByID(args[n]); if(elm) { doc.$imgSwaps[doc.$imgSwaps.length]=elm;\n elm.$src=elm.src; elm.src=args[n+1]; } }\n}\nfunction FP_preloadImgs() {\/\/v1.0\n var d=document,a=arguments; if(!d.FP_imgs) d.FP_imgs=new Array();\n for(var i=0; i<a.length; i++) { d.FP_imgs[i]=new Image; d.FP_imgs[i].src=a[i]; }\n}\nfunction FP_getObjectByID(id,o) {\/\/v1.0\n var c,el,els,f,m,n; if(!o)o=document; if(o.getElementById) el=o.getElementById(id);\n else if(o.layers) c=o.layers; else if(o.all) el=o.all[id]; if(el) return el;\n if(o.id==id || o.name==id) return o; if(o.childNodes) c=o.childNodes; if(c)\n for(n=0; n<c.length; n++) { el=FP_getObjectByID(id,c[n]); if(el) return el; }\n f=o.forms; if(f) for(n=0; n<f.length; n++) { els=f[n].elements;\n for(m=0; m<els.length; m++){ el=FP_getObjectByID(id,els[n]); if(el) return el; } }\n return null;\n}\n\/\/ -->\n<\/script><br \/>\n<body onload=\"FP_preloadImgs(\/*url*\/'http:\/\/www.noworudzianin.pl\/WWW\/images\/button53.jpg', \/*url*\/'http:\/\/www.noworudzianin.pl\/WWW\/images\/button52.jpg')\"><\/p>\n<p align=\"center\">\n\t\t\t<a target=\"_blank\" href=\"http:\/\/www.noworudzianin.pl\/WWW\/images\/406_b.jpg\" rel=\"noopener noreferrer\"><br \/>\n\t\t\t<img loading=\"lazy\" decoding=\"async\" border=\"1\" src=\"http:\/\/www.noworudzianin.pl\/WWW\/images\/406_b_small.jpg\" width=\"221\" height=\"300\"><\/a><br \/>\n\t\t\t<font face=\"Verdana\">Numer 406<br \/>\n\t\t\t<font size=\"2\">29 listopada &#8211; 5 grudnia 2019 r. <\/font><\/font><br \/><a title=\"pobierz e-gazet\u0119\" onclick=\"window.open('\/egazeta\/index.php?n=406','Pobierz_egazete', 'menubar=no,toolbar=no,location=no,directories=no,status=no,scrollbars=no,resizable=no,fullscreen=no,channelmode=no,width=400,height=400').focus(); return false()\"><img loading=\"lazy\" decoding=\"async\" border=\"0\" id=\"img62\" src=\"http:\/\/www.noworudzianin.pl\/WWW\/images\/button51.jpg\" height=\"30\" width=\"150\" alt=\"Pobierz tutaj (pdf)\" onmouseover=\"FP_swapImg(1,0,\/*id*\/'img62',\/*url*\/'http:\/\/www.noworudzianin.pl\/WWW\/images\/button52.jpg')\" onmouseout=\"FP_swapImg(0,0,\/*id*\/'img62',\/*url*\/'http:\/\/www.noworudzianin.pl\/WWW\/images\/button51.jpg')\" onmousedown=\"FP_swapImg(1,0,\/*id*\/'img62',\/*url*\/'http:\/\/www.noworudzianin.pl\/WWW\/images\/button53.jpg')\" onmouseup=\"FP_swapImg(0,0,\/*id*\/'img62',\/*url*\/'http:\/\/www.noworudzianin.pl\/WWW\/images\/button52.jpg')\" fp-style=\"fp-btn: Glass Rectangle 1; fp-font-size: 12; fp-orig: 0\" fp-title=\"Pobierz tutaj (pdf)\"><\/a><\/p>\n","protected":false},"excerpt":{"rendered":"<p>Za nami ju\u017c XXIX Noworudzkie Spotkania z Poezj\u0105. W tym roku odby\u0142y si\u0119 w listopadzie i jak zwykle impreza zgromadzi\u0142a<\/p>\n","protected":false},"author":4,"featured_media":18701,"comment_status":"open","ping_status":"closed","sticky":false,"template":"","format":"standard","meta":{"om_disable_all_campaigns":false,"_monsterinsights_skip_tracking":false,"_monsterinsights_sitenote_active":false,"_monsterinsights_sitenote_note":"","_monsterinsights_sitenote_category":0,"_uf_show_specific_survey":0,"_uf_disable_surveys":false,"footnotes":""},"categories":[2,30,3836,6],"tags":[4793,4795,4794,931,4797,4792,933,20,5,4776,4790,4791,4796],"aioseo_notices":[],"amp_enabled":true,"_links":{"self":[{"href":"https:\/\/www.noworudzianin.pl\/WWW\/wp-json\/wp\/v2\/posts\/18677"}],"collection":[{"href":"https:\/\/www.noworudzianin.pl\/WWW\/wp-json\/wp\/v2\/posts"}],"about":[{"href":"https:\/\/www.noworudzianin.pl\/WWW\/wp-json\/wp\/v2\/types\/post"}],"author":[{"embeddable":true,"href":"https:\/\/www.noworudzianin.pl\/WWW\/wp-json\/wp\/v2\/users\/4"}],"replies":[{"embeddable":true,"href":"https:\/\/www.noworudzianin.pl\/WWW\/wp-json\/wp\/v2\/comments?post=18677"}],"version-history":[{"count":1,"href":"https:\/\/www.noworudzianin.pl\/WWW\/wp-json\/wp\/v2\/posts\/18677\/revisions"}],"predecessor-version":[{"id":18708,"href":"https:\/\/www.noworudzianin.pl\/WWW\/wp-json\/wp\/v2\/posts\/18677\/revisions\/18708"}],"wp:featuredmedia":[{"embeddable":true,"href":"https:\/\/www.noworudzianin.pl\/WWW\/wp-json\/wp\/v2\/media\/18701"}],"wp:attachment":[{"href":"https:\/\/www.noworudzianin.pl\/WWW\/wp-json\/wp\/v2\/media?parent=18677"}],"wp:term":[{"taxonomy":"category","embeddable":true,"href":"https:\/\/www.noworudzianin.pl\/WWW\/wp-json\/wp\/v2\/categories?post=18677"},{"taxonomy":"post_tag","embeddable":true,"href":"https:\/\/www.noworudzianin.pl\/WWW\/wp-json\/wp\/v2\/tags?post=18677"}],"curies":[{"name":"wp","href":"https:\/\/api.w.org\/{rel}","templated":true}]}}