{"id":18810,"date":"2019-12-05T15:51:55","date_gmt":"2019-12-05T14:51:55","guid":{"rendered":"https:\/\/www.noworudzianin.pl\/WWW\/?p=18810"},"modified":"2019-12-05T15:51:55","modified_gmt":"2019-12-05T14:51:55","slug":"to-bedzie-trudny-rok","status":"publish","type":"post","link":"https:\/\/www.noworudzianin.pl\/WWW\/2019\/12\/05\/to-bedzie-trudny-rok\/","title":{"rendered":"To b\u0119dzie trudny rok"},"content":{"rendered":"<p>O problemach finansowych w przysz\u0142orocznym bud\u017cecie miasta, a tak\u017ce o cenach za odbi\u00f3r odpad\u00f3w i mijaj\u0105cym roku kolejnej kadencji rozmawiamy z Tomaszem Kili\u0144skim, burmistrzem Nowej Rudy<\/p>\n<p>\u2013 Panie Burmistrzu, coraz wi\u0119cej w\u0142odarzy miast i gmin w Polsce m\u00f3wi o wielkich problemach jakie czekaj\u0105 bud\u017cety samorz\u0105dowe w przysz\u0142ym roku, czy podobna sytuacja czeka tak\u017ce Now\u0105 Rud\u0119?<br \/>\n\u2013 Jak ka\u017cdy samorz\u0105d w Polsce Nowa Ruda b\u0119dzie mia\u0142a bardzo podobne problemy. Przede wszystkim zaplanowane mniejsze dochody z PIT-u, ni\u017c w bie\u017c\u0105cym roku. Tyle si\u0119 m\u00f3wi, \u017ce samorz\u0105dy tyle pieni\u0119dzy maj\u0105 z PIT-u, a to jest nieprawda. W przysz\u0142ym roku wed\u0142ug prognozy kt\u00f3r\u0105 otrzymali\u015bmy z Ministerstwa Finans\u00f3w b\u0119dziemy mieli mniejsze wp\u0142ywy z tego tytu\u0142u. Rosn\u0105 koszty o\u015bwiaty, kt\u00f3re s\u0105 notorycznie przerzucane na samorz\u0105dy, poniek\u0105d s\u0142uszne wzrosty wynagrodze\u0144 nauczycieli, kt\u00f3rymi w du\u017cej mierze obci\u0105\u017ca si\u0119 samorz\u0105dy. Wzrost najni\u017cszego wynagrodzenia te\u017c s\u0142uszny spowoduje kolejne ogromne koszty bie\u017c\u0105ce utrzymania jednostek, czyli szk\u00f3\u0142, instytucji kultury, o\u015brodka pomocy spo\u0142ecznej itd. To rzecz jasna ma odbicie w bud\u017cecie i w mo\u017cliwo\u015bciach cho\u0107by inwestycyjnych gminy.<\/p>\n<p>\u2013 O 1% spad\u0142 podatek PIT, m\u0142odzi ludzie do 26 roku \u017cycia s\u0105 z tego podatku zwolnieni, rz\u0105d wprowadza tzw. CIT esto\u0144ski to ma prze\u0142o\u017cenie na bud\u017cet miasta?<br \/>\n\u2013 Oczywi\u015bcie, rz\u0105d rozdaj\u0105c tego rodzaju przywileje \u2013 ulgi w podatkach, pomniejszaj\u0105c kwoty podatk\u00f3w, pomniejsza nasze gminne dochody. Powiem przede wszystkim o PIT-e, bo CIT jest dla nas nieznacz\u0105cym \u017ar\u00f3d\u0142em dochod\u00f3w, ale z PIT ponad 37% trafia do bud\u017cetu gminy, to mniejsze wp\u0142ywy z tytu\u0142u instrument\u00f3w kt\u00f3re stosuje rz\u0105d zmniejszaj\u0105c pule podatku. Dochodu, kt\u00f3rego nikt nam nie zrekompensuje b\u0119dzie mniej. Druga cz\u0119\u015b\u0107 problem\u00f3w zwi\u0105zana jest z o\u015bwiat\u0105.  <\/p>\n<p>\u2013 Ten temat budzi wiele emocji w ca\u0142ym kraju. Rz\u0105d informuje, \u017ce na o\u015bwiat\u0119 przeznacza wiele miliard\u00f3w z\u0142otych wi\u0119cej ni\u017c by\u0142o to w latach ubieg\u0142ych, a prezydenci miast, burmistrzowie i w\u00f3jtowie m\u00f3wi\u0105, \u017ce stale ro\u015bnie kwota jaka musz\u0105 dok\u0142ada\u0107 do szeroko rozumianej o\u015bwiaty.<br \/>\n\u2013 Powiem tak, te no\u017cyce rozje\u017cd\u017caj\u0105 si\u0119 coraz bardziej. Nasz udzia\u0142 w finansowaniu o\u015bwiaty jest coraz wi\u0119kszy. Oczywi\u015bcie mo\u017cna by powiedzie\u0107, to zaoszcz\u0119d\u017acie  na o\u015bwiacie. Nie chcemy tego robi\u0107, jak dla mnie edukacja jest filarem rozwoju, jako\u015b\u0107 edukacji i ilo\u015b\u0107 dzieci w oddzia\u0142ach szkolnych wp\u0142ywa na jako\u015b\u0107 szkolenia, dodatkowe zaj\u0119cia i tak dalej mo\u017cna by du\u017co m\u00f3wi\u0107 o szczeg\u00f3\u0142ach, to jest koszt. My nie chcemy tego ogranicza\u0107, nie chcemy tego odbiera\u0107, a to kosztuje coraz wi\u0119cej, tylko \u017ce w coraz wi\u0119kszej mierze my to musimy finansowa\u0107. Kto\u015b zdecydowa\u0142 o wzro\u015bcie wynagrodze\u0144 nie konsultuj\u0105c tego z samorz\u0105dowcami. Bardzo dobrze, \u017ce jest wzrost wynagrodze\u0144, tylko niech rz\u0105d go sfinansuje, to naprawd\u0119 nie jest nasza rola.<\/p>\n<p>\u2013 Jak wspomina\u0142a Pani Wiceburmistrz, oko\u0142o 1 miliona z\u0142otych trzeba b\u0119dzie do\u0142o\u017cy\u0107 do odbioru i segregacji odpad\u00f3w. Suma summarum, uszczuplenie bud\u017cetu, dodatkowe wydatki wszystko to wp\u0142ynie na sytuacj\u0119 ekonomiczn\u0105 miast i gmin?<br \/>\n\u2013 Na jak\u0105\u015b wi\u0119ksz\u0105 inwestycj\u0119 w mie\u015bcie w przysz\u0142ym roku nie ma co liczy\u0107. Ile b\u0119dziemy musieli do\u0142o\u017cy\u0107 do odpad\u00f3w, to tak naprawd\u0119 poka\u017ce \u017cycie. Wzrost op\u0142aty dla mieszka\u0144c\u00f3w jest ogromny, ale przypomn\u0119 \u017ce ta op\u0142ata w tym roku ro\u015bnie po raz kolejny i 100 z\u0142 od tony bierze rz\u0105d w op\u0142acie \u015brodowiskowej. Przypomn\u0119, \u017ce w ubieg\u0142ym roku by\u0142o podobnie, ta op\u0142ata przez 2 lata ogromnie wzros\u0142a. To wszystko zap\u0142acimy my mieszka\u0144cy, \u017ceby by\u0142o jasne, to nie jest doch\u00f3d gminy, to jest doch\u00f3d do bud\u017cetu pa\u0144stwa.<\/p>\n<p>\u2013 Z tego co si\u0119 orientuj\u0119 gminy nie mog\u0105 dofinansowywa\u0107 odbioru i zagospodarowania odpad\u00f3w.<br \/>\n\u2013 Nie powinny finansowa\u0107. Za\u0142o\u017cenia systemu, kt\u00f3ry obecnie funkcjonuje s\u0105 takie, \u017ce gminy pobieraj\u0105 op\u0142aty, kt\u00f3re powinny sfinansowa\u0107 realizacj\u0119 ca\u0142ego systemu gospodarowania odpadami. To jest bardzo trudne dla samorz\u0105d\u00f3w. Maksymalna stawka jak\u0105 gminy mog\u0105 zastosowa\u0107 to jest kwota 33 z\u0142 i wiele samorz\u0105d\u00f3w tak\u0105 stawk\u0119 ustali\u0142o, a prawdopodobnie taka stawka mo\u017ce by\u0107 niewystarczaj\u0105ca na pokrycie koszt\u00f3w.<\/p>\n<p>\u2013 Panie burmistrzu, ale w Wa\u0142brzychu od listopada obowi\u0105zuje stawka 27 z\u0142 od osoby za miesi\u0105c, sk\u0105d taka r\u00f3\u017cnica mi\u0119dzy Now\u0105 Rud\u0105 i Wa\u0142brzychem?<br \/>\n\u2013 Powiem szczerze, \u017ce nie wiem jakie koszty obowi\u0105zuj\u0105 w Wa\u0142brzychu, mo\u017ce te koszty s\u0105 jako\u015b przerzucane, ale ustawa tego zabrania.<\/p>\n<p>\u2013 Noworudzianie tak ogromn\u0105 podwy\u017ck\u0105 s\u0105 zbulwersowani, pytaj\u0105 czy nie lepiej by\u0142o og\u0142osi\u0107 przetarg na wyw\u00f3z i zagospodarowanie odpadami, mo\u017ce by\u0142oby taniej?<br \/>\n\u2013 By\u0107 mo\u017ce, ale w\u0105tpi\u0119 w to, a \u017ceby by\u0142o jasne, po to powo\u0142ali\u015bmy t\u0119 sp\u00f3\u0142k\u0119, \u017ceby realizowa\u0107 zadania miasta, w mo\u017cliwie najta\u0144szy spos\u00f3b.<\/p>\n<p>\u2013 To mo\u017ce trzeba si\u0119 zastanowi\u0107 nad minimalizacj\u0105 koszt\u00f3w funkcjonowania sp\u00f3\u0142ki Noworudzkie Us\u0142ugi Komunalne?<br \/>\n\u2013 Koszty sp\u00f3\u0142ki rosn\u0105 naprawd\u0119 niewiele \u2013 wiadomo ro\u015bnie cena paliwa, ro\u015bnie p\u0142aca minimalna chocia\u017c to s\u0105 wzrosty w granicach 10%, to naprawd\u0119 nie jest przyczyn\u0105 tak wysokiej stawki jak\u0105 zap\u0142acimy za \u015bmieci, patrz\u0105c na to, \u017ce kto\u015b podnosi op\u0142at\u0119 \u015brodowiskow\u0105 ze 170 na 270 z\u0142. Tym bardziej, \u017ce wymaga si\u0119 od nas wype\u0142nienia obowi\u0105zk\u00f3w wynikaj\u0105cych z przepis\u00f3w dostosowania ca\u0142ego systemy segregowania odpad\u00f3w do obowi\u0105zuj\u0105cych norm. Musimy np. cz\u0119sto wywozi\u0107 cho\u0107by bioodpady, musimy, a to wszystko generuje koszty, kt\u00f3re p\u00f3\u017aniej p\u0142acimy jako mieszka\u0144cy.  W NUK-u nie ma nie wiadomo jakich koszt\u00f3w, to s\u0105 stosunkowo niskie wynagrodzenia pracownik\u00f3w  plus koszty utrzymania sprz\u0119tu \u2013 pojazd\u00f3w, paliwa itd., ale g\u0142\u00f3wny koszt zwi\u0105zany z op\u0142atami za \u015bmieci to s\u0105 op\u0142aty \u201ena bramie\u201d, to jest koszt kt\u00f3ry musimy oddawa\u0107 za odbieranie odpad\u00f3w.  <\/p>\n<p>\u2013 Zmieniaj\u0105c temat, Panie Burmistrzu mija rok jak zosta\u0142 Pan ponownie wybrany na stanowisko burmistrza Nowej Rudy, jak by Pan podsumowa\u0142 ten rok?<br \/>\n\u2013 Dla naszego miasta, to okres sukces\u00f3w zwi\u0105zanych z kontynuacj\u0105 tego co i nad czym pracowali\u015bmy przez ostatnie kilka lat. Tak naprawd\u0119 mo\u017cna powiedzie\u0107, \u017ce w pewnym sensie konsumujemy to co uda\u0142o nam si\u0119 zdoby\u0107, mam na my\u015bli du\u017ce unijne pieni\u0105dze. Zako\u0144czyli\u015bmy najwi\u0119ksze zadanie inwestycyjne \u2013 remont ulic \u015awidnickiej i Pi\u0142sudskiego, budow\u0119 \u015bcie\u017cki rowerowej, wcze\u015bniej zako\u0144czyli\u015bmy te\u017c budow\u0119 \u015bcie\u017cki rowerowej z Nowej Rudy do S\u0142upca. Trwa budowa basenu, troch\u0119 op\u00f3\u017aniona, ale trwa i na ten cel r\u00f3wnie\u017c pozyskali\u015bmy \u015brodki unijne. Tereny zielone i inne projekty, nied\u0142ugo uruchamiamy kolejny projekt zwi\u0105zany z rewitalizacj\u0105 parku przy ulicy Strzeleckiej, budow\u0105 parkingu przy Miejskim O\u015brodku Kultury, wi\u0119c to s\u0105 rzeczy kt\u00f3re dzisiaj trwaj\u0105, zako\u0144czy\u0142y si\u0119 b\u0105d\u017a b\u0119d\u0105 si\u0119 ko\u0144czy\u0107, a maj\u0105 ogromny wp\u0142yw na \u017cycie mieszka\u0144c\u00f3w. Wspomn\u0119 r\u00f3wnie\u017c o likwidacji niskiej emisji, z jednej strony budowa \u015bcie\u017cek rowerowych, nowoczesnego oszcz\u0119dnego o\u015bwietlenia, ale przede wszystkim post\u0119puj\u0105cy proces wymiany kot\u0142\u00f3w. Wymieniamy kot\u0142y, dofinansowujemy mieszka\u0144com wymian\u0119 kot\u0142\u00f3w. Zgadzam si\u0119, czasami bardzo d\u0142ugo czekaj\u0105 na pieni\u0105dze, nie zawsze mamy na to wp\u0142yw, ale te pieni\u0105dze wracaj\u0105 do noworudzian. Nied\u0142ugo b\u0119dziemy uruchamiali kolejny projekt wymiany \u017ar\u00f3de\u0142 ciep\u0142a w 80 lokalach komunalnych, czekamy na rozstrzygni\u0119cie konkursu, mam nadziej\u0119 \u017ce pozytywne dla naszego miasta rozstrzygni\u0119cie i pozyskamy kolejne tym razem unijne pieni\u0105dze na wymian\u0119 \u017ar\u00f3de\u0142 ciep\u0142a dla mieszka\u0144c\u00f3w.  Uda\u0142o nam si\u0119 bardzo du\u017co, by\u0142 to bardzo intensywny rok, z du\u017c\u0105 ilo\u015bci\u0105 inwestycji. My\u015bl\u0119, \u017ce teraz ju\u017c musimy my\u015ble\u0107 o wsp\u00f3\u0142pracy z poszczeg\u00f3lnymi gminami w temacie nowej perspektywy finansowej Unii Europejskiej na lata 2021-2027, cho\u0107 bior\u0105c pod uwag\u0119 sytuacj\u0119 finansow\u0105 samorz\u0105d\u00f3w i polityk\u0119 rz\u0105du pogarszaj\u0105c\u0105 wci\u0105\u017c  t\u0119 sytuacj\u0119, to b\u0119dzie bardzo trudny czas dla mo\u017cliwo\u015bci realizacji projekt\u00f3w z dofinansowaniem unijnym w nowej perspektywie o czym m\u00f3wi\u0105 wszystkie samorz\u0105dy. <\/p>\n<p>\u2013 Dzi\u0119kuj\u0119 za rozmow\u0119.<br \/>\n\u2013 Dzi\u0119kuj\u0119.<\/p>\n<p align=\"center\"><span style=\"color: #0000ff;\">Str. 3 w numerze 407 tygodnika \u201eNoworudzianin\u201d dost\u0119pnym w<\/span> <a href=\"https:\/\/www.noworudzianin.pl\/WWW\/archiwum\/rok-2019\/\" target=\"_blank\" rel=\"noopener noreferrer\">archiwum<\/a>.<\/p>\n<p><script language=\"JavaScript\">\n<!--\nfunction FP_swapImg() {\/\/v1.0\n var doc=document,args=arguments,elm,n; doc.$imgSwaps=new Array(); for(n=2; n<args.length;\n n+=2) { elm=FP_getObjectByID(args[n]); if(elm) { doc.$imgSwaps[doc.$imgSwaps.length]=elm;\n elm.$src=elm.src; elm.src=args[n+1]; } }\n}\nfunction FP_preloadImgs() {\/\/v1.0\n var d=document,a=arguments; if(!d.FP_imgs) d.FP_imgs=new Array();\n for(var i=0; i<a.length; i++) { d.FP_imgs[i]=new Image; d.FP_imgs[i].src=a[i]; }\n}\nfunction FP_getObjectByID(id,o) {\/\/v1.0\n var c,el,els,f,m,n; if(!o)o=document; if(o.getElementById) el=o.getElementById(id);\n else if(o.layers) c=o.layers; else if(o.all) el=o.all[id]; if(el) return el;\n if(o.id==id || o.name==id) return o; if(o.childNodes) c=o.childNodes; if(c)\n for(n=0; n<c.length; n++) { el=FP_getObjectByID(id,c[n]); if(el) return el; }\n f=o.forms; if(f) for(n=0; n<f.length; n++) { els=f[n].elements;\n for(m=0; m<els.length; m++){ el=FP_getObjectByID(id,els[n]); if(el) return el; } }\n return null;\n}\n\/\/ -->\n<\/script><br \/>\n<body onload=\"FP_preloadImgs(\/*url*\/'http:\/\/www.noworudzianin.pl\/WWW\/images\/button53.jpg', \/*url*\/'http:\/\/www.noworudzianin.pl\/WWW\/images\/button52.jpg')\"><\/p>\n<p align=\"center\">\n\t\t\t<a target=\"_blank\" href=\"http:\/\/www.noworudzianin.pl\/WWW\/images\/407_b.jpg\" rel=\"noopener noreferrer\"><br \/>\n\t\t\t<img loading=\"lazy\" decoding=\"async\" border=\"1\" src=\"http:\/\/www.noworudzianin.pl\/WWW\/images\/407_b_small.jpg\" width=\"221\" height=\"300\"><\/a><br \/>\n\t\t\t<font face=\"Verdana\">Numer 407<br \/>\n\t\t\t<font size=\"2\">6-12 grudnia 2019 r. <\/font><\/font><br \/><a title=\"pobierz e-gazet\u0119\" onclick=\"window.open('\/egazeta\/index.php?n=407','Pobierz_egazete', 'menubar=no,toolbar=no,location=no,directories=no,status=no,scrollbars=no,resizable=no,fullscreen=no,channelmode=no,width=400,height=400').focus(); return false()\"><img loading=\"lazy\" decoding=\"async\" border=\"0\" id=\"img62\" src=\"http:\/\/www.noworudzianin.pl\/WWW\/images\/button51.jpg\" height=\"30\" width=\"150\" alt=\"Pobierz tutaj (pdf)\" onmouseover=\"FP_swapImg(1,0,\/*id*\/'img62',\/*url*\/'http:\/\/www.noworudzianin.pl\/WWW\/images\/button52.jpg')\" onmouseout=\"FP_swapImg(0,0,\/*id*\/'img62',\/*url*\/'http:\/\/www.noworudzianin.pl\/WWW\/images\/button51.jpg')\" onmousedown=\"FP_swapImg(1,0,\/*id*\/'img62',\/*url*\/'http:\/\/www.noworudzianin.pl\/WWW\/images\/button53.jpg')\" onmouseup=\"FP_swapImg(0,0,\/*id*\/'img62',\/*url*\/'http:\/\/www.noworudzianin.pl\/WWW\/images\/button52.jpg')\" fp-style=\"fp-btn: Glass Rectangle 1; fp-font-size: 12; fp-orig: 0\" fp-title=\"Pobierz tutaj (pdf)\"><\/a><\/p>\n","protected":false},"excerpt":{"rendered":"<p>O problemach finansowych w przysz\u0142orocznym bud\u017cecie miasta, a tak\u017ce o cenach za odbi\u00f3r odpad\u00f3w i mijaj\u0105cym roku kolejnej kadencji rozmawiamy<\/p>\n","protected":false},"author":4,"featured_media":18896,"comment_status":"open","ping_status":"closed","sticky":false,"template":"","format":"standard","meta":{"om_disable_all_campaigns":false,"_monsterinsights_skip_tracking":false,"_monsterinsights_sitenote_active":false,"_monsterinsights_sitenote_note":"","_monsterinsights_sitenote_category":0,"_uf_show_specific_survey":0,"_uf_disable_surveys":false,"footnotes":""},"categories":[2,6],"tags":[20,5,4815,983,4826,462],"aioseo_notices":[],"amp_enabled":true,"_links":{"self":[{"href":"https:\/\/www.noworudzianin.pl\/WWW\/wp-json\/wp\/v2\/posts\/18810"}],"collection":[{"href":"https:\/\/www.noworudzianin.pl\/WWW\/wp-json\/wp\/v2\/posts"}],"about":[{"href":"https:\/\/www.noworudzianin.pl\/WWW\/wp-json\/wp\/v2\/types\/post"}],"author":[{"embeddable":true,"href":"https:\/\/www.noworudzianin.pl\/WWW\/wp-json\/wp\/v2\/users\/4"}],"replies":[{"embeddable":true,"href":"https:\/\/www.noworudzianin.pl\/WWW\/wp-json\/wp\/v2\/comments?post=18810"}],"version-history":[{"count":1,"href":"https:\/\/www.noworudzianin.pl\/WWW\/wp-json\/wp\/v2\/posts\/18810\/revisions"}],"predecessor-version":[{"id":18897,"href":"https:\/\/www.noworudzianin.pl\/WWW\/wp-json\/wp\/v2\/posts\/18810\/revisions\/18897"}],"wp:featuredmedia":[{"embeddable":true,"href":"https:\/\/www.noworudzianin.pl\/WWW\/wp-json\/wp\/v2\/media\/18896"}],"wp:attachment":[{"href":"https:\/\/www.noworudzianin.pl\/WWW\/wp-json\/wp\/v2\/media?parent=18810"}],"wp:term":[{"taxonomy":"category","embeddable":true,"href":"https:\/\/www.noworudzianin.pl\/WWW\/wp-json\/wp\/v2\/categories?post=18810"},{"taxonomy":"post_tag","embeddable":true,"href":"https:\/\/www.noworudzianin.pl\/WWW\/wp-json\/wp\/v2\/tags?post=18810"}],"curies":[{"name":"wp","href":"https:\/\/api.w.org\/{rel}","templated":true}]}}