{"id":19367,"date":"2020-01-09T16:33:47","date_gmt":"2020-01-09T15:33:47","guid":{"rendered":"https:\/\/www.noworudzianin.pl\/WWW\/?p=19367"},"modified":"2020-01-15T08:54:28","modified_gmt":"2020-01-15T07:54:28","slug":"orszak-trzech-kroli-w-jugowie","status":"publish","type":"post","link":"https:\/\/www.noworudzianin.pl\/WWW\/2020\/01\/09\/orszak-trzech-kroli-w-jugowie\/","title":{"rendered":"Orszak Trzech Kr\u00f3li w Jugowie"},"content":{"rendered":"<p>Po raz trzeci w Jugowie zorganizowany zosta\u0142 \u201eOrszak Trzech Kr\u00f3li\u201d<!--more-->. W ca\u0142ej Polsce w niemal\u017ce 900 miejscowo\u015bciach przemaszerowa\u0142 kolorowy korow\u00f3d Kacpra, Melchiora i Baltazara. O godz. 11.00 ca\u0142a orszakowa impreza rozpocz\u0119\u0142a si\u0119 na placu Nadle\u015bnictwa Jug\u00f3w. Tam zostali przez organizator\u00f3w powitani wszyscy uczestnicy. Orszak niebieski reprezentowali mieszka\u0144cy Jugowa. Zielony to mieszka\u0144cy z Przyg\u00f3rza i Drogos\u0142awia, a czerwony z Sokolca, Dzikowca i Koszyna. Poszczeg\u00f3lne grupy odgrywa\u0142y swoje scenki zwi\u0105zane z narodzeniem Chrystusa. Po wyst\u0119pie orszaku niebieskiego utworzy\u0142 si\u0119 korow\u00f3d, na kt\u00f3rego czele jecha\u0142y wozy bojowe stra\u017cy po\u017carnej i Trzej Kr\u00f3lowie na koniach. Po doj\u015bciu do ko\u015bcio\u0142a w niebo zosta\u0142o wypuszczonych 200 bia\u0142o-czerwonych balon\u00f3w. 100 na uczczenie setnej rocznicy odzyskania niepodleg\u0142o\u015bci i 100 dla uczczenia setnej rocznicy Cudu nad Wis\u0142\u0105, kt\u00f3re \u015bwi\u0119towa\u0107 b\u0119dziemy w tym roku. Po Mszy \u015bw. uczestnicy udali si\u0119 na piknik orszakowy na boisko szkolne.<\/p>\n<p>Organizatorzy III Orszaku Trzech Kr\u00f3li w Jugowie: Parafia \u015aw. Katarzyny w Jugowie, W\u00f3jt Gminy Nowa Ruda, Nadle\u015bnictwo Jug\u00f3w w Jugowie, Centrum Kultury Gminy Nowa Ruda, Parafa \u015aw. Barbary w Drogos\u0142awiu, Zesp\u00f3\u0142 Szk\u00f3\u0142 Nr 1 w Jugowie, Szko\u0142a Podstawowa Nr 6 im. p\u0142k. J\u00f3zefa Sokola w Nowej Rudzie, Ko\u0142o \u0142owieckie \u201eDiana\u201e Nowa Ruda, KGW Jug\u00f3w, Klub Seniora Wrzos w Jugowie Jugowska bra\u0107 g\u00f3rnicza, OSP Jug\u00f3w, OSP Drogos\u0142aw,  Stowarzyszenie \u201eRajdowy Jug\u00f3w\u201d,  Tygodnik  spo\u0142eczno-kulturalny \u201eNoworudzianin\u201d, Stowarzyszenie Przyjaci\u00f3\u0142 Jugowa, so\u0142ectwa: Jug\u00f3w, Przyg\u00f3rze, Koszyn, Dzikowiec, Bo\u017ck\u00f3w oraz Sokolec wyra\u017caj\u0105 bezgraniczn\u0105 wdzi\u0119czno\u015b\u0107 sponsorom  za pomoc przy organizacji uroczysto\u015bci, za to \u017ce w\u015br\u00f3d dar\u00f3w dla Jezusa nie zabrak\u0142o tych szczeg\u00f3lnych &#8211; \u017cyczliwo\u015bci i ofiarno\u015bci.<\/p>\n<p>Sponsorzy III Orszaku Trzech Kr\u00f3li w Jugowie: ks. Krzysztof Kaczmarek, Adrianna Mierzejewska W\u00f3jt Gminy Nowa Ruda, Jan Lenart Nadle\u015bniczy Nadle\u015bnictwa Jug\u00f3w, Radni Rady Gminy Nowa Ruda: Bo\u017cena So\u0142ek-Muzyka, Magdalena Tomkiewicz, Marcin Antosik, Kazimierz \u0141aba, Miros\u0142aw Dziedzic, Marek Bidzi\u0144ski, Boles\u0142aw Pietruszewski, Janusz Ma\u015blanka, Gabriela Buczek Dyrektor Centrum Kultury Gminy Nowa Ruda, Wojciech Ko\u0142odziej Dyrektor Miejskiego O\u015brodka Kultury w Nowej Rudzie, Barbara Izbi\u0144ska  Piekarnia- Cukiernia Wolib\u00f3rz, Jan Borkowski Prezes Ko\u0142a \u0142owieckiego \u201eDiana\u201d Nowa Ruda, Kazimierz G\u0105dek Komendant Twierdzy Srebrnog\u00f3rskiej, Leszek Kopcio Kawiarnia \u201e Bia\u0142a lokomotywa\u201d,  Anna Godek Stacja narciarska \u201e Przy G\u00f3rze\u201d, Stacja Narciarska SKI Wyci\u0105g Nr 5, \u201eAz-Gaz\u201d Zbigniew Aibin, Barbara Korbas Dyrektor Muzeum G\u00f3rnictwa Nowa Ruda, Marzena Ty\u015b Sala zabaw \u201eBajkolandia\u201d, \u0141ukasz Kantorski Restauracja Rycerska, Ell\u017cbieta Byczkowska Sklep spo\u017cywczy, Sandra Czudziak- Szczurk Sklep spo\u017cywczy, Anna Grudewicz Sklep spo\u017cywczy, Ewa Kasza Sklep Spo\u017cywczy, Piotr Sapeja Sklep spo\u017cywczy \u201eOliwia\u201d, Edyta Kucharska Sklep spo\u017cywczy, Aldona \u0141aba Sklep spo\u017cywczy, Katarzyna Kopacz Sklep spo\u017cywczy \u201eU Jadzi\u201d oraz Magdalena \u015amigiel. <\/p>\n<p><a href=\"https:\/\/www.noworudzianin.pl\/WWW\/wp-content\/uploads\/2020\/01\/Orszak-Trzech-Kr\u00f3li-w-Jugowie-1-scaled.jpg\"><img loading=\"lazy\" decoding=\"async\" src=\"https:\/\/www.noworudzianin.pl\/WWW\/wp-content\/uploads\/2020\/01\/Orszak-Trzech-Kr\u00f3li-w-Jugowie-1-630x420.jpg\" alt=\"\" width=\"630\" height=\"420\" class=\"alignnone size-large wp-image-19376\" srcset=\"https:\/\/www.noworudzianin.pl\/WWW\/wp-content\/uploads\/2020\/01\/Orszak-Trzech-Kr\u00f3li-w-Jugowie-1-630x420.jpg 630w, https:\/\/www.noworudzianin.pl\/WWW\/wp-content\/uploads\/2020\/01\/Orszak-Trzech-Kr\u00f3li-w-Jugowie-1-300x200.jpg 300w, https:\/\/www.noworudzianin.pl\/WWW\/wp-content\/uploads\/2020\/01\/Orszak-Trzech-Kr\u00f3li-w-Jugowie-1-768x512.jpg 768w, https:\/\/www.noworudzianin.pl\/WWW\/wp-content\/uploads\/2020\/01\/Orszak-Trzech-Kr\u00f3li-w-Jugowie-1-1536x1024.jpg 1536w, https:\/\/www.noworudzianin.pl\/WWW\/wp-content\/uploads\/2020\/01\/Orszak-Trzech-Kr\u00f3li-w-Jugowie-1-2048x1365.jpg 2048w\" sizes=\"(max-width: 630px) 100vw, 630px\" \/><\/a><\/p>\n<p><a href=\"https:\/\/www.noworudzianin.pl\/WWW\/wp-content\/uploads\/2020\/01\/Orszak-Trzech-Kr\u00f3li-w-Jugowie-2-scaled.jpg\"><img loading=\"lazy\" decoding=\"async\" src=\"https:\/\/www.noworudzianin.pl\/WWW\/wp-content\/uploads\/2020\/01\/Orszak-Trzech-Kr\u00f3li-w-Jugowie-2-630x420.jpg\" alt=\"\" width=\"630\" height=\"420\" class=\"alignnone size-large wp-image-19377\" srcset=\"https:\/\/www.noworudzianin.pl\/WWW\/wp-content\/uploads\/2020\/01\/Orszak-Trzech-Kr\u00f3li-w-Jugowie-2-630x420.jpg 630w, https:\/\/www.noworudzianin.pl\/WWW\/wp-content\/uploads\/2020\/01\/Orszak-Trzech-Kr\u00f3li-w-Jugowie-2-300x200.jpg 300w, https:\/\/www.noworudzianin.pl\/WWW\/wp-content\/uploads\/2020\/01\/Orszak-Trzech-Kr\u00f3li-w-Jugowie-2-768x512.jpg 768w, https:\/\/www.noworudzianin.pl\/WWW\/wp-content\/uploads\/2020\/01\/Orszak-Trzech-Kr\u00f3li-w-Jugowie-2-1536x1024.jpg 1536w, https:\/\/www.noworudzianin.pl\/WWW\/wp-content\/uploads\/2020\/01\/Orszak-Trzech-Kr\u00f3li-w-Jugowie-2-2048x1365.jpg 2048w\" sizes=\"(max-width: 630px) 100vw, 630px\" \/><\/a><\/p>\n<p><a href=\"https:\/\/www.noworudzianin.pl\/WWW\/wp-content\/uploads\/2020\/01\/Orszak-Trzech-Kr\u00f3li-w-Jugowie-3-scaled.jpg\"><img loading=\"lazy\" decoding=\"async\" src=\"https:\/\/www.noworudzianin.pl\/WWW\/wp-content\/uploads\/2020\/01\/Orszak-Trzech-Kr\u00f3li-w-Jugowie-3-630x420.jpg\" alt=\"\" width=\"630\" height=\"420\" class=\"alignnone size-large wp-image-19378\" srcset=\"https:\/\/www.noworudzianin.pl\/WWW\/wp-content\/uploads\/2020\/01\/Orszak-Trzech-Kr\u00f3li-w-Jugowie-3-630x420.jpg 630w, https:\/\/www.noworudzianin.pl\/WWW\/wp-content\/uploads\/2020\/01\/Orszak-Trzech-Kr\u00f3li-w-Jugowie-3-300x200.jpg 300w, https:\/\/www.noworudzianin.pl\/WWW\/wp-content\/uploads\/2020\/01\/Orszak-Trzech-Kr\u00f3li-w-Jugowie-3-768x512.jpg 768w, https:\/\/www.noworudzianin.pl\/WWW\/wp-content\/uploads\/2020\/01\/Orszak-Trzech-Kr\u00f3li-w-Jugowie-3-1536x1024.jpg 1536w, https:\/\/www.noworudzianin.pl\/WWW\/wp-content\/uploads\/2020\/01\/Orszak-Trzech-Kr\u00f3li-w-Jugowie-3-2048x1365.jpg 2048w\" sizes=\"(max-width: 630px) 100vw, 630px\" \/><\/a><\/p>\n<p><a href=\"https:\/\/www.noworudzianin.pl\/WWW\/wp-content\/uploads\/2020\/01\/Orszak-Trzech-Kr\u00f3li-w-Jugowie-4-scaled.jpg\"><img loading=\"lazy\" decoding=\"async\" src=\"https:\/\/www.noworudzianin.pl\/WWW\/wp-content\/uploads\/2020\/01\/Orszak-Trzech-Kr\u00f3li-w-Jugowie-4-630x420.jpg\" alt=\"\" width=\"630\" height=\"420\" class=\"alignnone size-large wp-image-19379\" srcset=\"https:\/\/www.noworudzianin.pl\/WWW\/wp-content\/uploads\/2020\/01\/Orszak-Trzech-Kr\u00f3li-w-Jugowie-4-630x420.jpg 630w, https:\/\/www.noworudzianin.pl\/WWW\/wp-content\/uploads\/2020\/01\/Orszak-Trzech-Kr\u00f3li-w-Jugowie-4-300x200.jpg 300w, https:\/\/www.noworudzianin.pl\/WWW\/wp-content\/uploads\/2020\/01\/Orszak-Trzech-Kr\u00f3li-w-Jugowie-4-768x512.jpg 768w, https:\/\/www.noworudzianin.pl\/WWW\/wp-content\/uploads\/2020\/01\/Orszak-Trzech-Kr\u00f3li-w-Jugowie-4-1536x1024.jpg 1536w, https:\/\/www.noworudzianin.pl\/WWW\/wp-content\/uploads\/2020\/01\/Orszak-Trzech-Kr\u00f3li-w-Jugowie-4-2048x1365.jpg 2048w\" sizes=\"(max-width: 630px) 100vw, 630px\" \/><\/a><\/p>\n<p><a href=\"https:\/\/www.noworudzianin.pl\/WWW\/wp-content\/uploads\/2020\/01\/Orszak-Trzech-Kr\u00f3li-w-Jugowie-6-scaled.jpg\"><img loading=\"lazy\" decoding=\"async\" src=\"https:\/\/www.noworudzianin.pl\/WWW\/wp-content\/uploads\/2020\/01\/Orszak-Trzech-Kr\u00f3li-w-Jugowie-6-630x420.jpg\" alt=\"\" width=\"630\" height=\"420\" class=\"alignnone size-large wp-image-19380\" srcset=\"https:\/\/www.noworudzianin.pl\/WWW\/wp-content\/uploads\/2020\/01\/Orszak-Trzech-Kr\u00f3li-w-Jugowie-6-630x420.jpg 630w, https:\/\/www.noworudzianin.pl\/WWW\/wp-content\/uploads\/2020\/01\/Orszak-Trzech-Kr\u00f3li-w-Jugowie-6-300x200.jpg 300w, https:\/\/www.noworudzianin.pl\/WWW\/wp-content\/uploads\/2020\/01\/Orszak-Trzech-Kr\u00f3li-w-Jugowie-6-768x512.jpg 768w, https:\/\/www.noworudzianin.pl\/WWW\/wp-content\/uploads\/2020\/01\/Orszak-Trzech-Kr\u00f3li-w-Jugowie-6-1536x1024.jpg 1536w, https:\/\/www.noworudzianin.pl\/WWW\/wp-content\/uploads\/2020\/01\/Orszak-Trzech-Kr\u00f3li-w-Jugowie-6-2048x1365.jpg 2048w\" sizes=\"(max-width: 630px) 100vw, 630px\" \/><\/a><\/p>\n<p><a href=\"https:\/\/www.noworudzianin.pl\/WWW\/wp-content\/uploads\/2020\/01\/Orszak-Trzech-Kr\u00f3li-w-Jugowie-7-scaled.jpg\"><img loading=\"lazy\" decoding=\"async\" src=\"https:\/\/www.noworudzianin.pl\/WWW\/wp-content\/uploads\/2020\/01\/Orszak-Trzech-Kr\u00f3li-w-Jugowie-7-630x420.jpg\" alt=\"\" width=\"630\" height=\"420\" class=\"alignnone size-large wp-image-19381\" srcset=\"https:\/\/www.noworudzianin.pl\/WWW\/wp-content\/uploads\/2020\/01\/Orszak-Trzech-Kr\u00f3li-w-Jugowie-7-630x420.jpg 630w, https:\/\/www.noworudzianin.pl\/WWW\/wp-content\/uploads\/2020\/01\/Orszak-Trzech-Kr\u00f3li-w-Jugowie-7-300x200.jpg 300w, https:\/\/www.noworudzianin.pl\/WWW\/wp-content\/uploads\/2020\/01\/Orszak-Trzech-Kr\u00f3li-w-Jugowie-7-768x512.jpg 768w, https:\/\/www.noworudzianin.pl\/WWW\/wp-content\/uploads\/2020\/01\/Orszak-Trzech-Kr\u00f3li-w-Jugowie-7-1536x1024.jpg 1536w, https:\/\/www.noworudzianin.pl\/WWW\/wp-content\/uploads\/2020\/01\/Orszak-Trzech-Kr\u00f3li-w-Jugowie-7-2048x1365.jpg 2048w\" sizes=\"(max-width: 630px) 100vw, 630px\" \/><\/a><\/p>\n<p><a href=\"https:\/\/www.noworudzianin.pl\/WWW\/wp-content\/uploads\/2020\/01\/Orszak-Trzech-Kr\u00f3li-w-Jugowie-8-scaled.jpg\"><img loading=\"lazy\" decoding=\"async\" src=\"https:\/\/www.noworudzianin.pl\/WWW\/wp-content\/uploads\/2020\/01\/Orszak-Trzech-Kr\u00f3li-w-Jugowie-8-630x420.jpg\" alt=\"\" width=\"630\" height=\"420\" class=\"alignnone size-large wp-image-19382\" srcset=\"https:\/\/www.noworudzianin.pl\/WWW\/wp-content\/uploads\/2020\/01\/Orszak-Trzech-Kr\u00f3li-w-Jugowie-8-630x420.jpg 630w, https:\/\/www.noworudzianin.pl\/WWW\/wp-content\/uploads\/2020\/01\/Orszak-Trzech-Kr\u00f3li-w-Jugowie-8-300x200.jpg 300w, https:\/\/www.noworudzianin.pl\/WWW\/wp-content\/uploads\/2020\/01\/Orszak-Trzech-Kr\u00f3li-w-Jugowie-8-768x512.jpg 768w, https:\/\/www.noworudzianin.pl\/WWW\/wp-content\/uploads\/2020\/01\/Orszak-Trzech-Kr\u00f3li-w-Jugowie-8-1536x1024.jpg 1536w, https:\/\/www.noworudzianin.pl\/WWW\/wp-content\/uploads\/2020\/01\/Orszak-Trzech-Kr\u00f3li-w-Jugowie-8-2048x1365.jpg 2048w\" sizes=\"(max-width: 630px) 100vw, 630px\" \/><\/a><\/p>\n<p><a href=\"https:\/\/www.noworudzianin.pl\/WWW\/wp-content\/uploads\/2020\/01\/Orszak-Trzech-Kr\u00f3li-w-Jugowie-9-scaled.jpg\"><img loading=\"lazy\" decoding=\"async\" src=\"https:\/\/www.noworudzianin.pl\/WWW\/wp-content\/uploads\/2020\/01\/Orszak-Trzech-Kr\u00f3li-w-Jugowie-9-630x420.jpg\" alt=\"\" width=\"630\" height=\"420\" class=\"alignnone size-large wp-image-19383\" srcset=\"https:\/\/www.noworudzianin.pl\/WWW\/wp-content\/uploads\/2020\/01\/Orszak-Trzech-Kr\u00f3li-w-Jugowie-9-630x420.jpg 630w, https:\/\/www.noworudzianin.pl\/WWW\/wp-content\/uploads\/2020\/01\/Orszak-Trzech-Kr\u00f3li-w-Jugowie-9-300x200.jpg 300w, https:\/\/www.noworudzianin.pl\/WWW\/wp-content\/uploads\/2020\/01\/Orszak-Trzech-Kr\u00f3li-w-Jugowie-9-768x512.jpg 768w, https:\/\/www.noworudzianin.pl\/WWW\/wp-content\/uploads\/2020\/01\/Orszak-Trzech-Kr\u00f3li-w-Jugowie-9-1536x1024.jpg 1536w, https:\/\/www.noworudzianin.pl\/WWW\/wp-content\/uploads\/2020\/01\/Orszak-Trzech-Kr\u00f3li-w-Jugowie-9-2048x1365.jpg 2048w\" sizes=\"(max-width: 630px) 100vw, 630px\" \/><\/a><\/p>\n<p><a href=\"https:\/\/www.noworudzianin.pl\/WWW\/wp-content\/uploads\/2020\/01\/Orszak-Trzech-Kr\u00f3li-w-Jugowie-10-1-scaled.jpg\"><img loading=\"lazy\" decoding=\"async\" src=\"https:\/\/www.noworudzianin.pl\/WWW\/wp-content\/uploads\/2020\/01\/Orszak-Trzech-Kr\u00f3li-w-Jugowie-10-1-630x420.jpg\" alt=\"\" width=\"630\" height=\"420\" class=\"alignnone size-large wp-image-19385\" srcset=\"https:\/\/www.noworudzianin.pl\/WWW\/wp-content\/uploads\/2020\/01\/Orszak-Trzech-Kr\u00f3li-w-Jugowie-10-1-630x420.jpg 630w, https:\/\/www.noworudzianin.pl\/WWW\/wp-content\/uploads\/2020\/01\/Orszak-Trzech-Kr\u00f3li-w-Jugowie-10-1-300x200.jpg 300w, https:\/\/www.noworudzianin.pl\/WWW\/wp-content\/uploads\/2020\/01\/Orszak-Trzech-Kr\u00f3li-w-Jugowie-10-1-768x512.jpg 768w, https:\/\/www.noworudzianin.pl\/WWW\/wp-content\/uploads\/2020\/01\/Orszak-Trzech-Kr\u00f3li-w-Jugowie-10-1-1536x1024.jpg 1536w, https:\/\/www.noworudzianin.pl\/WWW\/wp-content\/uploads\/2020\/01\/Orszak-Trzech-Kr\u00f3li-w-Jugowie-10-1-2048x1365.jpg 2048w\" sizes=\"(max-width: 630px) 100vw, 630px\" \/><\/a><\/p>\n<p align=\"center\"><span style=\"color: #0000ff;\">Str. 15 w numerze 410 tygodnika \u201eNoworudzianin\u201d dost\u0119pnym w<\/span> <a href=\"https:\/\/www.noworudzianin.pl\/WWW\/archiwum\/rok-2019\/\" target=\"_blank\" rel=\"noopener noreferrer\">archiwum<\/a>.<\/p>\n<p><script language=\"JavaScript\">\n<!--\nfunction FP_swapImg() {\/\/v1.0\n var doc=document,args=arguments,elm,n; doc.$imgSwaps=new Array(); for(n=2; n<args.length;\n n+=2) { elm=FP_getObjectByID(args[n]); if(elm) { doc.$imgSwaps[doc.$imgSwaps.length]=elm;\n elm.$src=elm.src; elm.src=args[n+1]; } }\n}\nfunction FP_preloadImgs() {\/\/v1.0\n var d=document,a=arguments; if(!d.FP_imgs) d.FP_imgs=new Array();\n for(var i=0; i<a.length; i++) { d.FP_imgs[i]=new Image; d.FP_imgs[i].src=a[i]; }\n}\nfunction FP_getObjectByID(id,o) {\/\/v1.0\n var c,el,els,f,m,n; if(!o)o=document; if(o.getElementById) el=o.getElementById(id);\n else if(o.layers) c=o.layers; else if(o.all) el=o.all[id]; if(el) return el;\n if(o.id==id || o.name==id) return o; if(o.childNodes) c=o.childNodes; if(c)\n for(n=0; n<c.length; n++) { el=FP_getObjectByID(id,c[n]); if(el) return el; }\n f=o.forms; if(f) for(n=0; n<f.length; n++) { els=f[n].elements;\n for(m=0; m<els.length; m++){ el=FP_getObjectByID(id,els[n]); if(el) return el; } }\n return null;\n}\n\/\/ -->\n<\/script><br \/>\n<body onload=\"FP_preloadImgs(\/*url*\/'http:\/\/www.noworudzianin.pl\/WWW\/images\/button53.jpg', \/*url*\/'http:\/\/www.noworudzianin.pl\/WWW\/images\/button52.jpg')\"><\/p>\n<p align=\"center\">\n\t\t\t<a target=\"_blank\" href=\"http:\/\/www.noworudzianin.pl\/WWW\/images\/410_b.jpg\" rel=\"noopener noreferrer\"><br \/>\n\t\t\t<img loading=\"lazy\" decoding=\"async\" border=\"1\" src=\"http:\/\/www.noworudzianin.pl\/WWW\/images\/410_b_small.jpg\" width=\"221\" height=\"300\"><\/a><br \/>\n\t\t\t<font face=\"Verdana\">Numer 410<br \/>\n\t\t\t<font size=\"2\">10-16 stycznia 2020 r. <\/font><\/font><br \/><a title=\"pobierz e-gazet\u0119\" onclick=\"window.open('\/egazeta\/index.php?n=410','Pobierz_egazete', 'menubar=no,toolbar=no,location=no,directories=no,status=no,scrollbars=no,resizable=no,fullscreen=no,channelmode=no,width=400,height=400').focus(); return false()\"><img loading=\"lazy\" decoding=\"async\" border=\"0\" id=\"img62\" src=\"http:\/\/www.noworudzianin.pl\/WWW\/images\/button51.jpg\" height=\"30\" width=\"150\" alt=\"Pobierz tutaj (pdf)\" onmouseover=\"FP_swapImg(1,0,\/*id*\/'img62',\/*url*\/'http:\/\/www.noworudzianin.pl\/WWW\/images\/button52.jpg')\" onmouseout=\"FP_swapImg(0,0,\/*id*\/'img62',\/*url*\/'http:\/\/www.noworudzianin.pl\/WWW\/images\/button51.jpg')\" onmousedown=\"FP_swapImg(1,0,\/*id*\/'img62',\/*url*\/'http:\/\/www.noworudzianin.pl\/WWW\/images\/button53.jpg')\" onmouseup=\"FP_swapImg(0,0,\/*id*\/'img62',\/*url*\/'http:\/\/www.noworudzianin.pl\/WWW\/images\/button52.jpg')\" fp-style=\"fp-btn: Glass Rectangle 1; fp-font-size: 12; fp-orig: 0\" fp-title=\"Pobierz tutaj (pdf)\"><\/a><\/p>\n","protected":false},"excerpt":{"rendered":"<p>Po raz trzeci w Jugowie zorganizowany zosta\u0142 \u201eOrszak Trzech Kr\u00f3li\u201d<\/p>\n","protected":false},"author":4,"featured_media":19375,"comment_status":"open","ping_status":"closed","sticky":false,"template":"","format":"standard","meta":{"om_disable_all_campaigns":false,"_monsterinsights_skip_tracking":false,"_monsterinsights_sitenote_active":false,"_monsterinsights_sitenote_note":"","_monsterinsights_sitenote_category":0,"_uf_show_specific_survey":0,"_uf_disable_surveys":false,"footnotes":""},"categories":[2,4779,29,152,1363],"tags":[20,5,4910,4916],"aioseo_notices":[],"amp_enabled":true,"_links":{"self":[{"href":"https:\/\/www.noworudzianin.pl\/WWW\/wp-json\/wp\/v2\/posts\/19367"}],"collection":[{"href":"https:\/\/www.noworudzianin.pl\/WWW\/wp-json\/wp\/v2\/posts"}],"about":[{"href":"https:\/\/www.noworudzianin.pl\/WWW\/wp-json\/wp\/v2\/types\/post"}],"author":[{"embeddable":true,"href":"https:\/\/www.noworudzianin.pl\/WWW\/wp-json\/wp\/v2\/users\/4"}],"replies":[{"embeddable":true,"href":"https:\/\/www.noworudzianin.pl\/WWW\/wp-json\/wp\/v2\/comments?post=19367"}],"version-history":[{"count":4,"href":"https:\/\/www.noworudzianin.pl\/WWW\/wp-json\/wp\/v2\/posts\/19367\/revisions"}],"predecessor-version":[{"id":19442,"href":"https:\/\/www.noworudzianin.pl\/WWW\/wp-json\/wp\/v2\/posts\/19367\/revisions\/19442"}],"wp:featuredmedia":[{"embeddable":true,"href":"https:\/\/www.noworudzianin.pl\/WWW\/wp-json\/wp\/v2\/media\/19375"}],"wp:attachment":[{"href":"https:\/\/www.noworudzianin.pl\/WWW\/wp-json\/wp\/v2\/media?parent=19367"}],"wp:term":[{"taxonomy":"category","embeddable":true,"href":"https:\/\/www.noworudzianin.pl\/WWW\/wp-json\/wp\/v2\/categories?post=19367"},{"taxonomy":"post_tag","embeddable":true,"href":"https:\/\/www.noworudzianin.pl\/WWW\/wp-json\/wp\/v2\/tags?post=19367"}],"curies":[{"name":"wp","href":"https:\/\/api.w.org\/{rel}","templated":true}]}}