{"id":19573,"date":"2020-01-22T10:06:37","date_gmt":"2020-01-22T09:06:37","guid":{"rendered":"https:\/\/www.noworudzianin.pl\/WWW\/?p=19573"},"modified":"2020-01-22T15:56:30","modified_gmt":"2020-01-22T14:56:30","slug":"ponad-750-tysiecy-zl-dla-gminy-nowa-ruda-i-prawie-poltora-miliona-dla-radkowa","status":"publish","type":"post","link":"https:\/\/www.noworudzianin.pl\/WWW\/2020\/01\/22\/ponad-750-tysiecy-zl-dla-gminy-nowa-ruda-i-prawie-poltora-miliona-dla-radkowa\/","title":{"rendered":"Ponad 750 tysi\u0119cy z\u0142 dla gminy Nowa Ruda i prawie 1,5 miliona dla Radkowa"},"content":{"rendered":"<p>We wtorek 21 stycznia w Urz\u0119dzie Wojew\u00f3dzkim we Wroc\u0142awiu og\u0142oszono list\u0119 miejscowo\u015bci, kt\u00f3re otrzyma\u0142y dotacje na rok 2020 w ramach Programu Rozwoju Obszar\u00f3w Wiejskich (PROW). W\u015br\u00f3d 38 beneficjent\u00f3w znalaz\u0142y si\u0119 gminy Nowa Ruda i Radk\u00f3w.<\/p>\n<p><a href=\"https:\/\/www.noworudzianin.pl\/WWW\/wp-content\/uploads\/2020\/01\/PROW_2020__2_-scaled.jpg\"><img loading=\"lazy\" decoding=\"async\" src=\"https:\/\/www.noworudzianin.pl\/WWW\/wp-content\/uploads\/2020\/01\/PROW_2020__2_-630x354.jpg\" alt=\"\" width=\"630\" height=\"354\" class=\"alignnone size-large wp-image-19574\" srcset=\"https:\/\/www.noworudzianin.pl\/WWW\/wp-content\/uploads\/2020\/01\/PROW_2020__2_-630x354.jpg 630w, https:\/\/www.noworudzianin.pl\/WWW\/wp-content\/uploads\/2020\/01\/PROW_2020__2_-300x169.jpg 300w, https:\/\/www.noworudzianin.pl\/WWW\/wp-content\/uploads\/2020\/01\/PROW_2020__2_-768x432.jpg 768w, https:\/\/www.noworudzianin.pl\/WWW\/wp-content\/uploads\/2020\/01\/PROW_2020__2_-1536x864.jpg 1536w, https:\/\/www.noworudzianin.pl\/WWW\/wp-content\/uploads\/2020\/01\/PROW_2020__2_-2048x1152.jpg 2048w\" sizes=\"(max-width: 630px) 100vw, 630px\" \/><\/a><\/p>\n<p>\u2212 Dzi\u0119ki tym inwestycjom znacznie polepszy si\u0119 standard \u017cycia mieszka\u0144c\u00f3w. Poprawi si\u0119 jako\u015b\u0107 wody do spo\u017cycia, warunki sanitarne, a zanieczyszczenia odprowadzane do \u015brodowiska b\u0119d\u0105 znacznie mniejsze \u2013 wylicza wicemarsza\u0142ek Grzegorz Macko.<\/p>\n<p><a href=\"https:\/\/www.noworudzianin.pl\/WWW\/wp-content\/uploads\/2020\/01\/PROW_2020_21.01__6_-scaled.jpg\"><img loading=\"lazy\" decoding=\"async\" src=\"https:\/\/www.noworudzianin.pl\/WWW\/wp-content\/uploads\/2020\/01\/PROW_2020_21.01__6_-630x437.jpg\" alt=\"\" width=\"630\" height=\"437\" class=\"alignnone size-large wp-image-19577\" srcset=\"https:\/\/www.noworudzianin.pl\/WWW\/wp-content\/uploads\/2020\/01\/PROW_2020_21.01__6_-630x437.jpg 630w, https:\/\/www.noworudzianin.pl\/WWW\/wp-content\/uploads\/2020\/01\/PROW_2020_21.01__6_-300x208.jpg 300w, https:\/\/www.noworudzianin.pl\/WWW\/wp-content\/uploads\/2020\/01\/PROW_2020_21.01__6_-768x533.jpg 768w, https:\/\/www.noworudzianin.pl\/WWW\/wp-content\/uploads\/2020\/01\/PROW_2020_21.01__6_-1536x1065.jpg 1536w, https:\/\/www.noworudzianin.pl\/WWW\/wp-content\/uploads\/2020\/01\/PROW_2020_21.01__6_-2048x1421.jpg 2048w, https:\/\/www.noworudzianin.pl\/WWW\/wp-content\/uploads\/2020\/01\/PROW_2020_21.01__6_-392x272.jpg 392w, https:\/\/www.noworudzianin.pl\/WWW\/wp-content\/uploads\/2020\/01\/PROW_2020_21.01__6_-130x90.jpg 130w\" sizes=\"(max-width: 630px) 100vw, 630px\" \/><\/a><\/p>\n<p>\u0141\u0105czna kwota dotacji z PROW, kt\u00f3re przeka\u017ce samorz\u0105d wojew\u00f3dztwa dolno\u015bl\u0105skiego to 57 mln z\u0142.<\/p>\n<p><a href=\"https:\/\/www.noworudzianin.pl\/WWW\/wp-content\/uploads\/2020\/01\/PROW_2020__1_-scaled.jpg\"><img loading=\"lazy\" decoding=\"async\" src=\"https:\/\/www.noworudzianin.pl\/WWW\/wp-content\/uploads\/2020\/01\/PROW_2020__1_-630x354.jpg\" alt=\"\" width=\"630\" height=\"354\" class=\"alignnone size-large wp-image-19575\" srcset=\"https:\/\/www.noworudzianin.pl\/WWW\/wp-content\/uploads\/2020\/01\/PROW_2020__1_-630x354.jpg 630w, https:\/\/www.noworudzianin.pl\/WWW\/wp-content\/uploads\/2020\/01\/PROW_2020__1_-300x169.jpg 300w, https:\/\/www.noworudzianin.pl\/WWW\/wp-content\/uploads\/2020\/01\/PROW_2020__1_-768x432.jpg 768w, https:\/\/www.noworudzianin.pl\/WWW\/wp-content\/uploads\/2020\/01\/PROW_2020__1_-1536x864.jpg 1536w, https:\/\/www.noworudzianin.pl\/WWW\/wp-content\/uploads\/2020\/01\/PROW_2020__1_-2048x1152.jpg 2048w\" sizes=\"(max-width: 630px) 100vw, 630px\" \/><\/a><\/p>\n<p>Pomoc zostanie przyznana na operacje w zakresie budowy, przebudowy lub wyposa\u017cenia obiekt\u00f3w budowlanych s\u0142u\u017c\u0105cych do zaopatrzenia w wod\u0119 lub odprowadzania i oczyszczania \u015bciek\u00f3w, czyli oczyszczalni \u015bciek\u00f3w, uj\u0119\u0107 wody i stacji uzdatniania wody, system\u00f3w kanalizacji zbiorczej dla \u015bciek\u00f3w komunalnych, przydomowych oczyszczalni \u015bciek\u00f3w, zbiorowych system\u00f3w zaopatrzenia w wod\u0119 i instalacji do osad\u00f3w \u015bciekowych. Najwi\u0119cej zaakceptowanych wniosk\u00f3w jest z subregionu wa\u0142brzyskiego \u2013 17, z subregionu wroc\u0142awskiego \u2013 9, a z subregion\u00f3w jeleniog\u00f3rskiego i legnickiego po 8 wniosk\u00f3w.<\/p>\n<p>Gminie Nowa Ruda przyznano 756.781 z\u0142. \u015arodki te zostan\u0105 przeznaczone na budow\u0119 przydomowych oczyszczalni \u015bciek\u00f3w.<\/p>\n<p>\u2013 Projekt pn.: \u201eBudowa przydomowych oczyszczalni \u015bciek\u00f3w w Gminie Nowa Ruda &#8211; etap II\u201d jest kolejnym proekologicznym dzia\u0142aniem, na kt\u00f3re postawi\u0142a gmina \u2013 m\u00f3wi Pawe\u0142 Szafran, kierownik Referatu Inwestycji i Zagospodarowania Przestrzennego gminy Nowa Ruda, autor wniosku o dotacj\u0119. \u2013 Dzi\u0119ki jego realizacji powstanie kilkadziesi\u0105t nowoczesnych przydomowych oczyszczalni \u015bciek\u00f3w obs\u0142uguj\u0105cych zar\u00f3wno budynki komunalne jak i prywatne. Dofinansowanie na poziomie 63,63% poniesionych koszt\u00f3w obejmowa\u0107 b\u0119dzie prace projektowe, nadz\u00f3r inwestorski, obs\u0142ug\u0119 geodezyjn\u0105 oraz zakup i monta\u017c samej oczyszczalni \u015bciek\u00f3w. Cieszy fakt uzyskania dofinansowania, a dodatkowo wzmacnia rado\u015b\u0107 miejsce na li\u015bcie rankingowej oraz ilo\u015b\u0107 przyznanych punkt\u00f3w &#8211; konkurs by\u0142 adresowany do gmin miejsko-wiejskich i wiejskich z terenu ca\u0142ego wojew\u00f3dztwa \u2013 doda\u0142.<\/p>\n<p>Jeszcze wi\u0119cej \u015brodk\u00f3w z tego samego \u017ar\u00f3d\u0142a, bo a\u017c 1.443.332 z\u0142, otrzyma\u0142a gmina Radk\u00f3w. Dofinansowanie zostanie przeznaczone na budow\u0119 sieci wodoci\u0105gowej w T\u0142umaczowie.<\/p>\n<p>\u0179r\u00f3d\u0142o: umwd.dolnyslask.pl<\/p>\n","protected":false},"excerpt":{"rendered":"<p>We wtorek 21 stycznia w Urz\u0119dzie Wojew\u00f3dzkim we Wroc\u0142awiu og\u0142oszono list\u0119 miejscowo\u015bci, kt\u00f3re otrzyma\u0142y dotacje na rok 2020 w ramach<\/p>\n","protected":false},"author":4,"featured_media":19576,"comment_status":"open","ping_status":"closed","sticky":false,"template":"","format":"standard","meta":{"om_disable_all_campaigns":false,"_monsterinsights_skip_tracking":false,"_monsterinsights_sitenote_active":false,"_monsterinsights_sitenote_note":"","_monsterinsights_sitenote_category":0,"_uf_show_specific_survey":0,"_uf_disable_surveys":false,"footnotes":""},"categories":[2,29,9,118],"tags":[86,3235,5,4960,4959],"aioseo_notices":[],"amp_enabled":true,"_links":{"self":[{"href":"https:\/\/www.noworudzianin.pl\/WWW\/wp-json\/wp\/v2\/posts\/19573"}],"collection":[{"href":"https:\/\/www.noworudzianin.pl\/WWW\/wp-json\/wp\/v2\/posts"}],"about":[{"href":"https:\/\/www.noworudzianin.pl\/WWW\/wp-json\/wp\/v2\/types\/post"}],"author":[{"embeddable":true,"href":"https:\/\/www.noworudzianin.pl\/WWW\/wp-json\/wp\/v2\/users\/4"}],"replies":[{"embeddable":true,"href":"https:\/\/www.noworudzianin.pl\/WWW\/wp-json\/wp\/v2\/comments?post=19573"}],"version-history":[{"count":6,"href":"https:\/\/www.noworudzianin.pl\/WWW\/wp-json\/wp\/v2\/posts\/19573\/revisions"}],"predecessor-version":[{"id":19598,"href":"https:\/\/www.noworudzianin.pl\/WWW\/wp-json\/wp\/v2\/posts\/19573\/revisions\/19598"}],"wp:featuredmedia":[{"embeddable":true,"href":"https:\/\/www.noworudzianin.pl\/WWW\/wp-json\/wp\/v2\/media\/19576"}],"wp:attachment":[{"href":"https:\/\/www.noworudzianin.pl\/WWW\/wp-json\/wp\/v2\/media?parent=19573"}],"wp:term":[{"taxonomy":"category","embeddable":true,"href":"https:\/\/www.noworudzianin.pl\/WWW\/wp-json\/wp\/v2\/categories?post=19573"},{"taxonomy":"post_tag","embeddable":true,"href":"https:\/\/www.noworudzianin.pl\/WWW\/wp-json\/wp\/v2\/tags?post=19573"}],"curies":[{"name":"wp","href":"https:\/\/api.w.org\/{rel}","templated":true}]}}