{"id":19975,"date":"2020-02-12T08:44:26","date_gmt":"2020-02-12T07:44:26","guid":{"rendered":"https:\/\/www.noworudzianin.pl\/WWW\/?p=19975"},"modified":"2020-02-12T08:44:47","modified_gmt":"2020-02-12T07:44:47","slug":"10-lecie-choru-laudate-dominum","status":"publish","type":"post","link":"https:\/\/www.noworudzianin.pl\/WWW\/2020\/02\/12\/10-lecie-choru-laudate-dominum\/","title":{"rendered":"10-lecie ch\u00f3ru \u201eLaudate Dominum\u201d"},"content":{"rendered":"<p>W niedziel\u0119 2 lutego ch\u00f3r \u201eLaudate Dominum\u201d z parafii W\u0142odowice\/T\u0142umacz\u00f3w \u015bwi\u0119towa\u0142 jubileusz 10-lecia dzia\u0142alno\u015bci<!--more-->. Podczas mszy \u015bw. sprawowanej w T\u0142umaczowie, ch\u00f3r wyst\u0105pi\u0142 z kr\u00f3tkim koncertem, przygotowanym specjalnie na t\u0119 okazj\u0119. Po koncercie dyrygentka ch\u00f3ru odczyta\u0142a podsumowanie 10-letniej pracy ch\u00f3ru, podkre\u015blaj\u0105c pomoc w\u0142adz gminy Radk\u00f3w oraz biblioteki w Radkowie, zaanga\u017cowanie ch\u00f3rzyst\u00f3w w prac\u0119 ch\u00f3ru, wielo\u015b\u0107 utwor\u00f3w opracowanych przez ch\u00f3r, ilo\u015b\u0107 odwiedzonych parafii z koncertami (34), przypominaj\u0105c imiona i nazwiska os\u00f3b, kt\u00f3re zasila\u0142y szeregi ch\u00f3ru, a kt\u00f3re z r\u00f3\u017cnych wzgl\u0119d\u00f3w obecnie nie \u015bpiewaj\u0105. Nie zabrak\u0142o podzi\u0119kowa\u0144 od ch\u00f3ru skierowanych do p. burmistrza Jana Bednarczyka, p. dyr. Joanny Zyzdy-Kusiakiewicz i p. dyr. Marka Kusiakiewicza, so\u0142tysa wsi T\u0142umacz\u00f3w, Janusza Gorczyckiego, i Natalii Lewandowskiej, muzycznej pomocy ch\u00f3ru. Po wr\u0119czeniu w\/w osobom wi\u0105zanek kwiat\u00f3w, wyst\u0105pi\u0142 p. burmistrz, Jan Bednarczyk. Skierowa\u0142 do ch\u00f3rzyst\u00f3w krzepi\u0105ce s\u0142owa i podzi\u0119kowania za promowanie gminy Radk\u00f3w oraz zaanga\u017cowanie na rzecz krzewienia kultury muzycznej gminy. Po tym p. burmistrz wsp\u00f3lnie z so\u0142tysem wsi wr\u0119czy\u0142 ch\u00f3rzystom pami\u0105tki oraz symboliczne r\u00f3\u017ce. <\/p>\n<p>Nie zabrak\u0142o \u017cycze\u0144, kwiat\u00f3w i upomink\u00f3w od dyrektor\u00f3w biblioteki i GCKSiT w Radkowie, so\u0142tysa i Rady So\u0142eckiej T\u0142umaczowa.<\/p>\n<p>Po mszy \u015bw. ch\u00f3rzy\u015bci i zaproszeni go\u015bcie oraz byli ch\u00f3rzy\u015bci przeszli do sali Domu Ludowego, gdzie po wzniesionym toa\u015bcie zasiedli do obiadu, przygotowanego przez KGW z T\u0142umaczowa. <\/p>\n<p>W przerwie go\u015bcie sk\u0142adali ch\u00f3rowi \u017cyczenia i upominki. Dyrygentka podzieli\u0142a si\u0119 wnioskami z 10-letniej pracy ch\u00f3ru oraz w podzi\u0119kowaniu za kwiaty i \u017cyczenia od ch\u00f3rzyst\u00f3w, wy\u015bpiewa\u0142a piosenk\u0119 o ch\u00f3rzystach, kt\u00f3ra wzbudzi\u0142a \u015bmiech i zadowolenie w\u015br\u00f3d zebranych. Dalsza cz\u0119\u015b\u0107 spotkania up\u0142yn\u0119\u0142a w mi\u0142ej atmosferze przy torcie od by\u0142ej ch\u00f3rzystki i cie\u015bcie upieczonym przez ch\u00f3rzyst\u00f3w. <\/p>\n<p>Na sali wszyscy mieli okazj\u0119 zapozna\u0107 si\u0119 z dorobkiem ch\u00f3ru w postaci dyplom\u00f3w, podzi\u0119kowa\u0144 oraz upomink\u00f3w i statuetek wyeksponowanych na wystawce zorganizowanej przy pomocy GCKSiT w Radkowie. Najwi\u0119kszym powodzeniem cieszy\u0142y si\u0119 kroniki ch\u00f3ru prowadzone przez R. Kozik oraz prezentacja multimedialna przygotowana przez p. M. Kusiakiewicza.<\/p>\n<p>Dzi\u0119kujemy za po\u015brednictwem gazety za \u017cyczenia, kwiaty i upominki od go\u015bci.S\u0105 one dowodem na to, \u017ce praca ch\u00f3ru jest potrzebna, \u017ce przynosi zadowolenie ch\u00f3rzystom i s\u0142uchaczom. <\/p>\n<p>Prze\u017cycia z uroczysto\u015bci 10-lecia ch\u00f3ru na d\u0142ugo pozostan\u0105 w pami\u0119ci i b\u0119d\u0105 motywowa\u0142y ch\u00f3r do pracy. <\/p>\n<p>oprac. Renata Klecha &#8211; Kozik<\/p>\n<p><a href=\"https:\/\/www.noworudzianin.pl\/WWW\/wp-content\/uploads\/2020\/02\/10-lecie-ch\u00f3ru-\u201eLaudate-Dominum\u201d2-scaled.jpg\"><img loading=\"lazy\" decoding=\"async\" src=\"https:\/\/www.noworudzianin.pl\/WWW\/wp-content\/uploads\/2020\/02\/10-lecie-ch\u00f3ru-\u201eLaudate-Dominum\u201d2-630x354.jpg\" alt=\"\" width=\"630\" height=\"354\" class=\"alignnone size-large wp-image-19977\" srcset=\"https:\/\/www.noworudzianin.pl\/WWW\/wp-content\/uploads\/2020\/02\/10-lecie-ch\u00f3ru-\u201eLaudate-Dominum\u201d2-630x354.jpg 630w, https:\/\/www.noworudzianin.pl\/WWW\/wp-content\/uploads\/2020\/02\/10-lecie-ch\u00f3ru-\u201eLaudate-Dominum\u201d2-300x169.jpg 300w, https:\/\/www.noworudzianin.pl\/WWW\/wp-content\/uploads\/2020\/02\/10-lecie-ch\u00f3ru-\u201eLaudate-Dominum\u201d2-768x432.jpg 768w, https:\/\/www.noworudzianin.pl\/WWW\/wp-content\/uploads\/2020\/02\/10-lecie-ch\u00f3ru-\u201eLaudate-Dominum\u201d2-1536x864.jpg 1536w, https:\/\/www.noworudzianin.pl\/WWW\/wp-content\/uploads\/2020\/02\/10-lecie-ch\u00f3ru-\u201eLaudate-Dominum\u201d2-2048x1152.jpg 2048w\" sizes=\"(max-width: 630px) 100vw, 630px\" \/><\/a><\/p>\n","protected":false},"excerpt":{"rendered":"<p>W niedziel\u0119 2 lutego ch\u00f3r \u201eLaudate Dominum\u201d z parafii W\u0142odowice\/T\u0142umacz\u00f3w \u015bwi\u0119towa\u0142 jubileusz 10-lecia dzia\u0142alno\u015bci<\/p>\n","protected":false},"author":4,"featured_media":19976,"comment_status":"open","ping_status":"closed","sticky":false,"template":"","format":"standard","meta":{"om_disable_all_campaigns":false,"_monsterinsights_skip_tracking":false,"_monsterinsights_sitenote_active":false,"_monsterinsights_sitenote_note":"","_monsterinsights_sitenote_category":0,"_uf_show_specific_survey":0,"_uf_disable_surveys":false,"footnotes":""},"categories":[2,9],"tags":[5032,10,2751,2753,2556,3271,5034,5,5011,5033],"aioseo_notices":[],"amp_enabled":true,"_links":{"self":[{"href":"https:\/\/www.noworudzianin.pl\/WWW\/wp-json\/wp\/v2\/posts\/19975"}],"collection":[{"href":"https:\/\/www.noworudzianin.pl\/WWW\/wp-json\/wp\/v2\/posts"}],"about":[{"href":"https:\/\/www.noworudzianin.pl\/WWW\/wp-json\/wp\/v2\/types\/post"}],"author":[{"embeddable":true,"href":"https:\/\/www.noworudzianin.pl\/WWW\/wp-json\/wp\/v2\/users\/4"}],"replies":[{"embeddable":true,"href":"https:\/\/www.noworudzianin.pl\/WWW\/wp-json\/wp\/v2\/comments?post=19975"}],"version-history":[{"count":2,"href":"https:\/\/www.noworudzianin.pl\/WWW\/wp-json\/wp\/v2\/posts\/19975\/revisions"}],"predecessor-version":[{"id":19979,"href":"https:\/\/www.noworudzianin.pl\/WWW\/wp-json\/wp\/v2\/posts\/19975\/revisions\/19979"}],"wp:featuredmedia":[{"embeddable":true,"href":"https:\/\/www.noworudzianin.pl\/WWW\/wp-json\/wp\/v2\/media\/19976"}],"wp:attachment":[{"href":"https:\/\/www.noworudzianin.pl\/WWW\/wp-json\/wp\/v2\/media?parent=19975"}],"wp:term":[{"taxonomy":"category","embeddable":true,"href":"https:\/\/www.noworudzianin.pl\/WWW\/wp-json\/wp\/v2\/categories?post=19975"},{"taxonomy":"post_tag","embeddable":true,"href":"https:\/\/www.noworudzianin.pl\/WWW\/wp-json\/wp\/v2\/tags?post=19975"}],"curies":[{"name":"wp","href":"https:\/\/api.w.org\/{rel}","templated":true}]}}