{"id":20110,"date":"2020-02-18T09:29:50","date_gmt":"2020-02-18T08:29:50","guid":{"rendered":"https:\/\/www.noworudzianin.pl\/WWW\/?p=20110"},"modified":"2020-02-18T09:30:41","modified_gmt":"2020-02-18T08:30:41","slug":"o-ofiarach-katach-i-ich-pomocnikach","status":"publish","type":"post","link":"https:\/\/www.noworudzianin.pl\/WWW\/2020\/02\/18\/o-ofiarach-katach-i-ich-pomocnikach\/","title":{"rendered":"O ofiarach, katach i ich pomocnikach"},"content":{"rendered":"<p>O stosunku Polak\u00f3w do \u017byd\u00f3w podczas II wojny napisano ju\u017c setki ksi\u0105\u017cek, a czytaj\u0105cy s\u0105 nadal w \u201eczarnym lesie\u201d<!--more-->. Wiele publikacji kt\u00f3re znam, ska\u017conych jest grzechem pierworodnym ka\u017cdego historyka czy publicysty, czyli pisanych z za\u0142o\u017con\u0105 tez\u0105. Jedna oskar\u017ca Polak\u00f3w o wsp\u00f3\u0142udzia\u0142 w zbrodni Holokaustu, wi\u0119c ca\u0142e wywody zmierzaj\u0105 do udowodnienia winy, druga tworzy \u201eheroiczn\u0105 legend\u0119\u201d, co sprzyja bezkrytycznemu podej\u015bciu do historii. Do odrzucenia tych skrajnych interpretacji historii wzywa ameryka\u0144ski historyk polskiego pochodzenia, prof. Marek Chodakiewicz w swoich publikacjach dotycz\u0105cych tego tematu. Obawiam si\u0119, \u017ce d\u0142ugo jeszcze to wezwanie b\u0119dzie g\u0142osem wo\u0142aj\u0105cego na puszczy, wszak w tym sporze chodzi o godno\u015b\u0107, honor, dum\u0119 narodow\u0105, \u201eprawd\u0119 historyczn\u0105\u201d, czytaj, \u201enasz\u0105 prawd\u0119\u201d, a w takim uk\u0142adzie o obiektywizm badawczy naprawd\u0119 trudno, tym bardziej, \u017ce gdzie\u015b tam w tle wida\u0107 pieni\u0105dze, naprawd\u0119 du\u017ce pieni\u0105dze i co wa\u017cniejsze \u2013 powa\u017cne interesy polityczne. Gdyby jakim\u015b cudem uda\u0142o si\u0119 odrzuci\u0107  skrajno\u015bci  i  pami\u0119ta\u0107, \u017ce w okupowanej Polsce, w latach 1942\u201345, dzia\u0142a\u0142a konspiracyjna \u201e\u017begota\u201d Rada Pomocy \u017bydom, powo\u0142ana z inicjatywy Zofii Kossak \u2013 Szczuckiej i Wandy Krahelskiej, o tysi\u0105cach Polak\u00f3w, kt\u00f3rzy ryzykuj\u0105c \u017cyciem swojej rodziny, ukrywali \u017byd\u00f3w i pomagali ukrywaj\u0105cym si\u0119, o tysi\u0105cach \u017cydowskich dzieci uratowanych w polskich klasztorach. Wreszcie o tym, \u017ce w\u015br\u00f3d uhonorowanych medalem  Sprawiedliwy w\u015br\u00f3d Narod\u00f3w \u015awiata, najliczniejsz\u0105 grup\u0119  stanowi\u0105 Polacy (ponad 6800). Represje niemieckie wobec Polak\u00f3w pomagaj\u0105cym \u017bydom by\u0142y okrutne. Symbolem sta\u0142a si\u0119 tragedia rodziny Ulm\u00f3w z Markowej ko\u0142o \u0141a\u0144cuta, ale r\u00f3wnie\u017c pami\u0119ta\u0107 nale\u017cy o dziesi\u0105tkach spalonych wsi, kt\u00f3re pad\u0142y ofiar\u0105 niemieckiego prawa o odpowiedzialno\u015bci zbiorowej. W \u017cadnym z okupowanych pa\u0144stw Niemcy nie stosowali tak drastycznych represji wobec pomagaj\u0105cych \u017bydom, o czym dzisiaj wielu polityk\u00f3w i publicyst\u00f3w, szczeg\u00f3lnie w Izraelu i USA zdaje si\u0119 nie pami\u0119ta\u0107. Pomagaj\u0105cy powsta\u0107 cz\u0142owiekowi kt\u00f3ry upad\u0142 w ka\u0142u\u017cy i ratuj\u0105cy cz\u0142owieka z nurt\u00f3w rw\u0105cego potoku dokonuj\u0105 czyn\u00f3w chwalebnych, tylko stopie\u0144 ryzyka \u2013 jakby nieco inny. By\u0142y czyny chwalebne, wymagaj\u0105ce niezwyk\u0142ej odwagi i gotowo\u015bci do po\u015bwi\u0119ce\u0144,  o czym \u015bwiadcz\u0105 medale dla Sprawiedliwych, ale by\u0142y te\u017c pod\u0142e. Ci\u0105\u017c\u0105 na naszej pami\u0119ci zbiorowej zbrodnie pope\u0142nione przez Polak\u00f3w w Radzi\u0142owie, Jedwabnem, W\u0105soszy i wielu innych miejscowo\u015bciach na Podlasiu w lipcu 1941 roku. Tego nie wyma\u017ce nikt, nawet specjali\u015bci od \u201epolityki historycznej\u201d. Tysi\u0105ce szmalcownik\u00f3w kt\u00f3rzy z szanta\u017cowania i ograbiania \u017byd\u00f3w ukrywaj\u0105cych si\u0119 na aryjskiej stronie uczyni\u0142o dobrze prosperuj\u0105ce interesy, te\u017c nale\u017cy dopisa\u0107 do rachunku krzywd. W\u0142adze Polski Podziemnej alarmowa\u0142y do Londynu, wskazuj\u0105c na masowo\u015b\u0107 tego zjawiska. Publikacje Barbary Engelking i Jana Grabowskiego \u2013 Dalej jest noc &#8211; opisuj\u0105ca losy \u017byd\u00f3w w wybranych powiatach okupowanej Polski jest dope\u0142nieniem tego obrazu, a ogrom tych zbrodni przera\u017ca. Przez ponad p\u00f3\u0142 wieku udzia\u0142 Polak\u00f3w w zbrodniach na \u017bydach by\u0142 tematem tabu, znanym co najwy\u017cej garstce historyk\u00f3w, dla nas by\u0142o zarezerwowane miejsce na podium dla ofiar i bohater\u00f3w. W pracach historyk\u00f3w stosuj\u0105cych metody \u015bledcze wyst\u0119puj\u0105 dwie strony-kat i ofiara. W przypadku Holokaustu jest jeszcze ten trzeci, czyli pomocnik kata, a te funkcje pe\u0142nili \u017bydzi poprzez udzia\u0142 w Judenratach, policji \u017cydowskiej w gettach, czy wreszcie kapo w obozach zag\u0142ady. Udawanie, \u017ce ten trzeci nie istnia\u0142 jest te\u017c pr\u00f3b\u0105 zaklinania rzeczywisto\u015bci. Katem nadal pozostaj\u0119 Niemcy, aczkolwiek w publikacjach \u017cydowskich cz\u0119sto pada okre\u015blenie \u2013 nazi\u015bci, na wz\u00f3r sowiecki wszak oni walczyli z faszystami, czyli z\u0142ymi Niemcami, bo przecie\u017c byli r\u00f3wnie\u017c dobrzy Niemcy z DDR. Dok\u0105d przesz\u0142o\u015b\u0107 opisuj\u0105 historycy, zawsze b\u0119dzie widziana wielop\u0142aszczyznowo, wielopoziomowo i zawsze b\u0119dzie si\u0119 zdarza\u0107, \u017ce jedni napisz\u0105 o ofierze a inni, po wnikliwych badaniach stwierdz\u0105 i\u017c to w\u0142a\u015bnie by\u0142 kat. Ca\u0142e szcz\u0119\u015bcie, \u017ce to czytaj\u0105cy mo\u017ce zweryfikowa\u0107, inny historyk mo\u017ce napisa\u0107 prac\u0119 krytyczn\u0105 i nie obowi\u0105zuje jedynie s\u0142uszna wyk\u0142adnia. Nie zapominajmy, \u017ce w Polsce jest tak zaledwie od 30 lat, i ju\u017c pojawi\u0142y si\u0119 pr\u00f3by ogranicze\u0144 no ale Wielki brat z za oceanu postawi\u0142 skuteczne veto (dotyczy ustawy o Holokau\u015bcie). Stanis\u0142aw \u0141ukasik<br \/>\n<a href=\"http:\/\/www.noworudzianin.pl\/WWW\/wp-content\/uploads\/2017\/02\/Stanis\u0142aw-\u0141ukasik-150x150.jpg\"><img loading=\"lazy\" decoding=\"async\" class=\"alignnone wp-image-2392 size-thumbnail\" src=\"http:\/\/www.noworudzianin.pl\/WWW\/wp-content\/uploads\/2017\/02\/Stanis\u0142aw-\u0141ukasik-150x150.jpg\" width=\"150\" height=\"150\" \/><\/a><\/p>\n<p>POZOSTA\u0141E FELIETONY STANIS\u0141AWA \u0141UKASIKA ><a href=\"https:\/\/www.noworudzianin.pl\/WWW\/felieton\/stanislaw-lukasik\/\" rel=\"noopener noreferrer\" target=\"_blank\">TUTAJ<\/a><\n\n<\/p>\n","protected":false},"excerpt":{"rendered":"<p>O stosunku Polak\u00f3w do \u017byd\u00f3w podczas II wojny napisano ju\u017c setki ksi\u0105\u017cek, a czytaj\u0105cy s\u0105 nadal w \u201eczarnym lesie\u201d<\/p>\n","protected":false},"author":4,"featured_media":20112,"comment_status":"open","ping_status":"closed","sticky":false,"template":"","format":"standard","meta":{"om_disable_all_campaigns":false,"_monsterinsights_skip_tracking":false,"_monsterinsights_sitenote_active":false,"_monsterinsights_sitenote_note":"","_monsterinsights_sitenote_category":0,"_uf_show_specific_survey":0,"_uf_disable_surveys":false,"footnotes":""},"categories":[2,1794,29,9,84,6],"tags":[5080,20,5,5044,5079,54,1200,5081,5082],"aioseo_notices":[],"amp_enabled":true,"_links":{"self":[{"href":"https:\/\/www.noworudzianin.pl\/WWW\/wp-json\/wp\/v2\/posts\/20110"}],"collection":[{"href":"https:\/\/www.noworudzianin.pl\/WWW\/wp-json\/wp\/v2\/posts"}],"about":[{"href":"https:\/\/www.noworudzianin.pl\/WWW\/wp-json\/wp\/v2\/types\/post"}],"author":[{"embeddable":true,"href":"https:\/\/www.noworudzianin.pl\/WWW\/wp-json\/wp\/v2\/users\/4"}],"replies":[{"embeddable":true,"href":"https:\/\/www.noworudzianin.pl\/WWW\/wp-json\/wp\/v2\/comments?post=20110"}],"version-history":[{"count":2,"href":"https:\/\/www.noworudzianin.pl\/WWW\/wp-json\/wp\/v2\/posts\/20110\/revisions"}],"predecessor-version":[{"id":20116,"href":"https:\/\/www.noworudzianin.pl\/WWW\/wp-json\/wp\/v2\/posts\/20110\/revisions\/20116"}],"wp:featuredmedia":[{"embeddable":true,"href":"https:\/\/www.noworudzianin.pl\/WWW\/wp-json\/wp\/v2\/media\/20112"}],"wp:attachment":[{"href":"https:\/\/www.noworudzianin.pl\/WWW\/wp-json\/wp\/v2\/media?parent=20110"}],"wp:term":[{"taxonomy":"category","embeddable":true,"href":"https:\/\/www.noworudzianin.pl\/WWW\/wp-json\/wp\/v2\/categories?post=20110"},{"taxonomy":"post_tag","embeddable":true,"href":"https:\/\/www.noworudzianin.pl\/WWW\/wp-json\/wp\/v2\/tags?post=20110"}],"curies":[{"name":"wp","href":"https:\/\/api.w.org\/{rel}","templated":true}]}}