{"id":20164,"date":"2020-02-20T14:39:20","date_gmt":"2020-02-20T13:39:20","guid":{"rendered":"https:\/\/www.noworudzianin.pl\/WWW\/?p=20164"},"modified":"2020-02-20T14:41:08","modified_gmt":"2020-02-20T13:41:08","slug":"smieci-smieci-smieci","status":"publish","type":"post","link":"https:\/\/www.noworudzianin.pl\/WWW\/2020\/02\/20\/smieci-smieci-smieci\/","title":{"rendered":"\u015amieci, \u015bmieci, \u015bmieci&#8230;"},"content":{"rendered":"<p>Od nowego roku mamy nowe zasady dotycz\u0105ce segregacji \u015bmieci. Przygl\u0105daj\u0105c si\u0119 temu nie spos\u00f3b nie zauwa\u017cy\u0107, \u017ce sporo jest do zrobienia zar\u00f3wno po stronie mieszka\u0144c\u00f3w, odbiorcy jak i w\u0142odarzy<\/p>\n<p>Mieszka\u0144cy s\u0105 zbulwersowani nie tylko horrendalnymi podwy\u017ckami cen odbioru \u015bmieci, ale r\u00f3wnie\u017c obrazkami, kt\u00f3rych kilka tutaj zaprezentujemy. Po pierwsze: <strong>KA\u017bDY Z NAS<\/strong> jest zobowi\u0105zany \u015bmieci segregowa\u0107 i basta. Nie ma wym\u00f3wek, nie ma \u201enie wiedzia\u0142em\u201d. Bior\u0105c pod uwag\u0119 ilo\u015bci \u015bmieci jakie wszyscy produkujemy i problem ekologiczny to mo\u017cna rzec, \u017ce czas najwy\u017cszy. Osoby, kt\u00f3re mimo tego nie b\u0119d\u0105 chcia\u0142y segregowa\u0107 b\u0119d\u0105 karane podw\u00f3jnymi op\u0142atami. W tej kwestii raczej jeste\u015bmy zgodni, \u015bwiadomo\u015b\u0107 ekologiczna ro\u015bnie w spo\u0142ecze\u0144stwie. Niestety jednak du\u017co gorzej jest ju\u017c z wiedz\u0105 na temat <strong>CO<\/strong> segregujemy, w <strong>JAKI SPOS\u00d3B<\/strong>, <strong>GDZIE<\/strong> wyrzucamy, i przede wszystkim <strong>KIEDY<\/strong> wyrzucamy?! Odwiedzili\u015bmy wiele miejsc w mie\u015bcie Nowa Ruda (w tym w S\u0142upcu i w Drogos\u0142awiu) jak i wi\u0119kszo\u015b\u0107 miejscowo\u015bci w gminie wiejskiej Nowa Ruda. Otrzymali\u015bmy r\u00f3wnie\u017c sporo zdj\u0119\u0107 od internaut\u00f3w za kt\u00f3re serdecznie dzi\u0119kujemy. Po publikacji tych materia\u0142\u00f3w rozp\u0119ta\u0142a si\u0119 niema\u0142a burza na naszej fejsbukowej stronie <a href=\"https:\/\/www.facebook.com\/Noworudzianin\/\" rel=\"noopener noreferrer\" target=\"_blank\">facebook.com\/Noworudzianin<\/a> Pada\u0142o wiele uwag, nierzadko ostrych s\u0142\u00f3w i to zar\u00f3wno pod adresem odbiorcy \u015bmieci \u2013 Noworudzkich Us\u0142ug Komunalnych (NUK), samego jej prezesa Grzegorza Kuzaka, ale r\u00f3wnie\u017c pod adresem w\u0142odarzy (burmistrza, w\u00f3jt, radnych) jak i samych mieszka\u0144c\u00f3w i ich niewiedzy, bezmy\u015blno\u015bci czasem czy nawet dzia\u0142a\u0144, delikatnie m\u00f3wi\u0105c, niepo\u017c\u0105danych \u017ceby nie powiedzie\u0107 z\u0142o\u015bliwych. Pr\u00f3buj\u0105c zebra\u0107 to wszystko w jaki\u015b konsensus chcia\u0142bym przedstawi\u0107 kilka wa\u017cnych wniosk\u00f3w, kt\u00f3re z pewno\u015bci\u0105 pomog\u0105 nam wszystkim w tym temacie, a akceptacja tych\u017ce i wdro\u017cenie proponowanych sugestii mo\u017ce przyczyni\u0107 si\u0119 do poprawy tego \u015bmierdz\u0105cego problemu oraz krajobrazu jak i samopoczucia mieszka\u0144c\u00f3w i odwiedzaj\u0105cych nas go\u015bci, co te\u017c wi\u0119kszo\u015b\u0107 uzna za po\u017c\u0105dane. Chyba, \u017ce kto\u015b ma to po prostu gdzie\u015b. Nie liczy si\u0119 z nikim i niczym, ro\u015bci sobie pretensjonalne \u017c\u0105dania, \u201ep\u0142aci i wymaga\u201d i nic\/nikt nie przekona go do zmiany zachowa\u0144. Od tego zaczn\u0119. Od nas samych, mieszka\u0144c\u00f3w. Uderzmy si\u0119 najpierw sami w piersi zanim uczepimy si\u0119 w\u0142odarzy, NUK-u i wszystkich innych. Kto z nas <strong>TAK NAPRAWD\u0118<\/strong> wie co nale\u017cy segregowa\u0107 i jak. Bo to, \u017ce mylimy kolory to na szcz\u0119\u015bcie kosze\/dzwony\/kontenery s\u0105 opisane i w ostatniej chwili mo\u017cemy naprawi\u0107 sw\u00f3j b\u0142\u0105d, chyba, \u017ce (znowu) mamy to gdzie\u015b. <strong>KTO Z NAS<\/strong>, pr\u00f3bowa\u0142 nauczy\u0107 si\u0119 jak segregowa\u0107 \u015bmieci, bo przecie\u017c <strong>NIE KA\u017bDY PLASTIKOWY POJEMNIK<\/strong> powinien wyl\u0105dowa\u0107 w worku\/koszu na plastiki! Dla wielu mo\u017ce to by\u0107 szok! Nieprawdopodobne!!! Zatem kt\u00f3re plastikowe \u015bmieci l\u0105duj\u0105 w koszu\/pojemniku przeznaczonym na plastiki, a kt\u00f3re na \u015bmieci zmieszane? By\u0142y o tym szczeg\u00f3\u0142owe informacje w naszym tygodniku \u201eNoworudzianin\u201d, publikowa\u0142y je w\u0142adze w ulotkach i gazetce gminnej, m\u00f3wi si\u0119 o tym w wielu miejscach, niemal ca\u0142y czas w Internecie. <strong>KTO Z NAS<\/strong> posiad\u0142 dok\u0142adnie t\u0119 wiedz\u0119? Przyznajmy si\u0119 sami przed sob\u0105, bo nawet pisz\u0105cy te s\u0142owa ma jeszcze w\u0105tpliwo\u015bci przed wyrzuceniem kolejnego odpadu. Je\u017celi za\u015b nie mamy takiej wiedzy, <strong>KTO<\/strong> np. pokusi\u0142 si\u0119 o powieszenie w widocznym miejscu swojego domostwa <strong>\u015aCI\u0104GI<\/strong>, kt\u00f3ra ma by\u0107 pomocna, mo\u017ce nie dla nas doros\u0142ych, wszak\u017ce wiemy wszystko o wszystkim i wszystkich, ale dla naszych cho\u0107by pociech. Kto z nas? Kto z nas zgniata butelki, rozcina te wi\u0119ksze plastiki przyczyniaj\u0105c si\u0119 do zmniejszenia obj\u0119to\u015bci plastikowych odpad\u00f3w? Obserwuj\u0105c w te zaledwie 2 dni nasze \u015bmietniki mam wra\u017cenie, \u017ce albo niewiedza jest niesamowitym bezkresem naszej rzeczywisto\u015bci albo mamy to wszystko gdzie\u015b. Je\u017celi za\u015b uzurpujemy sobie prawo do tego, \u017ceby mie\u0107 to w g\u0142\u0119bokim powa\u017caniu, nie mo\u017cemy mie\u0107 pretensji do innych, \u017ce post\u0119puj\u0105 tak samo \u2013 gdzie\u015b ma to ten co to zbiera, gdzie\u015b mo\u017ce mie\u0107 to NUK i w\u0142odarze bo ignorancja jest zara\u017aliwa i w naszej polskiej rzeczywisto\u015bci szerzy si\u0119 pr\u0119dzej ni\u017c koronawirus w Chinach. Przepraszam za por\u00f3wnanie, ale je\u015bli tak dalej p\u00f3jdzie, nasza przysz\u0142o\u015b\u0107, przysz\u0142o\u015b\u0107 naszych dzieci, wnuk\u00f3w utonie w fetorze wszechobecnych \u015bmieci a my b\u0119dziemy czeka\u0107 a\u017c INNI zajm\u0105 si\u0119 tym problemem za nas. Potem rozmno\u017c\u0105 si\u0119 szczury i ju\u017c tylko krok od jakiej\u015b zarazy, st\u0105d por\u00f3wnanie nie a\u017c tak bardzo przesadzone. Moi drodzy Czytelnicy, mo\u017cemy to \u201eolewa\u0107\u201d tylko czy tak bardzo jeste\u015bmy nie\u015bwiadomi konsekwencji w my\u015bl przys\u0142owia \u201ePolak m\u0105dry po szkodzie\u201d, czy te\u017c stajemy si\u0119 coraz bardziej aroganccy, tudzie\u017c coraz bardziej nastawieni na pretensjonalizm i wyczekiwanie na to, \u017ce inni rozwi\u0105\u017c\u0105 za nas <strong>NASZE W\u0141ASNE<\/strong> problemy. Ko\u0144cz\u0105c to samobiczowanie prosz\u0119 Was wszystkich. W\u0142\u0105czmy my\u015blenie i dzia\u0142anie ze\u0144 wynikaj\u0105ce. Nie st\u00f3jmy z za\u0142o\u017conymi r\u0119koma jedynie w Internecie wyra\u017caj\u0105c nasze obawy, pretensje, krytyczne zdania \u2013 nawet je\u015bli s\u0142uszne. <strong>TO NIE ZA\u0141ATWI SPRAW<\/strong>. Musimy pogodzi\u0107 si\u0119 z segregacj\u0105 \u015bmieci, nauczy\u0107 si\u0119 jej porz\u0105dnie i wdro\u017cy\u0107 w codzienno\u015b\u0107. Wszyscy na tym skorzystamy. Je\u015bli nie \u2013 <strong>WSZYSCY na tym UCIERPIMY<\/strong> pr\u0119dzej czy p\u00f3\u017aniej.<\/p>\n<p>Musimy r\u00f3wnie\u017c pami\u0119ta\u0107, \u017ce odpady segregowane nale\u017cy dostarczy\u0107 do wyznaczonego punktu odbioru (wrzuci\u0107 do dzwona\/kontenera\/kosza) w dowolnym momencie <strong>KIEDY NIE JEST JESZCZE PRZEPE\u0141NIONY<\/strong>. Gdy to jednak nast\u0105pi przyno\u015bmy je <strong>DOPIERO DZIE\u0143 PRZED<\/strong> planowanym terminem odbioru. Ja wiem, \u017ce mieszka\u0144cy blok\u00f3w nie maj\u0105 gdzie tego sk\u0142adowa\u0107, ale jak pisa\u0142em wy\u017cej, wielkiego problemu nie ma w mie\u015bcie, gdzie blok\u00f3w jest pe\u0142no, najgorzej jest na wsiach, gdzie przewa\u017cnie ka\u017cdy ma jak\u0105\u015b kom\u00f3rk\u0119, gara\u017c, piwnic\u0119 czy strych. To g\u0142\u00f3wnie chodzi o plastiki, kt\u00f3re szczelnie zamkni\u0119te w worku nie b\u0119d\u0105 stanowi\u0107 a\u017c takiego problemu, zw\u0142aszcza jak je dobrze opr\u00f3\u017cnimy przed zapakowaniem do wora.<\/p>\n<p>Nasza internetowa \u201ezadyma\u201d zacz\u0119\u0142a przynosi\u0107 efekty ju\u017c nast\u0119pnego dnia. Dzi\u0119kujemy. Reagujmy jednak wszyscy, bez zw\u0142oki.<\/p>\n<p>Pami\u0119tajmy r\u00f3wnie\u017c, \u017ce na wsiach <strong>MO\u017bEMY ZG\u0141ASZA\u0106<\/strong> przepe\u0142nione dzwony\/kontenery do swojego so\u0142tysa, kt\u00f3ry <strong>MA OBOWI\u0104ZEK<\/strong> zareagowa\u0107, sprawdzi\u0107 je\u015bli trzeba, czy zg\u0142oszenie jest adekwatne do rzeczywistej sytuacji i pchn\u0105\u0107 spraw\u0119 dalej tak, aby r\u00f3wnie\u017c <strong>POZA WYZNACZONYM<\/strong> terminem odbioru odpad\u00f3w selektywnych pracownicy NUK-u opr\u00f3\u017cnili przepe\u0142nione dzwony i zabrali to, co wok\u00f3\u0142 nich. Nie czekajmy znowu a\u017c kto\u015b inny za nas zadzwoni. Uwierzcie mi, sto telefon\u00f3w w tej samej sprawie motywuje bardziej w\u0142adze so\u0142ectwa ni\u017c jeden telefon czy dwa. Je\u015bli za\u015b so\u0142tys ju\u017c nie odbiera lub nie pomaga interwencja w so\u0142ectwie, zg\u0142aszajcie problem w gminie w referacie Infrastruktury Technicznej i Ochrony \u015arodowiska \u2013 kierownik Tomasz Zieli\u0144ski tel. 74 872 0940 lub 74 872 0929 lub 74 872 0904.<\/p>\n<p>Nota bene zdumiewa mnie fakt, \u017ce w og\u00f3le trzeba to zg\u0142asza\u0107, \u017ce pracownicy NUK-u zbieraj\u0105c co tydzie\u0144 odpady niesegregowane <strong>NIE WIDZ\u0104<\/strong> i sami nie zareaguj\u0105 \u2013 nie zabior\u0105, nie zg\u0142osz\u0105 etc. Kwestia <strong>CHCENIA<\/strong>, odpowiedniego zarz\u0105dzenia w\u0142adz NUK-u czy czego\u015b jeszcze? Mimo to reagujmy, zg\u0142aszajmy, dzwo\u0144my \u2013 a\u017c posprz\u0105taj\u0105.<\/p>\n<p><strong>\u015aci\u0105ga ze strony Urz\u0119du Gminy Nowa Ruda<\/strong><br \/>\nTadeusz B\u0142azik, Biegan\u00f3w 34, tel. 74 872 24 10, kom. 665 439 842<br \/>\nBogus\u0142aw Tabor, Bartnica 73, kom. 727 235 263<br \/>\nIzabela Zadro\u017cna, Bo\u017ck\u00f3w 147\/1, kom. 509 952 319<br \/>\nDanuta Radzik-Dyl, Czerwie\u0144czyce 84, tel. 74 871 42 40, kom. 661461246<br \/>\nAgnieszka Tomczuk, Dzikowiec 87\/1A, kom. 669 848 967<br \/>\nS\u0142awomir Wiak, Dworki 25, kom. 726 529 851<br \/>\nBogus\u0142awa Tarassow, Jug\u00f3w ul. 1 Maja 1a, kom. 605 067 562<br \/>\nAgnieszka \u017bak, Krajan\u00f3w 21 a, tel. 74 87274 06, kom. 531 199 488<br \/>\nAgnieszka O\u017c\u00f3g, So\u0142ectwo Koszyn, Bo\u017ck\u00f3w 218 a, kom. 725 144 000<br \/>\nJanusz Ferenc, Ludwikowice K\u0142odzkie ul. Ko\u015bcielna 4\/5, tel. 74 871 63 62, kom. 663 659 919<br \/>\nLech S\u0142oninka, Nowa Wie\u015b K\u0142odzka 79, tel. 74 871 76 51, kom. 604 196 678<br \/>\nArkadiusz Lenckowski, Przyg\u00f3rze 197a\/1, kom. 608 129 702<br \/>\nWac\u0142aw \u0141ukasiewicz, \u015awierki 105, tel. 74 871 11 08, kom. 512 542 962<br \/>\nAndrzej Chmielarz, Sokolec, Ludwikowice K\u0142odzkie ul. Jana Kasprowicza 37, tel. 74 871 61 20, kom. 500 491 184<br \/>\nDariusz Norek, Sokolica 14, kom. 509 321 253<br \/>\nLeszek Oremus, W\u0142odowice 59, kom. 535 183 558<br \/>\nWojciech Kutera, Wolib\u00f3rz 139 c, tel. 74 873 37 12, kom. 508 380 359<\/p>\n<p>Pami\u0119tajmy, \u017ce <strong>MO\u017bEMY SAMI<\/strong> wywie\u017a\u0107 \u015bmieci, r\u00f3wnie\u017c wielkogabarytowe do Punktu Selektywnego Zbierania Odpad\u00f3w Komunalnych (PSZOK) przy ul. Niepodleg\u0142o\u015bci 45c (obok Orlenu) \u2013 od poniedzia\u0142ku do pi\u0105tku w godz. 8.00-16.00 oraz w soboty 8.00-13.00<\/p>\n<p><strong>WA\u017bNE:<\/strong> Pami\u0119tajmy, \u017ce stawka za \u015bmieci segregowane od osoby za miesi\u0105c wynosi zar\u00f3wno w mie\u015bcie jak i gminie wiejskiej 32 z\u0142\/osoby z TYM, \u017ce w gminie stawka ta naliczana jest dopiero od lutego 2020 r. Za stycze\u0144 w gminie wiejskiej p\u0142acimy 18,50 z\u0142\/os. Je\u017celi kto\u015b wp\u0142aci\u0142 ju\u017c po nowej stawce mo\u017ce sobie to odliczy\u0107 w lutym lub na koniec roku. W gminie wiejskiej mo\u017cna r\u00f3wnie\u017c uzyska\u0107 1 z\u0142 zni\u017cki je\u015bli odpady BIO wyrzucacie do w\u0142asnych kompostownik\u00f3w \u2013 dotyczy mieszka\u0144c\u00f3w dom\u00f3w jednorodzinnych.<\/p>\n<p>Warto wiedzie\u0107, \u017ce te nowe stawki przeg\u0142osowali radni (zar\u00f3wno w mie\u015bcie jak i w gminie wiejskiej) na pod-stawie kosztorysu przedstawionego przez NUK na nowy rok. Pisali\u015bmy o tym kilkakrotnie. <\/p>\n<p><a href=\"https:\/\/www.noworudzianin.pl\/WWW\/2020\/01\/23\/niezadowoleni-z-zarzadzania-nukiem\/\" rel=\"noopener noreferrer\" target=\"_blank\">Niezadowoleni z zarz\u0105dzania NUKiem<\/a><\/p>\n<p><a href=\"https:\/\/www.noworudzianin.pl\/WWW\/2020\/01\/23\/skad-sie-biora-podwyzki-oplat-za-smieci\/\" rel=\"noopener noreferrer\" target=\"_blank\">Sk\u0105d si\u0119 bior\u0105 podwy\u017cki op\u0142at za \u015bmieci?<\/a><\/p>\n<p><a href=\"https:\/\/www.noworudzianin.pl\/WWW\/2020\/01\/16\/smieciowe-problemy\/\" rel=\"noopener noreferrer\" target=\"_blank\">\u015amieciowe problemy<\/a><\/p>\n<p><a href=\"https:\/\/www.noworudzianin.pl\/WWW\/2020\/01\/13\/jak-segregowac-smieci\/\" rel=\"noopener noreferrer\" target=\"_blank\">Jak segregowa\u0107 \u015bmieci<\/a><\/p>\n<p><a href=\"https:\/\/www.noworudzianin.pl\/WWW\/2020\/01\/09\/drozej-za-smieci-rowniez-w-gminie\/\" rel=\"noopener noreferrer\" target=\"_blank\">Dro\u017cej za \u015bmieci r\u00f3wnie\u017c w gminie<\/a><\/p>\n<p><a href=\"https:\/\/www.noworudzianin.pl\/WWW\/2019\/11\/28\/drastyczne-podwyzki-za-smieci\/\" rel=\"noopener noreferrer\" target=\"_blank\">Drastyczne podwy\u017cki za \u015bmieci<\/a><\/p>\n<p>To nie widzimisi\u0119 burmistrza czy w\u00f3jt ani radnych. Faktem jest, \u017ce obs\u0142uguje nas jedna firma \u2013 NUK, kt\u00f3ra jest <strong>W\u0141ASNO\u015aCI\u0104<\/strong> miasta i gminy wiejskiej z przewa\u017caj\u0105cym udzia\u0142em miasta. W\u0142odarze gminy wiejskiej za-powiedzia\u0142y og\u0142oszenie przetargu i poszukiwania nowej firmy, kt\u00f3ra zajmie si\u0119 odbieraniem odpad\u00f3w za mniejsz\u0105 cen\u0119 ale powsta\u0142o pytanie czy to nie zostanie poczytane jako dzia\u0142anie na szkod\u0119 w\u0142adnej firmy (NUK) i czy w og\u00f3le do tego dojdzie bez z\u0142amania prawa? Wreszcie faktem r\u00f3wnie\u017c jest, \u017ce zar\u00f3wno miasto jak i gmina wiejska <strong>DOP\u0141ACAJ\u0104<\/strong> do tego interesu i s\u0105 to kwoty rz\u0119du setek tysi\u0119cy z\u0142otych. St\u0105d apele aby nie unika\u0107 p\u0142acenia za \u015bmieci, nie oszukiwa\u0107 przy podawaniu liczby os\u00f3b w gospodarstwie domowym bo konkretne kwoty\/koszty rozk\u0142adaj\u0105 si\u0119 na ilo\u015b\u0107 os\u00f3b zadeklarowanych a s\u0105 tacy, kt\u00f3rzy permanentnie unikaj\u0105 p\u0142acenia za \u015bmieci.<\/p>\n<p>Warto wiedzie\u0107, \u017ce worki <strong>ZA DARMO<\/strong> mo\u017cna odbiera\u0107 w NUK-u w Nowej Rudzie przy ul. \u017beromskiego 2 (wej\u015bcie od ul. Niepodleg\u0142o\u015bci naprzeciw PKS-u). Na wszystkie rodzaje odpad\u00f3w.<\/p>\n<p>Pada\u0142y r\u00f3wnie\u017c pomys\u0142y, nawet na sesji rady, \u017ceby te dzwony, zlikwidowa\u0107 zupe\u0142nie. Mo\u017ce nawet stawki przez to b\u0119d\u0105 ni\u017csze, cho\u0107 NUK tego nie potwierdzi\u0142. Wszak\u017ce wiele os\u00f3b zbiera odpady, gromadzi je we w\u0142asnym gospodarstwie i raz w miesi\u0119cy dzie\u0144 przed terminem wystawia. Robi\u0105 to od dawna i w og\u00f3le nie korzy-staj\u0105 z dzwon\u00f3w. Internauci pisali, \u017ce nie ka\u017cdy ma gdzie, zw\u0142aszcza w mie\u015bcie ale jak wspomina\u0142em wy\u017cej problem przede wszystkim jest poza miastem. Dzwon\u00f3w w mie\u015bcie nie ma.<\/p>\n<p>Celem obni\u017cenia koszt\u00f3w \u2013 op\u0142at za \u015bmieci rozwa\u017ca si\u0119 r\u00f3wnie\u017c aby rzadziej odbiera\u0107 odpady niesegregowane \u2013 co dwa tygodnie, zamiast jak obecnie \u2013 co tydzie\u0144.<\/p>\n<p>Docieraj\u0105 r\u00f3wnie\u017c do nas informacje, \u017ce w NUK-u potrzebny jest audyt, ale nie wewn\u0119trzny na zasadzie sprawdzania samego siebie, ale przez niezale\u017cn\u0105 firm\u0119. Troch\u0119 to kosztuje ale mo\u017ce pokaza\u0107 wiele, je\u015bli oka\u017ce si\u0119, \u017ce zarz\u0105dzanie pozostawia wiele do \u017cyczenia.<\/p>\n<p>Faktem te\u017c jest, \u017ce kontenery w mie\u015bcie s\u0105 wygodniejsze dla mieszka\u0144c\u00f3w ni\u017c dzwony w gminie wiejskiej bo \u0142atwiej wyrzuca\u0107 wi\u0119ksze worki wype\u0142nione plastikami. Niemniej raczej trudno b\u0119dzie liczy\u0107 na wymian\u0119 bez konieczno\u015bci kolejnych podwy\u017cek. Przepraszam za szczero\u015b\u0107, ale te\u017c nie spada mi korona z g\u0142owy gdy za ka\u017c-dym razem wrzucam do dzwonu wyci\u0105gaj\u0105c z worka po kolei te nieszcz\u0119sne plastiki i jeszcze si\u0119 nie zdarzy\u0142o, \u017ceby dzwon by\u0142 na tyle przepe\u0142niony (nawet je\u015bli \u015bmieci ju\u017c wystawa\u0142y przez okr\u0105g\u0142e okienko), \u017ceby nie mo\u017cna by\u0142o dopcha\u0107 jeszcze tego co przynios\u0142em. Kwestia <strong>CHCENIA<\/strong>, dobrej woli i wra\u017cliwo\u015bci ekologicznej.<br \/>\n<strong>B\u0104D\u0179MY EKO!<\/strong><\/p>\n<p><strong>Komentarze internaut\u00f3w:<\/strong><br \/>\nJoanna: Co tydzie\u0144 powinni to wywozi\u0107!! P\u0142acimy grube pieni\u0105dze za \u015bmieci to powinni\u015bmy mie\u0107 czysto ko\u0142o dzwon\u00f3w!!<br \/>\nInga: Ale po \u015bmieci zmieszane przyje\u017cd\u017caj\u0105 raz w tygodniu, tylko pytam si\u0119 po co jak mamy puste kub\u0142y lub zalewie jeden worek?!?<br \/>\nEl\u017cbieta: U mnie inaczej. Mo\u017ce jak wymieni\u0119 piec i zamiast w\u0119glem b\u0119d\u0119 pali\u0107 peletem, to kube\u0142 b\u0119d\u0119 zape\u0142nia\u0107 przez 2 tygodnie. Na razie w ci\u0105gu tygodnia jest pe\u0142ny. Latem jest inaczej.<br \/>\nHelena: U nas te\u017c w Nowej Rudzie m\u0105\u017c dzwoni regularnie i m\u00f3wi czy nasza ulica tredowata?Zwierz\u0119ta rozrywaja worki i \u015bmieci si\u0119 walaja! To po co by\u0142a ta ca\u0142a segregacja i podwy\u017cka cen kiedy NUK sobie ole-wa ?!Pieni\u0105dze nie ma\u0142e bior\u0105 i maj\u0105 w tylku jeszcze nie s\u0105 zadowoleni jak si\u0119 dzwoni do NUK!A czy my ma-my by\u0107 zadowoleni jak nikt nie bierze \u015bmieci zgodnie z harmonogramem !Pono\u0107 byli jak m\u0105\u017c dzwoni\u0142 to czy nie widomi przyje\u017cd\u017caj\u0105 czy tylko przejechali ulica? Czy wreszcie kto\u015b si\u0119 za ten ba\u0142agan we\u017amie bo jak na razie to urz\u0105d miasta si\u0119 za nas mieszka\u0144c\u00f3w wziol podnosz\u0105c nam drastycznie ceny!! Czy nikt za ten ba\u0142agan nie odpowiada?!<br \/>\nAnita: ODBI\u00d3R powinien by\u0107 conajmniej co 2 tygodnie. Ale to te\u017c sprawy nie za\u0142atwi. Dlaczego dalej nie mamy \u017cadnych punkt\u00f3w odbioru plastiku, jak chocia\u017cby w Czechach?<br \/>\nJoanna: Te reklam\u00f3wki z Intermarche, w kt\u00f3re zapakowane s\u0105 plastiki i napisy \u201eAle tu \u015bwie\u017co\u201d i \u201eJak tu si\u0119 nie cieszy\u0107\u201d s\u0105 bardzo wymowne<br \/>\nMarta: Dwa razy zdarzy\u0142a si\u0119 sytuacja u Nas pod kontenerem ze dzie\u0144 przed odbiorem wystawione przez Nas worki dzi\u0119ki czyjej\u015b uprzejmo\u015bci wyl\u0105dowa\u0142y w kontenerze na zmieszane. Segregujemy a finalnie&#8230;<br \/>\nZofia: U nas na os wary\u0144skiego je\u017cdrz\u0105 wed\u0142ug harmonogramu i zabieraj\u0105 wory ile by nie by\u0142o 4 lub 10 i nikt nie narzeka na nuk<br \/>\nJoanna: Problemem jest to, \u017ce mieszka\u0144cy nie maj\u0105 gdzie sk\u0142adowa\u0107 work\u00f3w z segregowanymi odpadami i dlatego wynosz\u0105 i stawiaj\u0105 ko\u0142o dzwon\u00f3w. Wiedz\u0105, \u017ce we wtorek jest odbi\u00f3r \u015bmieci to \u201epewnie zabior\u0105\u201d. Nie wiedz\u0105, albo nie chc\u0105 wiedzie\u0107, \u017ce segregowane s\u0105 odbierane tylko 1 raz w miesi\u0105cu i wtedy mo\u017cna worki wystawi\u0107 wzd\u0142u\u017c ulic \u2013 tam gdzie przeje\u017cd\u017ca samoch\u00f3d po odbi\u00f3r, tudzie\u017c ko\u0142o dzwon\u00f3w. Mo\u017ce warto pomy\u015ble\u0107 nad taki rozwi\u0105zaniem, \u017ceby przepisy prawne mogly by\u0107 naprawd\u0119 respektowane, bo to co si\u0119 teraz dzieje to jest dramat.<br \/>\nIwona: a gdzie maj\u0105 to trzyma\u0107 ca\u0142y miesi\u0105c w pokoju? Mo\u017ce warto by\u0142oby poprostu zabiera\u0107 cz\u0119\u015bciej.<br \/>\nZa takie stawki jakie maj\u0105 p\u0142aci\u0107 powinno by\u0107 zabierane co tydzie\u0144.<br \/>\nJoanna: ale ja wiem ja to wygl\u0105da, bo mieszkam w Jugowie. Moj\u0105 sugesti\u0105 jest to, aby w\u0142adze zrobi\u0142y co\u015b w tym kierunku, \u017ceby w\u0142a\u015bnie w domu tego nie zbiera\u0107. Dobrze, je\u015bli kto\u015b ma gdzie sk\u0142adowa\u0107. To jednak problemu nie rozwi\u0105zuje. Te\u017c uwa\u017cam, \u017ce powinni zabiera\u0107 te \u015bmieci segregowane cz\u0119\u015bciej. Ja do drogi mam 300 m i musz\u0119 te wory taszczy\u0107, bo nikt po nie nie przyje\u017cd\u017ca.<br \/>\nEl\u017cbieta: wychodzi na to \u017ce ten system w kt\u00f3rym przysz\u0142o nam \u017cy\u0107, po prostu si\u0119 nie sprawdza. Ja nie zgadzam si\u0119 na to, \u017ceby kto\u015b bra\u0142 pieni\u0105dze z moich podatk\u00f3w i by\u0142 jak ten bezwolny semafor. Tylko \u017ce&#8230;.ja se mog\u0119&#8230;..<br \/>\nIwona: Kaucj\u0119 na napoje w plastikowych butelkach i maszyny do zwrotu butelek jak to jest w innych krajach. Wtedy mniej plastiku w kontynerze,zgniatanie butelek \u017ceby zminimalizowa\u0107 ich obj\u0119to\u015b\u0107<br \/>\nTomasz: z ca\u0142ym szacunkiem do lokalnego patriotyzmu je\u015bli w\u0142asna sp\u00f3\u0142ka jest nieumiej\u0119tnie zarz\u0105dzana to nawet 100 z\u0142 za odbi\u00f3r \u015bmieci b\u0119dzie ma\u0142o. Jak wida\u0107 na wszechobecnych zdj\u0119ciach, pomimo tak wysokiej sk\u0142adki za odbi\u00f3r, \u015bmieci walaj\u0105 si\u0119 wok\u00f3\u0142 przepe\u0142nionych pojemnik\u00f3w. Nale\u017cy czym pr\u0119dzej og\u0142osi\u0107 przetarg i wy\u0142oni\u0107 wykonawc\u0119 z prawdziwego zdarzenia. Zastosowanie tu ma s\u0142ynne przyslowie \u201eNie znasz si\u0119 na diamentach to poznaj jubilera\u201d&#8230;<br \/>\nIwona: Dzisiaj odebrali\u015bmy z NUK-u parti\u0119 br\u0105zowych work\u00f3w na odpady BIO wraz z informacj\u0105 o tym, \u017ce b\u0119d\u0105 odbierane raz w miesi\u0105cu. Wielko\u015b\u0107 tych\u017ce work\u00f3w sugerowa\u0107 mo\u017ce, i\u017c faktycznie na miesi\u0105c starczy. Nie wiadomo jednak, w kt\u00f3rym dniu miesi\u0105ca te odpady b\u0119d\u0105 odbierane. W styczniu zapytali\u015bmy na stronie FB gminy o harmonogram odbioru tych odpad\u00f3w, ale si\u0119 nie doczekali\u015bmy na odpowied\u017a \u2013 i nadal nic nie wiadomo. A po tygodniu \u2013 w sezonie zimowym jakby nie patrze\u0107 \u2013 \u015bmierdzi z kub\u0142a BIO niemi\u0142osiernie&#8230; A\u017c strach my\u015ble\u0107, co b\u0119dzie latem. Zmierzam ku temu, \u017ce zgodnie z nowo uchwalonym regulaminem utrzymania czysto\u015bci i porz\u0105dku na terenie gminy (uchwa\u0142a nr 124\/XIII\/19 z dnia 30.12.2019 roku), kt\u00f3ry ju\u017c obowi\u0105zuje, odpady BIO powinny by\u0107 odbierane nie rzadziej ni\u017c raz na dwa tygodnie z terenu nieruchomo\u015bci. Jak wida\u0107, tak si\u0119 nie dzieje \u2013 to znaczy, \u017ce uchwa\u0142a Rady Gminy nie jest wykonywana (jej wykonanie rada powierzy\u0142a W\u00f3jtowi Gminy \u2013 tak na marginesie). Czy \u017caden z radnych tego nie widzi, czy te\u017c nie chc\u0105 tego problemu widzie\u0107? Chcia\u0142oby si\u0119 rzec dosadniej na podsumowanie ca\u0142ej sytuacji ze \u015bmieciami, ale wyra\u017ca\u0107 si\u0119 publicznie nie wypada<br \/>\nDaniel: Grunt to \u017ce kasa si\u0119 zgadza za odpady.<br \/>\nFabian: No super opcja robi\u0107 sobie w domu wysypisko \u015bmieci. U mnie przy pi\u0119ciu osobach trzeba wyrzuca\u0107 \u015bmieci co 2 dni. Miesi\u0105c&#8230;.!!! W lato to si\u0119 zrobi u mnie mikroklimat jak w d\u017cungli amazo\u0144skiej.Upublicznijcie wizerunek osoby, kt\u00f3ra wpad\u0142a na ten genialny pomys\u0142 abym m\u00f3g\u0142 pokaza\u0107 dzieciom jak wygl\u0105da encyklopedyczny idiota.<br \/>\nKamila: U nas by\u0142y ko\u0142o m\u0142yna dzwony cz\u0142owiek mia\u0142 pod nosem m\u00f3g\u0142 segregowa\u0107 jako tako by\u0142 lad i porz\u0105dek ale jaki\u015b debil podpali\u0142 i zlikwidowano. Teraz trzeba lata\u0107 i wynosi\u0107 z dala od miejsca zamieszkania. Bo nie mam niestety, gdzie trzyma\u0107 tego ca\u0142ego haosu. Wychodzi na to \u017ce ta ca\u0142a segregacja wychodzi ludziom nie tak jak powinna&#8230;<br \/>\nKrzysztof: Tylko prosze kochani nie \u017cucaj\u0107ie do tych dzwon\u00f3w co wam wpadnie w r\u0119ke<br \/>\nEl\u017cbieta: Przy ka\u017cdym budynku powinno by\u0107 tak, jak jest w S\u0142upcu na osiedlu. Jest klatka a w niej kontenery. Ka\u017cdy mieszkaniec ma klucz do tej klatki wi\u0119c nikt postronny \u015bmieci nie podrzuci. Na prywatnych posesjach mo\u017ce pozosta\u0107 tak jak jest, ko\u0142o domu zawsze znajdzie si\u0119 miejsce na przetrzymane przez miesi\u0105c tych work\u00f3w.<br \/>\nMiros\u0142awa: klucz to najgorszey pomys\u0142 jaki mogli nam zafundowa\u0107.<br \/>\nMa\u0142gorzata: Samoch\u00f3d kt\u00f3rym je\u017cd\u017c\u0105 Panowie, ma d\u017awig do podnoszenia dzwonu, ale raczej nie spos\u00f3b wrzuca\u0107 do niego worki. W poprzednim miesi\u0105cu Panowie byli mniejszym samochodem i uprzatali teren wok\u00f3\u0142, kolejnego dnia by\u0142 du\u017cy i zbiera\u0142 z samych dzwon\u00f3w<br \/>\nGra\u017cyna: A i o karach za niesegregowanie du\u017co m\u00f3wi\u0105, to przede wszystkim!?<br \/>\nDawid: Te\u017c trzeba doda\u0107 jaki\u015b procent ludzi z domkow podrzucaj\u0105cych \u015bmieci nie chce nikogo urazi\u0107 ale proceder jest od dawna znany&#8230;<br \/>\nRafa\u0142: Drugie W\u0142ochy si\u0119 u nas robi\u0105<br \/>\nDorota: Bo Pani So\u0142tys nie przeje\u017cd\u017ca codziennie przez Jug\u00f3w i nie widzi przepe\u0142nionych dzwon\u00f3w. Sama powinna zareagowa\u0107.<br \/>\nRobert: Te dzwony na \u015bmieci to jakie\u015b nieporozumienie<br \/>\nPamela: Mo\u017ce dlatego \u017ce opony nale\u017cy odda\u0107 do wyznaczonych punkt\u00f3w i sk\u0142adowisk, poniewa\u017c nie zali-czaj\u0105 si\u0119 do odpad\u00f3w segregowanych ani komunalnych? Mo\u017ce dlatego \u017ce ludzie s\u0105 po prostu upo\u015bledzeni i nie potrafi\u0105 si\u0119 doinformowa\u0107? Po co, jak mo\u017cna wyrzuci\u0107. A tu taki zonk \u017ce s\u0142u\u017cby komunalne nie mog\u0105 zabiera\u0107 wszystkiego jak leci. Nawet je\u015bli wszyscy my\u015bl\u0105 \u017ce tak jest.<br \/>\nBo\u017cena: Posprz\u0105tano bo nag\u0142o\u015bni\u0142a to gazeta (red. Noworudzianin) i nie wa\u017cne czy segregowane czy zmieszane<br \/>\nTomasz: 2-3 dni spokoju<br \/>\nWiesiek: Media czyni\u0105 cuda, mo\u017ce jeszcze nag\u0142o\u015bni\u0107 te ceny odpad\u00f3w z kosmosu.<\/p>\n<p>Dzi\u0119kujemy Pa\u0144stwu za opinie, komentarze i informacje.<\/p>\n<p>BO\u017bK\u00d3W<br \/>\n<a href=\"https:\/\/www.noworudzianin.pl\/WWW\/wp-content\/uploads\/2020\/02\/Bo\u017ck\u00f3w-scaled.jpg\"><img loading=\"lazy\" decoding=\"async\" src=\"https:\/\/www.noworudzianin.pl\/WWW\/wp-content\/uploads\/2020\/02\/Bo\u017ck\u00f3w-630x420.jpg\" alt=\"\" width=\"630\" height=\"420\" class=\"alignnone size-large wp-image-20192\" srcset=\"https:\/\/www.noworudzianin.pl\/WWW\/wp-content\/uploads\/2020\/02\/Bo\u017ck\u00f3w-630x420.jpg 630w, https:\/\/www.noworudzianin.pl\/WWW\/wp-content\/uploads\/2020\/02\/Bo\u017ck\u00f3w-300x200.jpg 300w, https:\/\/www.noworudzianin.pl\/WWW\/wp-content\/uploads\/2020\/02\/Bo\u017ck\u00f3w-768x512.jpg 768w, https:\/\/www.noworudzianin.pl\/WWW\/wp-content\/uploads\/2020\/02\/Bo\u017ck\u00f3w-1536x1024.jpg 1536w, https:\/\/www.noworudzianin.pl\/WWW\/wp-content\/uploads\/2020\/02\/Bo\u017ck\u00f3w-2048x1365.jpg 2048w\" sizes=\"(max-width: 630px) 100vw, 630px\" \/><\/a><\/p>\n<p>CZERWIE\u0143CZYCE<br \/>\n<a href=\"https:\/\/www.noworudzianin.pl\/WWW\/wp-content\/uploads\/2020\/02\/Czerwie\u0144czyce-2-a-scaled.jpg\"><img loading=\"lazy\" decoding=\"async\" src=\"https:\/\/www.noworudzianin.pl\/WWW\/wp-content\/uploads\/2020\/02\/Czerwie\u0144czyce-2-a-630x420.jpg\" alt=\"\" width=\"630\" height=\"420\" class=\"alignnone size-large wp-image-20193\" srcset=\"https:\/\/www.noworudzianin.pl\/WWW\/wp-content\/uploads\/2020\/02\/Czerwie\u0144czyce-2-a-630x420.jpg 630w, https:\/\/www.noworudzianin.pl\/WWW\/wp-content\/uploads\/2020\/02\/Czerwie\u0144czyce-2-a-300x200.jpg 300w, https:\/\/www.noworudzianin.pl\/WWW\/wp-content\/uploads\/2020\/02\/Czerwie\u0144czyce-2-a-768x512.jpg 768w, https:\/\/www.noworudzianin.pl\/WWW\/wp-content\/uploads\/2020\/02\/Czerwie\u0144czyce-2-a-1536x1024.jpg 1536w, https:\/\/www.noworudzianin.pl\/WWW\/wp-content\/uploads\/2020\/02\/Czerwie\u0144czyce-2-a-2048x1365.jpg 2048w\" sizes=\"(max-width: 630px) 100vw, 630px\" \/><\/a><\/p>\n<p>JUG\u00d3W &#8211; SKRZY\u017bOWANIE ULIC G\u0141\u00d3WNA I GRZYBOWSKA<br \/>\n<a href=\"https:\/\/www.noworudzianin.pl\/WWW\/wp-content\/uploads\/2020\/02\/1-WIELKA-FOTA-Jug\u00f3w-skrzy\u017cowanie-ulic-G\u0142\u00f3wna-i-Grzybowska.jpg\"><img loading=\"lazy\" decoding=\"async\" src=\"https:\/\/www.noworudzianin.pl\/WWW\/wp-content\/uploads\/2020\/02\/1-WIELKA-FOTA-Jug\u00f3w-skrzy\u017cowanie-ulic-G\u0142\u00f3wna-i-Grzybowska-630x473.jpg\" alt=\"\" width=\"630\" height=\"473\" class=\"alignnone size-large wp-image-20199\" srcset=\"https:\/\/www.noworudzianin.pl\/WWW\/wp-content\/uploads\/2020\/02\/1-WIELKA-FOTA-Jug\u00f3w-skrzy\u017cowanie-ulic-G\u0142\u00f3wna-i-Grzybowska-630x473.jpg 630w, https:\/\/www.noworudzianin.pl\/WWW\/wp-content\/uploads\/2020\/02\/1-WIELKA-FOTA-Jug\u00f3w-skrzy\u017cowanie-ulic-G\u0142\u00f3wna-i-Grzybowska-300x225.jpg 300w, https:\/\/www.noworudzianin.pl\/WWW\/wp-content\/uploads\/2020\/02\/1-WIELKA-FOTA-Jug\u00f3w-skrzy\u017cowanie-ulic-G\u0142\u00f3wna-i-Grzybowska-768x576.jpg 768w, https:\/\/www.noworudzianin.pl\/WWW\/wp-content\/uploads\/2020\/02\/1-WIELKA-FOTA-Jug\u00f3w-skrzy\u017cowanie-ulic-G\u0142\u00f3wna-i-Grzybowska-1536x1152.jpg 1536w, https:\/\/www.noworudzianin.pl\/WWW\/wp-content\/uploads\/2020\/02\/1-WIELKA-FOTA-Jug\u00f3w-skrzy\u017cowanie-ulic-G\u0142\u00f3wna-i-Grzybowska.jpg 2048w\" sizes=\"(max-width: 630px) 100vw, 630px\" \/><\/a><\/p>\n<p>JUG\u00d3W &#8211; KO\u0141O KAWIARNI TINA<br \/>\n<a href=\"https:\/\/www.noworudzianin.pl\/WWW\/wp-content\/uploads\/2020\/02\/Jug\u00f3w-ko\u0142o-kawiarni-Tina.jpg\"><img loading=\"lazy\" decoding=\"async\" src=\"https:\/\/www.noworudzianin.pl\/WWW\/wp-content\/uploads\/2020\/02\/Jug\u00f3w-ko\u0142o-kawiarni-Tina-630x473.jpg\" alt=\"\" width=\"630\" height=\"473\" class=\"alignnone size-large wp-image-20194\" srcset=\"https:\/\/www.noworudzianin.pl\/WWW\/wp-content\/uploads\/2020\/02\/Jug\u00f3w-ko\u0142o-kawiarni-Tina-630x473.jpg 630w, https:\/\/www.noworudzianin.pl\/WWW\/wp-content\/uploads\/2020\/02\/Jug\u00f3w-ko\u0142o-kawiarni-Tina-300x225.jpg 300w, https:\/\/www.noworudzianin.pl\/WWW\/wp-content\/uploads\/2020\/02\/Jug\u00f3w-ko\u0142o-kawiarni-Tina.jpg 640w\" sizes=\"(max-width: 630px) 100vw, 630px\" \/><\/a><\/p>\n<p>JUG\u00d3W &#8211; SZKO\u0141A<br \/>\n<a href=\"https:\/\/www.noworudzianin.pl\/WWW\/wp-content\/uploads\/2020\/02\/Jug\u00f3w-szko\u0142a-2.jpg\"><img loading=\"lazy\" decoding=\"async\" src=\"https:\/\/www.noworudzianin.pl\/WWW\/wp-content\/uploads\/2020\/02\/Jug\u00f3w-szko\u0142a-2-630x473.jpg\" alt=\"\" width=\"630\" height=\"473\" class=\"alignnone size-large wp-image-20197\" srcset=\"https:\/\/www.noworudzianin.pl\/WWW\/wp-content\/uploads\/2020\/02\/Jug\u00f3w-szko\u0142a-2-630x473.jpg 630w, https:\/\/www.noworudzianin.pl\/WWW\/wp-content\/uploads\/2020\/02\/Jug\u00f3w-szko\u0142a-2-300x225.jpg 300w, https:\/\/www.noworudzianin.pl\/WWW\/wp-content\/uploads\/2020\/02\/Jug\u00f3w-szko\u0142a-2-768x576.jpg 768w, https:\/\/www.noworudzianin.pl\/WWW\/wp-content\/uploads\/2020\/02\/Jug\u00f3w-szko\u0142a-2-1536x1152.jpg 1536w, https:\/\/www.noworudzianin.pl\/WWW\/wp-content\/uploads\/2020\/02\/Jug\u00f3w-szko\u0142a-2.jpg 1728w\" sizes=\"(max-width: 630px) 100vw, 630px\" \/><\/a><\/p>\n<p>JUG\u00d3W &#8211; KO\u0141O GIMNAZJUM<br \/>\n<a href=\"https:\/\/www.noworudzianin.pl\/WWW\/wp-content\/uploads\/2020\/02\/Jug\u00f3w-gimnazjum.jpg\"><img loading=\"lazy\" decoding=\"async\" src=\"https:\/\/www.noworudzianin.pl\/WWW\/wp-content\/uploads\/2020\/02\/Jug\u00f3w-gimnazjum-630x845.jpg\" alt=\"\" width=\"630\" height=\"845\" class=\"alignnone size-large wp-image-20196\" srcset=\"https:\/\/www.noworudzianin.pl\/WWW\/wp-content\/uploads\/2020\/02\/Jug\u00f3w-gimnazjum-630x845.jpg 630w, https:\/\/www.noworudzianin.pl\/WWW\/wp-content\/uploads\/2020\/02\/Jug\u00f3w-gimnazjum-224x300.jpg 224w, https:\/\/www.noworudzianin.pl\/WWW\/wp-content\/uploads\/2020\/02\/Jug\u00f3w-gimnazjum-768x1030.jpg 768w, https:\/\/www.noworudzianin.pl\/WWW\/wp-content\/uploads\/2020\/02\/Jug\u00f3w-gimnazjum-1145x1536.jpg 1145w, https:\/\/www.noworudzianin.pl\/WWW\/wp-content\/uploads\/2020\/02\/Jug\u00f3w-gimnazjum.jpg 1527w\" sizes=\"(max-width: 630px) 100vw, 630px\" \/><\/a><\/p>\n<p>JUG\u00d3W &#8211; OLIMPIJSKA<br \/>\n<a href=\"https:\/\/www.noworudzianin.pl\/WWW\/wp-content\/uploads\/2020\/02\/Jug\u00f3w-ul.-Olimpijska-1-scaled.jpg\"><img loading=\"lazy\" decoding=\"async\" src=\"https:\/\/www.noworudzianin.pl\/WWW\/wp-content\/uploads\/2020\/02\/Jug\u00f3w-ul.-Olimpijska-1-630x420.jpg\" alt=\"\" width=\"630\" height=\"420\" class=\"alignnone size-large wp-image-20198\" srcset=\"https:\/\/www.noworudzianin.pl\/WWW\/wp-content\/uploads\/2020\/02\/Jug\u00f3w-ul.-Olimpijska-1-630x420.jpg 630w, https:\/\/www.noworudzianin.pl\/WWW\/wp-content\/uploads\/2020\/02\/Jug\u00f3w-ul.-Olimpijska-1-300x200.jpg 300w, https:\/\/www.noworudzianin.pl\/WWW\/wp-content\/uploads\/2020\/02\/Jug\u00f3w-ul.-Olimpijska-1-768x512.jpg 768w, https:\/\/www.noworudzianin.pl\/WWW\/wp-content\/uploads\/2020\/02\/Jug\u00f3w-ul.-Olimpijska-1-1536x1024.jpg 1536w, https:\/\/www.noworudzianin.pl\/WWW\/wp-content\/uploads\/2020\/02\/Jug\u00f3w-ul.-Olimpijska-1-2048x1365.jpg 2048w\" sizes=\"(max-width: 630px) 100vw, 630px\" \/><\/a><\/p>\n<p>JUG\u00d3W &#8211; G\u00d3RNY PRZYSTANEK &#8211; MINI RONDO<br \/>\n<a href=\"https:\/\/www.noworudzianin.pl\/WWW\/wp-content\/uploads\/2020\/02\/Jug\u00f3w-rondo-2-scaled.jpg\"><img loading=\"lazy\" decoding=\"async\" src=\"https:\/\/www.noworudzianin.pl\/WWW\/wp-content\/uploads\/2020\/02\/Jug\u00f3w-rondo-2-630x420.jpg\" alt=\"\" width=\"630\" height=\"420\" class=\"alignnone size-large wp-image-20195\" srcset=\"https:\/\/www.noworudzianin.pl\/WWW\/wp-content\/uploads\/2020\/02\/Jug\u00f3w-rondo-2-630x420.jpg 630w, https:\/\/www.noworudzianin.pl\/WWW\/wp-content\/uploads\/2020\/02\/Jug\u00f3w-rondo-2-300x200.jpg 300w, https:\/\/www.noworudzianin.pl\/WWW\/wp-content\/uploads\/2020\/02\/Jug\u00f3w-rondo-2-768x512.jpg 768w, https:\/\/www.noworudzianin.pl\/WWW\/wp-content\/uploads\/2020\/02\/Jug\u00f3w-rondo-2-1536x1024.jpg 1536w, https:\/\/www.noworudzianin.pl\/WWW\/wp-content\/uploads\/2020\/02\/Jug\u00f3w-rondo-2-2048x1365.jpg 2048w\" sizes=\"(max-width: 630px) 100vw, 630px\" \/><\/a><\/p>\n<p>LUDWIKOWICE K\u0141ODZKIE &#8211; SKRZY\u017bOWANIE Z DROG\u0104 NA SOKOLEC<br \/>\n<a href=\"https:\/\/www.noworudzianin.pl\/WWW\/wp-content\/uploads\/2020\/02\/Ludwikowice-K\u0142.-skrzy\u017cowanie-na-Sokolec-2-scaled.jpg\"><img loading=\"lazy\" decoding=\"async\" src=\"https:\/\/www.noworudzianin.pl\/WWW\/wp-content\/uploads\/2020\/02\/Ludwikowice-K\u0142.-skrzy\u017cowanie-na-Sokolec-2-630x420.jpg\" alt=\"\" width=\"630\" height=\"420\" class=\"alignnone size-large wp-image-20201\" srcset=\"https:\/\/www.noworudzianin.pl\/WWW\/wp-content\/uploads\/2020\/02\/Ludwikowice-K\u0142.-skrzy\u017cowanie-na-Sokolec-2-630x420.jpg 630w, https:\/\/www.noworudzianin.pl\/WWW\/wp-content\/uploads\/2020\/02\/Ludwikowice-K\u0142.-skrzy\u017cowanie-na-Sokolec-2-300x200.jpg 300w, https:\/\/www.noworudzianin.pl\/WWW\/wp-content\/uploads\/2020\/02\/Ludwikowice-K\u0142.-skrzy\u017cowanie-na-Sokolec-2-768x512.jpg 768w, https:\/\/www.noworudzianin.pl\/WWW\/wp-content\/uploads\/2020\/02\/Ludwikowice-K\u0142.-skrzy\u017cowanie-na-Sokolec-2-1536x1024.jpg 1536w, https:\/\/www.noworudzianin.pl\/WWW\/wp-content\/uploads\/2020\/02\/Ludwikowice-K\u0142.-skrzy\u017cowanie-na-Sokolec-2-2048x1365.jpg 2048w\" sizes=\"(max-width: 630px) 100vw, 630px\" \/><\/a><\/p>\n<p>LUDWIKOWICE K\u0141ODZKIE<br \/>\n<a href=\"https:\/\/www.noworudzianin.pl\/WWW\/wp-content\/uploads\/2020\/02\/Ludwikowice-K\u0142odzkie.jpg\"><img loading=\"lazy\" decoding=\"async\" src=\"https:\/\/www.noworudzianin.pl\/WWW\/wp-content\/uploads\/2020\/02\/Ludwikowice-K\u0142odzkie-630x355.jpg\" alt=\"\" width=\"630\" height=\"355\" class=\"alignnone size-large wp-image-20202\" srcset=\"https:\/\/www.noworudzianin.pl\/WWW\/wp-content\/uploads\/2020\/02\/Ludwikowice-K\u0142odzkie-630x355.jpg 630w, https:\/\/www.noworudzianin.pl\/WWW\/wp-content\/uploads\/2020\/02\/Ludwikowice-K\u0142odzkie-300x169.jpg 300w, https:\/\/www.noworudzianin.pl\/WWW\/wp-content\/uploads\/2020\/02\/Ludwikowice-K\u0142odzkie-768x432.jpg 768w, https:\/\/www.noworudzianin.pl\/WWW\/wp-content\/uploads\/2020\/02\/Ludwikowice-K\u0142odzkie.jpg 853w\" sizes=\"(max-width: 630px) 100vw, 630px\" \/><\/a><\/p>\n<p>S\u0141UPIEC<br \/>\n<a href=\"https:\/\/www.noworudzianin.pl\/WWW\/wp-content\/uploads\/2020\/02\/S\u0142upiec-scaled.jpg\"><img loading=\"lazy\" decoding=\"async\" src=\"https:\/\/www.noworudzianin.pl\/WWW\/wp-content\/uploads\/2020\/02\/S\u0142upiec-630x420.jpg\" alt=\"\" width=\"630\" height=\"420\" class=\"alignnone size-large wp-image-20203\" srcset=\"https:\/\/www.noworudzianin.pl\/WWW\/wp-content\/uploads\/2020\/02\/S\u0142upiec-630x420.jpg 630w, https:\/\/www.noworudzianin.pl\/WWW\/wp-content\/uploads\/2020\/02\/S\u0142upiec-300x200.jpg 300w, https:\/\/www.noworudzianin.pl\/WWW\/wp-content\/uploads\/2020\/02\/S\u0142upiec-768x512.jpg 768w, https:\/\/www.noworudzianin.pl\/WWW\/wp-content\/uploads\/2020\/02\/S\u0142upiec-1536x1024.jpg 1536w, https:\/\/www.noworudzianin.pl\/WWW\/wp-content\/uploads\/2020\/02\/S\u0142upiec-2048x1365.jpg 2048w\" sizes=\"(max-width: 630px) 100vw, 630px\" \/><\/a><\/p>\n<p>\u015aWIERKI<br \/>\n<a href=\"https:\/\/www.noworudzianin.pl\/WWW\/wp-content\/uploads\/2020\/02\/\u015awierki-scaled.jpg\"><img loading=\"lazy\" decoding=\"async\" src=\"https:\/\/www.noworudzianin.pl\/WWW\/wp-content\/uploads\/2020\/02\/\u015awierki-630x420.jpg\" alt=\"\" width=\"630\" height=\"420\" class=\"alignnone size-large wp-image-20204\" srcset=\"https:\/\/www.noworudzianin.pl\/WWW\/wp-content\/uploads\/2020\/02\/\u015awierki-630x420.jpg 630w, https:\/\/www.noworudzianin.pl\/WWW\/wp-content\/uploads\/2020\/02\/\u015awierki-300x200.jpg 300w, https:\/\/www.noworudzianin.pl\/WWW\/wp-content\/uploads\/2020\/02\/\u015awierki-768x512.jpg 768w, https:\/\/www.noworudzianin.pl\/WWW\/wp-content\/uploads\/2020\/02\/\u015awierki-1536x1024.jpg 1536w, https:\/\/www.noworudzianin.pl\/WWW\/wp-content\/uploads\/2020\/02\/\u015awierki-2048x1365.jpg 2048w\" sizes=\"(max-width: 630px) 100vw, 630px\" \/><\/a><\/p>\n<p>WOLIB\u00d3RZ<br \/>\n<a href=\"https:\/\/www.noworudzianin.pl\/WWW\/wp-content\/uploads\/2020\/02\/Wolib\u00f3rz-1b-scaled.jpg\"><img loading=\"lazy\" decoding=\"async\" src=\"https:\/\/www.noworudzianin.pl\/WWW\/wp-content\/uploads\/2020\/02\/Wolib\u00f3rz-1b-630x420.jpg\" alt=\"\" width=\"630\" height=\"420\" class=\"alignnone size-large wp-image-20205\" srcset=\"https:\/\/www.noworudzianin.pl\/WWW\/wp-content\/uploads\/2020\/02\/Wolib\u00f3rz-1b-630x420.jpg 630w, https:\/\/www.noworudzianin.pl\/WWW\/wp-content\/uploads\/2020\/02\/Wolib\u00f3rz-1b-300x200.jpg 300w, https:\/\/www.noworudzianin.pl\/WWW\/wp-content\/uploads\/2020\/02\/Wolib\u00f3rz-1b-768x512.jpg 768w, https:\/\/www.noworudzianin.pl\/WWW\/wp-content\/uploads\/2020\/02\/Wolib\u00f3rz-1b-1536x1024.jpg 1536w, https:\/\/www.noworudzianin.pl\/WWW\/wp-content\/uploads\/2020\/02\/Wolib\u00f3rz-1b-2048x1365.jpg 2048w\" sizes=\"(max-width: 630px) 100vw, 630px\" \/><\/a><\/p>\n<p align=\"center\"><span style=\"color: #0000ff;\">Str. 13-15 w numerze 416 tygodnika \u201eNoworudzianin\u201d dost\u0119pnym w<\/span> <a href=\"https:\/\/www.noworudzianin.pl\/WWW\/archiwum\/rok-2019\/\" target=\"_blank\" rel=\"noopener noreferrer\">archiwum<\/a>.<\/p>\n<p><script language=\"JavaScript\">\n<!--\nfunction FP_swapImg() {\/\/v1.0\n var doc=document,args=arguments,elm,n; doc.$imgSwaps=new Array(); for(n=2; n<args.length;\n n+=2) { elm=FP_getObjectByID(args[n]); if(elm) { doc.$imgSwaps[doc.$imgSwaps.length]=elm;\n elm.$src=elm.src; elm.src=args[n+1]; } }\n}\nfunction FP_preloadImgs() {\/\/v1.0\n var d=document,a=arguments; if(!d.FP_imgs) d.FP_imgs=new Array();\n for(var i=0; i<a.length; i++) { d.FP_imgs[i]=new Image; d.FP_imgs[i].src=a[i]; }\n}\nfunction FP_getObjectByID(id,o) {\/\/v1.0\n var c,el,els,f,m,n; if(!o)o=document; if(o.getElementById) el=o.getElementById(id);\n else if(o.layers) c=o.layers; else if(o.all) el=o.all[id]; if(el) return el;\n if(o.id==id || o.name==id) return o; if(o.childNodes) c=o.childNodes; if(c)\n for(n=0; n<c.length; n++) { el=FP_getObjectByID(id,c[n]); if(el) return el; }\n f=o.forms; if(f) for(n=0; n<f.length; n++) { els=f[n].elements;\n for(m=0; m<els.length; m++){ el=FP_getObjectByID(id,els[n]); if(el) return el; } }\n return null;\n}\n\/\/ -->\n<\/script><br \/>\n<body onload=\"FP_preloadImgs(\/*url*\/'http:\/\/www.noworudzianin.pl\/WWW\/images\/button53.jpg', \/*url*\/'http:\/\/www.noworudzianin.pl\/WWW\/images\/button52.jpg')\"><\/p>\n<p align=\"center\">\n\t\t\t<a target=\"_blank\" href=\"http:\/\/www.noworudzianin.pl\/WWW\/images\/416_b.jpg\" rel=\"noopener noreferrer\"><br \/>\n\t\t\t<img loading=\"lazy\" decoding=\"async\" border=\"1\" src=\"http:\/\/www.noworudzianin.pl\/WWW\/images\/416_b_small.jpg\" width=\"221\" height=\"300\"><\/a><br \/>\n\t\t\t<font face=\"Verdana\">Numer 416<br \/>\n\t\t\t<font size=\"2\">21-27 lutego 2020 r. <\/font><\/font><br \/><a title=\"pobierz e-gazet\u0119\" onclick=\"window.open('\/egazeta\/index.php?n=416','Pobierz_egazete', 'menubar=no,toolbar=no,location=no,directories=no,status=no,scrollbars=no,resizable=no,fullscreen=no,channelmode=no,width=400,height=400').focus(); return false()\"><img loading=\"lazy\" decoding=\"async\" border=\"0\" id=\"img62\" src=\"http:\/\/www.noworudzianin.pl\/WWW\/images\/button51.jpg\" height=\"30\" width=\"150\" alt=\"Pobierz tutaj (pdf)\" onmouseover=\"FP_swapImg(1,0,\/*id*\/'img62',\/*url*\/'http:\/\/www.noworudzianin.pl\/WWW\/images\/button52.jpg')\" onmouseout=\"FP_swapImg(0,0,\/*id*\/'img62',\/*url*\/'http:\/\/www.noworudzianin.pl\/WWW\/images\/button51.jpg')\" onmousedown=\"FP_swapImg(1,0,\/*id*\/'img62',\/*url*\/'http:\/\/www.noworudzianin.pl\/WWW\/images\/button53.jpg')\" onmouseup=\"FP_swapImg(0,0,\/*id*\/'img62',\/*url*\/'http:\/\/www.noworudzianin.pl\/WWW\/images\/button52.jpg')\" fp-style=\"fp-btn: Glass Rectangle 1; fp-font-size: 12; fp-orig: 0\" fp-title=\"Pobierz tutaj (pdf)\"><\/a><\/p>\n","protected":false},"excerpt":{"rendered":"<p>Od nowego roku mamy nowe zasady dotycz\u0105ce segregacji \u015bmieci. Przygl\u0105daj\u0105c si\u0119 temu nie spos\u00f3b nie zauwa\u017cy\u0107, \u017ce sporo jest do<\/p>\n","protected":false},"author":4,"featured_media":20191,"comment_status":"open","ping_status":"closed","sticky":false,"template":"","format":"standard","meta":{"om_disable_all_campaigns":false,"_monsterinsights_skip_tracking":false,"_monsterinsights_sitenote_active":false,"_monsterinsights_sitenote_note":"","_monsterinsights_sitenote_category":0,"_uf_show_specific_survey":0,"_uf_disable_surveys":false,"footnotes":""},"categories":[2,29,9,6,118],"tags":[984,20,5,5084,983,982,986],"aioseo_notices":[],"amp_enabled":true,"_links":{"self":[{"href":"https:\/\/www.noworudzianin.pl\/WWW\/wp-json\/wp\/v2\/posts\/20164"}],"collection":[{"href":"https:\/\/www.noworudzianin.pl\/WWW\/wp-json\/wp\/v2\/posts"}],"about":[{"href":"https:\/\/www.noworudzianin.pl\/WWW\/wp-json\/wp\/v2\/types\/post"}],"author":[{"embeddable":true,"href":"https:\/\/www.noworudzianin.pl\/WWW\/wp-json\/wp\/v2\/users\/4"}],"replies":[{"embeddable":true,"href":"https:\/\/www.noworudzianin.pl\/WWW\/wp-json\/wp\/v2\/comments?post=20164"}],"version-history":[{"count":3,"href":"https:\/\/www.noworudzianin.pl\/WWW\/wp-json\/wp\/v2\/posts\/20164\/revisions"}],"predecessor-version":[{"id":20207,"href":"https:\/\/www.noworudzianin.pl\/WWW\/wp-json\/wp\/v2\/posts\/20164\/revisions\/20207"}],"wp:featuredmedia":[{"embeddable":true,"href":"https:\/\/www.noworudzianin.pl\/WWW\/wp-json\/wp\/v2\/media\/20191"}],"wp:attachment":[{"href":"https:\/\/www.noworudzianin.pl\/WWW\/wp-json\/wp\/v2\/media?parent=20164"}],"wp:term":[{"taxonomy":"category","embeddable":true,"href":"https:\/\/www.noworudzianin.pl\/WWW\/wp-json\/wp\/v2\/categories?post=20164"},{"taxonomy":"post_tag","embeddable":true,"href":"https:\/\/www.noworudzianin.pl\/WWW\/wp-json\/wp\/v2\/tags?post=20164"}],"curies":[{"name":"wp","href":"https:\/\/api.w.org\/{rel}","templated":true}]}}