{"id":20384,"date":"2020-03-02T08:13:38","date_gmt":"2020-03-02T07:13:38","guid":{"rendered":"https:\/\/www.noworudzianin.pl\/WWW\/?p=20384"},"modified":"2020-03-02T08:14:34","modified_gmt":"2020-03-02T07:14:34","slug":"w-trosce-o-bezpieczenstwo-w-gorach-sowich","status":"publish","type":"post","link":"https:\/\/www.noworudzianin.pl\/WWW\/2020\/03\/02\/w-trosce-o-bezpieczenstwo-w-gorach-sowich\/","title":{"rendered":"W trosce o bezpiecze\u0144stwo w G\u00f3rach Sowich"},"content":{"rendered":"<p>Policjanci przeprowadzaj\u0105 akcj\u0119 maj\u0105c\u0105 na celu u\u015bwiadomienie kierowcom, \u017ce jazda quadami w lesie jest nielegalna<!--more--><\/p>\n<p>Policjanci wiedz\u0105, jak uci\u0105\u017cliwa dla lokalnej spo\u0142eczno\u015bci jest kwestia os\u00f3b poruszaj\u0105cych si\u0119 na quadach po terenach le\u015bnych. Takie sygna\u0142y docieraj\u0105 do nas za po\u015brednictwem Krajowej Mapy Zagro\u017ce\u0144 Bezpiecze\u0144stwa oraz bezpo\u015brednio od mieszka\u0144c\u00f3w. St\u0105d te\u017c mundurowi przypominaj\u0105, \u017ce las i podobne tereny rekreacyjne nie s\u0105 miejscem dla os\u00f3b, kt\u00f3re niszcz\u0105 \u015brodowisko naturalne, p\u0142osz\u0105 dzikie zwierz\u0119ta i lekcewa\u017c\u0105 obowi\u0105zuj\u0105ce przepisy<\/p>\n<p>W zwi\u0105zku ze zdiagnozowanym zagro\u017ceniem, funkcjonariusze Komisariatu Policji w Nowej Rudzie oraz Komendy Powiatowej Policji w Dzier\u017coniowie wsp\u00f3lnie ze Stra\u017c\u0105 Le\u015bn\u0105 Nadle\u015bnictwa Jug\u00f3w od ubieg\u0142ego weekendu przeprowadzaj\u0105 dzia\u0142ania wzmo\u017cone, celem wyeliminowania negatywnych zachowa\u0144 oraz poprawy bezpiecze\u0144stwa u\u017cytkownik\u00f3w le\u015bnych trakt\u00f3w. <\/p>\n<p>Na terenach le\u015bnych, w szczeg\u00f3lno\u015bci szlakach turystycznych lub na terenie park\u00f3w narodowych wolno je\u017adzi\u0107 tylko drogami publicznymi i po wyznaczonych traktach. Z\u0142amanie zakazu wi\u0105\u017ce si\u0119 z kar\u0105. Jazda po lesie jest zabroniona, a zakaz wynika z wprost z Kodeksu Wykrocze\u0144 art. 161- \u201eKto, nie b\u0119d\u0105c do tego uprawniony albo bez zgody w\u0142a\u015bciciela lub posiadacza lasu, wje\u017cd\u017ca pojazdem silnikowym, zaprz\u0119gowym lub motorowerem do nienale\u017c\u0105cego do niego lasu, w miejscu, w kt\u00f3rym jest to niedozwolone, albo pozostawi taki pojazd w lesie w miejscu do tego nieprzeznaczonym, podlega karze grzywny\u201d. Kieruj\u0105cy pojazdem spalinowym, kt\u00f3ry nie dostosuje si\u0119 do powy\u017cszego zostanie ukarany. Stra\u017c Le\u015bna r\u00f3wnie\u017c ma uprawnienia do nak\u0142adania grzywien w drodze mandatu karnego oraz kierowania wniosk\u00f3w u ukaranie do S\u0105du. W zwi\u0105zku z przepisem art. 161 Kodeksu Wykrocze\u0144 pozostaje art. 29 Ustawy o lasach: \u201eRuch pojazdem silnikowym, zaprz\u0119gowym i motorowerem w lesie dozwolony jest jedynie drogami publicznymi, natomiast drogami le\u015bnymi jest dozwolony tylko wtedy, gdy s\u0105 one oznakowane drogowskazami dopuszczaj\u0105cymi ruch po tych drogach\u201d. <\/p>\n<p>W skr\u00f3cie do powy\u017cszego, prosz\u0119 zapami\u0119ta\u0107 generaln\u0105 zasad\u0119 \u2013 nie wje\u017cd\u017camy do lasu, je\u017celi nie ma znaku dopuszczaj\u0105cego ruch pojazd\u00f3w. Istotna jest r\u00f3wnie\u017c kwestia parkowania i pozostawiania pojazd\u00f3w w lesie. W my\u015bl ustawy mo\u017cna to zrobi\u0107 tylko i w\u0142\u0105cznie w miejscach do tego wyznaczonych \u2013 art. 29 ust. 2 Ustawy o lasach stanowi o tym wprost: \u201ePost\u00f3j pojazd\u00f3w, o kt\u00f3rych mowa w ust. 1 na drogach le\u015bnych.<\/p>\n<p>Przypominam, \u017ce quad to ma\u0142y, ale bardzo mocny pojazd, a niestety ich u\u017cytkownicy cz\u0119sto naruszaj\u0105 przepisy, t\u0142umacz\u0105c si\u0119 ich nieznajomo\u015bci\u0105 \u2013 to nie jest okoliczno\u015b\u0107 \u0142agodz\u0105ca, a osoby naruszaj\u0105c przepisy zagra\u017caj\u0105 tym samym bezpiecze\u0144stwu wszystkich os\u00f3b korzystaj\u0105cych z teren\u00f3w le\u015bnych, narciarskich tras biegowych i szlak\u00f3w turystycznych. <\/p>\n<p>Policjanci zapowiadaj\u0105 kontrole i dzia\u0142ania w tym zakresie. B\u0119d\u0105 one cyklicznie powtarzane aby wyeliminowa\u0107 nieprawid\u0142owe zachowania. <\/p>\n<p>asp. Paulina Koptyra<br \/>\nKomisariat Policji w Nowej Rudzie<\/p>\n","protected":false},"excerpt":{"rendered":"<p>Policjanci przeprowadzaj\u0105 akcj\u0119 maj\u0105c\u0105 na celu u\u015bwiadomienie kierowcom, \u017ce jazda quadami w lesie jest nielegalna<\/p>\n","protected":false},"author":4,"featured_media":20385,"comment_status":"open","ping_status":"closed","sticky":false,"template":"","format":"standard","meta":{"om_disable_all_campaigns":false,"_monsterinsights_skip_tracking":false,"_monsterinsights_sitenote_active":false,"_monsterinsights_sitenote_note":"","_monsterinsights_sitenote_category":0,"_uf_show_specific_survey":0,"_uf_disable_surveys":false,"footnotes":""},"categories":[2,29,6,376],"tags":[20,5,5103,3138,5114],"aioseo_notices":[],"amp_enabled":true,"_links":{"self":[{"href":"https:\/\/www.noworudzianin.pl\/WWW\/wp-json\/wp\/v2\/posts\/20384"}],"collection":[{"href":"https:\/\/www.noworudzianin.pl\/WWW\/wp-json\/wp\/v2\/posts"}],"about":[{"href":"https:\/\/www.noworudzianin.pl\/WWW\/wp-json\/wp\/v2\/types\/post"}],"author":[{"embeddable":true,"href":"https:\/\/www.noworudzianin.pl\/WWW\/wp-json\/wp\/v2\/users\/4"}],"replies":[{"embeddable":true,"href":"https:\/\/www.noworudzianin.pl\/WWW\/wp-json\/wp\/v2\/comments?post=20384"}],"version-history":[{"count":2,"href":"https:\/\/www.noworudzianin.pl\/WWW\/wp-json\/wp\/v2\/posts\/20384\/revisions"}],"predecessor-version":[{"id":20387,"href":"https:\/\/www.noworudzianin.pl\/WWW\/wp-json\/wp\/v2\/posts\/20384\/revisions\/20387"}],"wp:featuredmedia":[{"embeddable":true,"href":"https:\/\/www.noworudzianin.pl\/WWW\/wp-json\/wp\/v2\/media\/20385"}],"wp:attachment":[{"href":"https:\/\/www.noworudzianin.pl\/WWW\/wp-json\/wp\/v2\/media?parent=20384"}],"wp:term":[{"taxonomy":"category","embeddable":true,"href":"https:\/\/www.noworudzianin.pl\/WWW\/wp-json\/wp\/v2\/categories?post=20384"},{"taxonomy":"post_tag","embeddable":true,"href":"https:\/\/www.noworudzianin.pl\/WWW\/wp-json\/wp\/v2\/tags?post=20384"}],"curies":[{"name":"wp","href":"https:\/\/api.w.org\/{rel}","templated":true}]}}