{"id":20591,"date":"2020-03-12T15:10:36","date_gmt":"2020-03-12T14:10:36","guid":{"rendered":"https:\/\/www.noworudzianin.pl\/WWW\/?p=20591"},"modified":"2020-03-12T15:13:04","modified_gmt":"2020-03-12T14:13:04","slug":"koronawirus-w-polsce","status":"publish","type":"post","link":"https:\/\/www.noworudzianin.pl\/WWW\/2020\/03\/12\/koronawirus-w-polsce\/","title":{"rendered":"Koronawirus w Polsce"},"content":{"rendered":"<p>Podczas \u015brodowej (11 marca) konferencji prasowej premier Mateusz Morawiecki poinformowa\u0142, \u017ce w zwi\u0105zku z epidemi\u0105 koronawirusa od poniedzia\u0142ku 16 marca zamkni\u0119te zostan\u0105 wszystkie plac\u00f3wki edukacyjne w ca\u0142ej Polsce na 2 tygodnie.<br \/>\n\u2013 Ju\u017c od czwartku (12 marca) te plac\u00f3wki b\u0119d\u0105 niedost\u0119pne dla procesu edukacyjnego. W czwartek i w pi\u0105tek plac\u00f3wki b\u0119d\u0105 otwarte i w klasach nauczyciele b\u0119d\u0105 pilnowa\u0107 dzieci \u2013 powiedzia\u0142 Mateusz Morawiecki.<br \/>\nTu\u017c po og\u0142oszeniu tej decyzji kolejne szko\u0142y na naszym terenie wysy\u0142a\u0142y odpowiednie informacje za pomoc\u0105 portali spo\u0142eczno\u015bciowych, szkolnych aplikacji itp.<br \/>\nTa decyzja nie wp\u0142ywa, na razie, na terminarz obecnego roku szkolnego. Je\u017celi b\u0119dzie taka potrzeba b\u0119d\u0105 podejmowane dalsze decyzje w tej sprawie.<\/p>\n<p>Warto wiedzie\u0107, \u017ce dla rodzic\u00f3w przewidziany jest zasi\u0142ek opieku\u0144czy na ten czas, kt\u00f3ry nale\u017cy si\u0119 zar\u00f3wno mamie jak i tacie (rodzice decyduj\u0105 kt\u00f3re skorzysta z tej mo\u017cliwo\u015bci \u2013 zasi\u0142ek wp\u0142acany b\u0119dzie tylko jednej osobie).<br \/>\n\u2013 Specustawa ws. koronawirusa wprowadzi\u0142a dodatkowy zasi\u0142ek opieku\u0144czy do 14 dni, ale uwaga \u2013 tylko dla dzieci do lat 8. Potwierdzi\u0142a to w \u015brod\u0119 na konferencji prasowej minister rodziny, pracy i polityki spo\u0142ecznej Marlena Mal\u0105g.<br \/>\nZasi\u0142ek ten wynosi 80% wynagrodzenia i mo\u017cna o niego wyst\u0105pi\u0107 wtedy, gdy nie ma innych cz\u0142onk\u00f3w rodziny, kt\u00f3rzy mog\u0105 dziecku zapewni\u0107 opiek\u0119.<\/p>\n<p><strong>Co zrobi\u0107 aby otrzyma\u0107 zasi\u0142ek?<\/strong><br \/>\n\u2013 Tutaj nie jest wymagane zwolnienie lekarskie. Wymagane jest z\u0142o\u017cenie o\u015bwiadczenia u pracodawcy \u2013 t\u0142umaczy\u0142a w \u015brod\u0119 minister rodziny.<br \/>\nWz\u00f3r o\u015bwiadczenia mo\u017cna pobra\u0107 na stronie ZUSu lub ><a href=\"https:\/\/www.noworudzianin.pl\/WWW\/wp-content\/uploads\/2020\/03\/oswiadczenie.docx\" rel=\"noopener noreferrer\" target=\"_blank\">TUTAJ<\/a><.\n<br \/>\n\u2013 Nauczycielom za ten okres nale\u017cy si\u0119 wynagrodzenie \u2013 poinformowa\u0142 Minister Edukacji.<br \/>\nZa okres trwania kwarantanny lub izolacji przys\u0142uguje wynagrodzenie za czas choroby, zasi\u0142ek chorobowy lub opieku\u0144czy.<br \/>\nMinister apelowa\u0142 r\u00f3wnie\u017c, szczeg\u00f3lnie do maturzyst\u00f3w, \u017ceby nie traktowa\u0107 tych dw\u00f3ch tygodni wolnych od zaj\u0119\u0107 w szkole jako dodatkowe ferie tylko przygotowywa\u0107 si\u0119 samodzielnie do egzamin\u00f3w.<br \/>\n\u2013 To nie s\u0105 ferie, to nie s\u0105 wakacje! Nudy nie zabijamy na mie\u015bcie! Plac\u00f3wki edukacyjne i kulturowe za-mkni\u0119to po to, by m\u0142odzie\u017c siedzia\u0142a w domu i nie roznosi\u0142a wirusa. M\u0142odzi g\u0142\u00f3wnie choruj\u0105 niemal bezobjawowo, ale s\u0105 te\u017c najbardziej mobilni, w zwi\u0105zku z czym stanowi\u0105 najwi\u0119ksze zagro\u017cenie przy zaka\u017caniu innych \u2013 napisa\u0142 na Twitterze Dariusz Piontkowski.<br \/>\n<br \/>\nZaapelowano r\u00f3wnie\u017c do rodzic\u00f3w aby starali si\u0119 nie zostawia\u0107 dzieci pod opiek\u0105 dziadk\u00f3w. Osoby starsze s\u0105 w grupie ryzyka. Dzieci \u0142atwo przenosz\u0105 koronawirusa ale dla nich nie stanowi on takiego zagro\u017cenia jak dla os\u00f3b starszych i schorowanych. Dzieci cz\u0119sto przechodz\u0105 chorob\u0119 wr\u0119cz bezobjawowo lub z niewielkimi objawami, natomiast osoby starsze, zara\u017cone przez dzieci, mog\u0105 mie\u0107 komplikacje, a ich zdrowie, a nawet \u017cycie, mo\u017ce by\u0107 zagro\u017cone.<br \/>\n<br \/>\nJest to sytuacja nadzwyczajna i wymaga zbiorowej odpowiedzialno\u015bci za siebie i innych, g\u0142\u00f3wnie senior\u00f3w. Warto pami\u0119ta\u0107 o osobach starszych, o pomocy im w zakupach i za\u0142atwianiu spraw.<br \/>\n<br \/>\nZamkni\u0119te s\u0105 r\u00f3wnie\u017c centra kultury, muzea, kina.<br \/>\n<br \/>\nWarto te\u017c wiedzie\u0107, \u017ce osoby przewlekle chore nie musz\u0105 udawa\u0107 si\u0119 do lekarza np. celem wypisania recepty na kontynuacj\u0119 leczenia czy uzyskania zwolnienia lekarskiego. Wystarczy zadzwoni\u0107 na infolini\u0119 tel. 800 190 590, a uzyskamy e-recept\u0119 i e-zwolnienie.<\/p>\n<p>Prezydent Andrzej Duda zapowiedzia\u0142, \u017ce w trybie pilnym chce wyj\u015b\u0107 z inicjatyw\u0105 wypracowania rozwi\u0105za\u0144 \u0142agodz\u0105cych skutki sp\u0142aty zobowi\u0105za\u0144 kredytowych. W\u0142osi ju\u017c wprowadzili przepisy, kt\u00f3re umo\u017cliwiaj\u0105 bezkosztowe odroczenie sp\u0142at kredyt\u00f3w hipotecznych.<br \/>\nW\u0142a\u015bciciele firm w Polsce ju\u017c mog\u0105 liczy\u0107 na bezkosztowe odroczenie sk\u0142adek ZUS, podatk\u00f3w PIT, CIT i VAT w zwi\u0105zku z koronawirusem.<br \/>\n<br \/>\nKolejne informacje b\u0119dziemy publikowa\u0107 na <a href=\"http:\/\/www.noworudzianin.pl\" rel=\"noopener noreferrer\" target=\"_blank\">www.noworudzianin.pl<\/a> oraz na naszym profilu na <a href=\"http:\/\/www.facebook.com\/Noworudzianin\" rel=\"noopener noreferrer\" target=\"_blank\">www.facebook.com\/Noworudzianin<\/a><\/p>\n<p><a href=\"https:\/\/www.noworudzianin.pl\/WWW\/wp-content\/uploads\/2020\/03\/jak-my\u0107-r\u0119ce.png\"><img loading=\"lazy\" decoding=\"async\" src=\"https:\/\/www.noworudzianin.pl\/WWW\/wp-content\/uploads\/2020\/03\/jak-my\u0107-r\u0119ce-630x630.png\" alt=\"\" width=\"630\" height=\"630\" class=\"alignnone size-large wp-image-20613\" srcset=\"https:\/\/www.noworudzianin.pl\/WWW\/wp-content\/uploads\/2020\/03\/jak-my\u0107-r\u0119ce-630x630.png 630w, https:\/\/www.noworudzianin.pl\/WWW\/wp-content\/uploads\/2020\/03\/jak-my\u0107-r\u0119ce-300x300.png 300w, https:\/\/www.noworudzianin.pl\/WWW\/wp-content\/uploads\/2020\/03\/jak-my\u0107-r\u0119ce-150x150.png 150w, https:\/\/www.noworudzianin.pl\/WWW\/wp-content\/uploads\/2020\/03\/jak-my\u0107-r\u0119ce-768x768.png 768w, https:\/\/www.noworudzianin.pl\/WWW\/wp-content\/uploads\/2020\/03\/jak-my\u0107-r\u0119ce.png 1200w\" sizes=\"(max-width: 630px) 100vw, 630px\" \/><\/a><\/p>\n<p><a href=\"https:\/\/www.noworudzianin.pl\/WWW\/wp-content\/uploads\/2020\/03\/zwolnienie-lekarskie.png\"><img loading=\"lazy\" decoding=\"async\" src=\"https:\/\/www.noworudzianin.pl\/WWW\/wp-content\/uploads\/2020\/03\/zwolnienie-lekarskie-630x630.png\" alt=\"\" width=\"630\" height=\"630\" class=\"alignnone size-large wp-image-20614\" srcset=\"https:\/\/www.noworudzianin.pl\/WWW\/wp-content\/uploads\/2020\/03\/zwolnienie-lekarskie-630x630.png 630w, https:\/\/www.noworudzianin.pl\/WWW\/wp-content\/uploads\/2020\/03\/zwolnienie-lekarskie-300x300.png 300w, https:\/\/www.noworudzianin.pl\/WWW\/wp-content\/uploads\/2020\/03\/zwolnienie-lekarskie-150x150.png 150w, https:\/\/www.noworudzianin.pl\/WWW\/wp-content\/uploads\/2020\/03\/zwolnienie-lekarskie-768x768.png 768w, https:\/\/www.noworudzianin.pl\/WWW\/wp-content\/uploads\/2020\/03\/zwolnienie-lekarskie-1536x1536.png 1536w, https:\/\/www.noworudzianin.pl\/WWW\/wp-content\/uploads\/2020\/03\/zwolnienie-lekarskie.png 1600w\" sizes=\"(max-width: 630px) 100vw, 630px\" \/><\/a><\/p>\n<p align=\"center\"><span style=\"color: #0000ff;\">Str. 15 w numerze 419 tygodnika \u201eNoworudzianin\u201d dost\u0119pnym w<\/span> <a href=\"https:\/\/www.noworudzianin.pl\/WWW\/archiwum\/rok-2019\/\" target=\"_blank\" rel=\"noopener noreferrer\">archiwum<\/a>.<\/p>\n<p><script language=\"JavaScript\">\n<!--\nfunction FP_swapImg() {\/\/v1.0\n var doc=document,args=arguments,elm,n; doc.$imgSwaps=new Array(); for(n=2; n<args.length;\n n+=2) { elm=FP_getObjectByID(args[n]); if(elm) { doc.$imgSwaps[doc.$imgSwaps.length]=elm;\n elm.$src=elm.src; elm.src=args[n+1]; } }\n}\nfunction FP_preloadImgs() {\/\/v1.0\n var d=document,a=arguments; if(!d.FP_imgs) d.FP_imgs=new Array();\n for(var i=0; i<a.length; i++) { d.FP_imgs[i]=new Image; d.FP_imgs[i].src=a[i]; }\n}\nfunction FP_getObjectByID(id,o) {\/\/v1.0\n var c,el,els,f,m,n; if(!o)o=document; if(o.getElementById) el=o.getElementById(id);\n else if(o.layers) c=o.layers; else if(o.all) el=o.all[id]; if(el) return el;\n if(o.id==id || o.name==id) return o; if(o.childNodes) c=o.childNodes; if(c)\n for(n=0; n<c.length; n++) { el=FP_getObjectByID(id,c[n]); if(el) return el; }\n f=o.forms; if(f) for(n=0; n<f.length; n++) { els=f[n].elements;\n for(m=0; m<els.length; m++){ el=FP_getObjectByID(id,els[n]); if(el) return el; } }\n return null;\n}\n\/\/ -->\n<\/script><br \/>\n<body onload=\"FP_preloadImgs(\/*url*\/'http:\/\/www.noworudzianin.pl\/WWW\/images\/button53.jpg', \/*url*\/'http:\/\/www.noworudzianin.pl\/WWW\/images\/button52.jpg')\"><\/p>\n<p align=\"center\">\n\t\t\t<a target=\"_blank\" href=\"http:\/\/www.noworudzianin.pl\/WWW\/images\/419_b.jpg\" rel=\"noopener noreferrer\"><br \/>\n\t\t\t<img loading=\"lazy\" decoding=\"async\" border=\"1\" src=\"http:\/\/www.noworudzianin.pl\/WWW\/images\/419_b_small.jpg\" width=\"221\" height=\"300\"><\/a><br \/>\n\t\t\t<font face=\"Verdana\">Numer 419<br \/>\n\t\t\t<font size=\"2\">13-19 marca 2020 r. <\/font><\/font><br \/><a title=\"pobierz e-gazet\u0119\" onclick=\"window.open('\/egazeta\/index.php?n=419','Pobierz_egazete', 'menubar=no,toolbar=no,location=no,directories=no,status=no,scrollbars=no,resizable=no,fullscreen=no,channelmode=no,width=400,height=400').focus(); return false()\"><img loading=\"lazy\" decoding=\"async\" border=\"0\" id=\"img62\" src=\"http:\/\/www.noworudzianin.pl\/WWW\/images\/button51.jpg\" height=\"30\" width=\"150\" alt=\"Pobierz tutaj (pdf)\" onmouseover=\"FP_swapImg(1,0,\/*id*\/'img62',\/*url*\/'http:\/\/www.noworudzianin.pl\/WWW\/images\/button52.jpg')\" onmouseout=\"FP_swapImg(0,0,\/*id*\/'img62',\/*url*\/'http:\/\/www.noworudzianin.pl\/WWW\/images\/button51.jpg')\" onmousedown=\"FP_swapImg(1,0,\/*id*\/'img62',\/*url*\/'http:\/\/www.noworudzianin.pl\/WWW\/images\/button53.jpg')\" onmouseup=\"FP_swapImg(0,0,\/*id*\/'img62',\/*url*\/'http:\/\/www.noworudzianin.pl\/WWW\/images\/button52.jpg')\" fp-style=\"fp-btn: Glass Rectangle 1; fp-font-size: 12; fp-orig: 0\" fp-title=\"Pobierz tutaj (pdf)\"><\/a><\/p>\n","protected":false},"excerpt":{"rendered":"<p>Podczas \u015brodowej (11 marca) konferencji prasowej premier Mateusz Morawiecki poinformowa\u0142, \u017ce w zwi\u0105zku z epidemi\u0105 koronawirusa od poniedzia\u0142ku 16 marca<\/p>\n","protected":false},"author":4,"featured_media":20616,"comment_status":"open","ping_status":"closed","sticky":false,"template":"","format":"standard","meta":{"om_disable_all_campaigns":false,"_monsterinsights_skip_tracking":false,"_monsterinsights_sitenote_active":false,"_monsterinsights_sitenote_note":"","_monsterinsights_sitenote_category":0,"_uf_show_specific_survey":0,"_uf_disable_surveys":false,"footnotes":""},"categories":[2,29,9,6,128,281],"tags":[5178,5135,5176,5177,4437,20,5,5173],"aioseo_notices":[],"amp_enabled":true,"_links":{"self":[{"href":"https:\/\/www.noworudzianin.pl\/WWW\/wp-json\/wp\/v2\/posts\/20591"}],"collection":[{"href":"https:\/\/www.noworudzianin.pl\/WWW\/wp-json\/wp\/v2\/posts"}],"about":[{"href":"https:\/\/www.noworudzianin.pl\/WWW\/wp-json\/wp\/v2\/types\/post"}],"author":[{"embeddable":true,"href":"https:\/\/www.noworudzianin.pl\/WWW\/wp-json\/wp\/v2\/users\/4"}],"replies":[{"embeddable":true,"href":"https:\/\/www.noworudzianin.pl\/WWW\/wp-json\/wp\/v2\/comments?post=20591"}],"version-history":[{"count":3,"href":"https:\/\/www.noworudzianin.pl\/WWW\/wp-json\/wp\/v2\/posts\/20591\/revisions"}],"predecessor-version":[{"id":20619,"href":"https:\/\/www.noworudzianin.pl\/WWW\/wp-json\/wp\/v2\/posts\/20591\/revisions\/20619"}],"wp:featuredmedia":[{"embeddable":true,"href":"https:\/\/www.noworudzianin.pl\/WWW\/wp-json\/wp\/v2\/media\/20616"}],"wp:attachment":[{"href":"https:\/\/www.noworudzianin.pl\/WWW\/wp-json\/wp\/v2\/media?parent=20591"}],"wp:term":[{"taxonomy":"category","embeddable":true,"href":"https:\/\/www.noworudzianin.pl\/WWW\/wp-json\/wp\/v2\/categories?post=20591"},{"taxonomy":"post_tag","embeddable":true,"href":"https:\/\/www.noworudzianin.pl\/WWW\/wp-json\/wp\/v2\/tags?post=20591"}],"curies":[{"name":"wp","href":"https:\/\/api.w.org\/{rel}","templated":true}]}}