{"id":20828,"date":"2020-03-23T09:17:18","date_gmt":"2020-03-23T08:17:18","guid":{"rendered":"https:\/\/www.noworudzianin.pl\/WWW\/?p=20828"},"modified":"2020-03-23T09:17:18","modified_gmt":"2020-03-23T08:17:18","slug":"zyd-potega-jest-i-basta-cz-2","status":"publish","type":"post","link":"https:\/\/www.noworudzianin.pl\/WWW\/2020\/03\/23\/zyd-potega-jest-i-basta-cz-2\/","title":{"rendered":"\u017byd pot\u0119g\u0105 jest i basta cz. 2"},"content":{"rendered":"<p>Sygnatariusze wspomnianej Deklaracji Terezi\u0144skiej ju\u017c o niej zd\u0105\u017cyli zapomnie\u0107, bo przecie\u017c to nie jest umowa mi\u0119dzynarodowa, nie ma mocy prawnej i nikt nie sprawdza\u0142 jak jest realizowana. Ameryka\u0144scy prawnicy (w 40 procentach \u017cydowskiego pochodzenia) rzecz ca\u0142\u0105 wyja\u015bni\u0105. Deklaracja jest pewn\u0105 norm\u0105 z kt\u00f3r\u0105 wszyscy sygnatariusze si\u0119 zgodzili, a dotyczy sprawy szczeg\u00f3lnej. Tu nie chodzi o jakie\u015b mienie, a o mienie po\u017cydowskie, zagrabione przez sprawc\u00f3w Holokaustu i ich pomocnik\u00f3w. Wskazaniu pomocnik\u00f3w s\u0142u\u017cy ca\u0142a nagonka na Polsk\u0119 i Polak\u00f3w, a temu s\u0142u\u017c\u0105 \u201epolskie obozy zag\u0142ady\u201d, wyja\u015bnienia dlaczego nazi\u015bci (ju\u017c nie Niemcy, a nazi\u015bci) zak\u0142adali obozy na ziemiach polskich, albo wr\u0119cz w Polsce, bo kto tam na \u015bwiecie wie, \u017ce Polska by\u0142a pod niemieck\u0105 okupacj\u0105 i by\u0142a pierwsz\u0105 ofiar\u0105 Hitlera. Trzeba Polsce przyprawi\u0107 g\u0119b\u0119 sprawcy zast\u0119pczego, co dominuj\u0105ce na \u015bwiecie media \u017cydowskie robi\u0105 znakomicie, wi\u0119c poczucie sprawiedliwo\u015bci nakazuje od sprawcy \u017c\u0105da\u0107 zado\u015b\u0107uczynienia. \u017bydowsk\u0105 propagand\u0119, kt\u00f3ra z Holokaustu uczyni\u0142a religi\u0119 zak\u0142\u00f3cili nieco \u017cydowscy naukowcy w latach sze\u015b\u0107dziesi\u0105tych ubieg\u0142ego wieku, a mianowicie Raul Hilberg, a za nim Hannah Arendt, kt\u00f3ra napisa\u0142a \u201e\u2026rola, jak\u0105 przyw\u00f3dcy \u017cydowscy odegrali w unicestwieniu w\u0142asnego narodu, stanowi niew\u0105tpliwie najczarniejszy rozdzia\u0142 ca\u0142ej tej ponurej historii\u2026funkcjonariusze \u017cydowscy zagwarantuj\u0105 uzyskanie od deportowanych pieni\u0119dzy na pokrycie koszt\u00f3w ich deportacji i eksterminacji\u2026zapewni\u0105 pomoc w\u0142asnej policji w chwytaniu i \u0142adowaniu \u017byd\u00f3w do poci\u0105g\u00f3w.\u201d (Eichman w Jerozolimie &#8211; str. 153). Takie publikacje odrobink\u0119 szkodz\u0105 dogmatowi Holokaustu. Sprawa mienia ofiar Holokaustu nabra\u0142a przy\u015bpieszenia gdy Kongres Stan\u00f3w Zjednoczonych przyj\u0105\u0142 ustaw\u0119 znan\u0105 jako \u201eustawa 447\u201d zobowi\u0105zuj\u0105c\u0105 Departament Stanu do monitorowania realizacji postanowie\u0144 deklaracji terezi\u0144skiej. Zacz\u0105\u0142 si\u0119 ruch w interesie. Wprawdzie ta niewinnie brzmi\u0105ca ameryka\u0144ska ustawa nie obowi\u0105zuje w Polsce, o czym przekonuj\u0105 rz\u0105dz\u0105cy jak i prawnicy, wi\u0119c o co tyle szumu. Pono\u0107 pojawi\u0142a si\u0119 propozycja przyj\u0119cia przez polski sejm ustawy stwierdzaj\u0105cej, \u017ce nikomu p\u0142aci\u0107 nie b\u0119dziemy. Przys\u0142owie m\u00f3wi, \u017ce odwa\u017cny \u017byd\u2026, nawet tak gro\u017anej ustawy si\u0119 nie wystraszy. Przypomnijmy dzieje nowelizacji ustawy o IPN z 2018 roku, wprowadzaj\u0105c\u0105 kar\u0119 pozbawienia wolno\u015bci wszystkim, kt\u00f3rzy b\u0119d\u0105 oskar\u017ca\u0107 Polak\u00f3w o wsp\u00f3\u0142udzia\u0142 w Holokau\u015bcie, a dotyczy\u0107 mia\u0142a nawet cudzoziemc\u00f3w. Przyj\u0119ta w styczniu i jeszcze nie wysech\u0142 atrament prezydenckiego podpisu, a ju\u017c w czerwcu, w trybie b\u0142yskawicznym, trzeba by\u0142o j\u0105 zmieni\u0107. Domy\u015blam si\u0119 \u017ce polski premier otrzyma\u0142 SMS z Jerozolimy, bo list kongresmen\u00f3w wys\u0142any do polskiego prezydenta jeszcze przed popisaniem ustawy nie poskutkowa\u0142. Z ameryka\u0144sk\u0105 ustaw\u0105 447 jest co\u015b na rzeczy, przecie\u017c  kapita\u0142\u00f3w z u\u015bpionych kont w szwajcarskich bankach, ani odszkodowa\u0144 od niemieckich firm \u017bydzi nie odzyskali drog\u0105 prawa. Znale\u017ali skuteczn\u0105 metod\u0119 na czerpanie korzy\u015bci z Holokaustu. \u201ePrzedsi\u0119biorstwo Holokaust\u201d, o kt\u00f3rym pisa\u0142 Norman Finkelstein prosperuje znakomicie, a dopiero jest na rozruchu. Pisz\u0105c te gaw\u0119dy dochodz\u0119 do pewnych konkluzji i nawet si\u0119 z nimi zgadzam. Po pierwsze: \u017bydzi ju\u017c nie musz\u0105 szuka\u0107 kopal\u0144 kr\u00f3la Salomona, bo maj\u0105 znakomite \u201eprzedsi\u0119biorstwo\u201d, a je\u017celi kto\u015b te kopalnie znajdzie, to wtedy przedstawi\u0105 mu tytu\u0142y w\u0142asno\u015bci napisane po hebrajsku, z kr\u00f3lewskimi piecz\u0119ciami, a ameryka\u0144scy prawnicy, swoimi ameryka\u0144skimi sposobami, za\u0142atwi\u0105 reszt\u0119 spraw spadkowych. Po drugie: nasi rz\u0105dz\u0105cy, gro\u017anie strosz\u0105c pi\u00f3rka, ju\u017c prowadz\u0105 tajne rozmowy w Izraelu i w USA, a co naj\u015bmieszniejsze, wynajmuj\u0105 \u017cydowskich lobbyst\u00f3w &#8211; pewnie na koszt Fundacji Narodowej. Po trzecie: moja c\u00f3rka po zapoznaniu si\u0119 z tematem orzek\u0142a &#8211; musz\u0119 zacz\u0105\u0107 potr\u0105ca\u0107 swoim dzieciom z kieszonkowego, bo inaczej si\u0119 nie wyp\u0142ac\u0105  naszym starszym braciom w wierze. Takie gorzkie konkluzje na walentynkowy wiecz\u00f3r. Ju\u017c mia\u0142em stawia\u0107 kropk\u0119, a tu nag\u0142a my\u015bl \u2013 przecie\u017c nie wiesz ch\u0142opie kto przed wojn\u0105 by\u0142 w\u0142a\u015bcicielem cha\u0142upy na Wiejskiej 19. Jak jeszcze raz przeczytasz tytu\u0142 tej gaw\u0119dy to nie b\u0119dziesz zdziwiony gdy w drzwiach stanie elegancki go\u015b\u0107 z tytu\u0142em w\u0142asno\u015bci i to napisanym w j\u0119zyku zupe\u0142nie niezrozumia\u0142ym. Stanis\u0142aw \u0141ukasik.<br \/>\n<a href=\"http:\/\/www.noworudzianin.pl\/WWW\/wp-content\/uploads\/2017\/02\/Stanis\u0142aw-\u0141ukasik-150x150.jpg\"><img loading=\"lazy\" decoding=\"async\" class=\"alignnone wp-image-2392 size-thumbnail\" src=\"http:\/\/www.noworudzianin.pl\/WWW\/wp-content\/uploads\/2017\/02\/Stanis\u0142aw-\u0141ukasik-150x150.jpg\" width=\"150\" height=\"150\" \/><\/a><\/p>\n<p>POZOSTA\u0141E FELIETONY STANIS\u0141AWA \u0141UKASIKA ><a href=\"https:\/\/www.noworudzianin.pl\/WWW\/felieton\/stanislaw-lukasik\/\" rel=\"noopener noreferrer\" target=\"_blank\">TUTAJ<\/a><\n\n<\/p>\n","protected":false},"excerpt":{"rendered":"<p>Sygnatariusze wspomnianej Deklaracji Terezi\u0144skiej ju\u017c o niej zd\u0105\u017cyli zapomnie\u0107, bo przecie\u017c to nie jest umowa mi\u0119dzynarodowa, nie ma mocy prawnej<\/p>\n","protected":false},"author":4,"featured_media":20830,"comment_status":"open","ping_status":"closed","sticky":false,"template":"","format":"standard","meta":{"om_disable_all_campaigns":false,"_monsterinsights_skip_tracking":false,"_monsterinsights_sitenote_active":false,"_monsterinsights_sitenote_note":"","_monsterinsights_sitenote_category":0,"_uf_show_specific_survey":0,"_uf_disable_surveys":false,"footnotes":""},"categories":[2,1794,29,9,84,6],"tags":[20,5,5173,1200,5166],"aioseo_notices":[],"amp_enabled":true,"_links":{"self":[{"href":"https:\/\/www.noworudzianin.pl\/WWW\/wp-json\/wp\/v2\/posts\/20828"}],"collection":[{"href":"https:\/\/www.noworudzianin.pl\/WWW\/wp-json\/wp\/v2\/posts"}],"about":[{"href":"https:\/\/www.noworudzianin.pl\/WWW\/wp-json\/wp\/v2\/types\/post"}],"author":[{"embeddable":true,"href":"https:\/\/www.noworudzianin.pl\/WWW\/wp-json\/wp\/v2\/users\/4"}],"replies":[{"embeddable":true,"href":"https:\/\/www.noworudzianin.pl\/WWW\/wp-json\/wp\/v2\/comments?post=20828"}],"version-history":[{"count":2,"href":"https:\/\/www.noworudzianin.pl\/WWW\/wp-json\/wp\/v2\/posts\/20828\/revisions"}],"predecessor-version":[{"id":20834,"href":"https:\/\/www.noworudzianin.pl\/WWW\/wp-json\/wp\/v2\/posts\/20828\/revisions\/20834"}],"wp:featuredmedia":[{"embeddable":true,"href":"https:\/\/www.noworudzianin.pl\/WWW\/wp-json\/wp\/v2\/media\/20830"}],"wp:attachment":[{"href":"https:\/\/www.noworudzianin.pl\/WWW\/wp-json\/wp\/v2\/media?parent=20828"}],"wp:term":[{"taxonomy":"category","embeddable":true,"href":"https:\/\/www.noworudzianin.pl\/WWW\/wp-json\/wp\/v2\/categories?post=20828"},{"taxonomy":"post_tag","embeddable":true,"href":"https:\/\/www.noworudzianin.pl\/WWW\/wp-json\/wp\/v2\/tags?post=20828"}],"curies":[{"name":"wp","href":"https:\/\/api.w.org\/{rel}","templated":true}]}}