{"id":20893,"date":"2020-03-26T18:56:54","date_gmt":"2020-03-26T17:56:54","guid":{"rendered":"https:\/\/www.noworudzianin.pl\/WWW\/?p=20893"},"modified":"2020-03-26T18:56:54","modified_gmt":"2020-03-26T17:56:54","slug":"wojt-mierzejewska-na-kwarantannie","status":"publish","type":"post","link":"https:\/\/www.noworudzianin.pl\/WWW\/2020\/03\/26\/wojt-mierzejewska-na-kwarantannie\/","title":{"rendered":"W\u00f3jt Mierzejewska na kwarantannie"},"content":{"rendered":"<p>Adrianna Mierzejewska, w\u00f3jt gminy Nowa Ruda, przebywa na kwarantannie. Wykorzystuj\u0105c portal spo\u0142eczno\u015bciowy w sobot\u0119 21 marca zwr\u00f3ci\u0142a si\u0119 do mieszka\u0144c\u00f3w gminy<\/p>\n<p>Moi drodzy,<br \/>\nprzesy\u0142am Wam serdecznie pozdrowienia i u\u015bciski z kwarantanny domowej, kt\u00f3ra w moim przypadku potrwa do 30 marca.<br \/>\nNikt z nas nie spodziewa\u0142 si\u0119 takiego obrotu spraw i takiego przy\u015bpieszenia rozprzestrzeniania si\u0119 wirusa SARS-CoV-2.<\/p>\n<p><strong>DEMENTUJ\u0104C LOKALNE PLOTKI, POM\u00d3WIENIA i K\u0141AMSTWA:<\/strong><br \/>\nKo\u0144cem lutego uda\u0142am si\u0119 na 2-tygodniowy zaplanowany, nale\u017cny urlop pracowniczy.<br \/>\nSp\u0119dzi\u0142am go na wyspie Fuerteventurze na zaproszenie bliskich znajomych mieszkaj\u0105cych tam od lat.<br \/>\nNie zanotowano tam w tym czasie zachorowa\u0144. Na dzie\u0144 dzisiejszy natomiast, tylko 12 przypadk\u00f3w zaka\u017cenia na ca\u0142ej wyspie, z tego jedna osoba zosta\u0142a wyleczona.<br \/>\nOd dnia 15 marca ka\u017cdy powracaj\u0105cy z zagranicy, zgodnie z Rozporz\u0105dzeniem Ministra Zdrowia z dnia 7 marca 2020 r. w sprawie wykazu chor\u00f3b powoduj\u0105cych powstanie obowi\u0105zku kwarantanny lub nadzoru epidemicznego \u2013 JEST ZOBOWI\u0104ZANY \u2013 podda\u0107 si\u0119 14-dniowej kwarantannie domowej. Bez wzgl\u0119du na to czy mia\u0142 kontakt z chorym, czy nie. Nale\u017cy te\u017c zg\u0142osi\u0107 si\u0119 do SANEPID-u.<br \/>\nRobimy to dla bezpiecze\u0144stwa nas i naszych bliskich oraz ca\u0142ego spo\u0142ecze\u0144stwa!<br \/>\nOsobi\u015bcie uwa\u017cam, \u017ce nale\u017ca\u0142oby wykonywa\u0107 nam testy, bo wy\u0142\u0105czaj\u0105c wszystkich na tak d\u0142ugi czas z aktywno\u015bci zawodowej spowodujemy upadek ma\u0142ych przedsi\u0119biorstw i og\u00f3lnie gospodarki.<br \/>\nJestem zdrowa i mam nadziej\u0119, \u017ce tak pozostanie.<br \/>\nNie mia\u0142am kontaktu z osob\u0105 zaka\u017con\u0105. Czuj\u0119 si\u0119 bardzo dobrze i si\u0119 nie nudz\u0119, poniewa\u017c od pierwszego dnia pracuj\u0119 zdalnie.<br \/>\nJestem w sta\u0142ym kontakcie telefonicznym i mailowym z wszystkimi pracownikami urz\u0119du i jednostek podleg\u0142ych.<br \/>\nJestem do Waszej dyspozycji moi kochani pod nr telefonu s\u0142u\u017cbowego, mailem i Messengerem.<br \/>\nBardzo prosz\u0119 wszystkich w kwarantannie o bezwzgl\u0119dne przestrzeganie polece\u0144. Nie opuszczajcie swojego obszaru dla bezpiecze\u0144stwa innych oraz w\u0142asnego.<br \/>\nPozostaj\u0105c we w\u0142asnym domu mamy wi\u0119ksz\u0105 szans\u0119 nie zarazi\u0107 si\u0119 od nosicieli wirusa, wi\u0119c s\u0105 te\u017c plusy.<br \/>\nPlusy to te\u017c czas na czytanie, obejrzenie filmu, rozmy\u015blanie czy zadbanie o siebie. Mo\u017cna pole\u017ce\u0107 na balkonie lub tarasie z dobr\u0105 ksi\u0105\u017ck\u0105 i telefonicznie lub przez internetowe komunikatory popyta\u0107 znajomych o ich zdrowe.<br \/>\nNa dzie\u0144 dzisiejszy w naszej gminie w kwarantannie s\u0105 52 osoby, u kt\u00f3rych nie wyst\u0105pi\u0142y objawy zaka\u017cenia, nie ma os\u00f3b zaka\u017conych.<br \/>\nBardzo prosz\u0119 wszystkich mieszka\u0144c\u00f3w o ograniczenie wyj\u015bcia z domu poza niezb\u0119dnymi sytuacjami!<br \/>\nB\u0105d\u017amy odpowiedzialni.<br \/>\n\u017bycz\u0119 Wam zdrowia, u\u015bmiechu i pozytywnego my\u015blenia, bo stres niszczy i os\u0142abia organizm.<br \/>\nWierz\u0119, \u017ce jeste\u015bcie m\u0105drzy i odpowiedzialni.<br \/>\nWierz\u0119, \u017ce b\u0119dzie dobrze, a my staniemy si\u0119 lepszymi lud\u017ami.<\/p>\n<p>PS. Dzi\u0119kuj\u0119 funkcjonariuszom policji za codzienne odwiedziny. Machamy do siebie przez okna.<\/p>\n<p><a href=\"https:\/\/www.noworudzianin.pl\/WWW\/wp-content\/uploads\/2020\/03\/W\u00f3jt-Mierzejewska-na-kwarantannie.jpg\"><img loading=\"lazy\" decoding=\"async\" src=\"https:\/\/www.noworudzianin.pl\/WWW\/wp-content\/uploads\/2020\/03\/W\u00f3jt-Mierzejewska-na-kwarantannie-525x1024.jpg\" alt=\"\" width=\"525\" height=\"1024\" class=\"alignnone size-large wp-image-20900\" srcset=\"https:\/\/www.noworudzianin.pl\/WWW\/wp-content\/uploads\/2020\/03\/W\u00f3jt-Mierzejewska-na-kwarantannie-525x1024.jpg 525w, https:\/\/www.noworudzianin.pl\/WWW\/wp-content\/uploads\/2020\/03\/W\u00f3jt-Mierzejewska-na-kwarantannie-154x300.jpg 154w, https:\/\/www.noworudzianin.pl\/WWW\/wp-content\/uploads\/2020\/03\/W\u00f3jt-Mierzejewska-na-kwarantannie-768x1497.jpg 768w, https:\/\/www.noworudzianin.pl\/WWW\/wp-content\/uploads\/2020\/03\/W\u00f3jt-Mierzejewska-na-kwarantannie-788x1536.jpg 788w, https:\/\/www.noworudzianin.pl\/WWW\/wp-content\/uploads\/2020\/03\/W\u00f3jt-Mierzejewska-na-kwarantannie.jpg 1034w\" sizes=\"(max-width: 525px) 100vw, 525px\" \/><\/a><\/p>\n<p align=\"center\"><span style=\"color: #0000ff;\">Str. 5 w numerze 421 tygodnika \u201eNoworudzianin\u201d dost\u0119pnym w<\/span> <a href=\"https:\/\/www.noworudzianin.pl\/WWW\/archiwum\/rok-2019\/\" target=\"_blank\" rel=\"noopener noreferrer\">archiwum<\/a>.<\/p>\n<p><script language=\"JavaScript\">\n<!--\nfunction FP_swapImg() {\/\/v1.0\n var doc=document,args=arguments,elm,n; doc.$imgSwaps=new Array(); for(n=2; n<args.length;\n n+=2) { elm=FP_getObjectByID(args[n]); if(elm) { doc.$imgSwaps[doc.$imgSwaps.length]=elm;\n elm.$src=elm.src; elm.src=args[n+1]; } }\n}\nfunction FP_preloadImgs() {\/\/v1.0\n var d=document,a=arguments; if(!d.FP_imgs) d.FP_imgs=new Array();\n for(var i=0; i<a.length; i++) { d.FP_imgs[i]=new Image; d.FP_imgs[i].src=a[i]; }\n}\nfunction FP_getObjectByID(id,o) {\/\/v1.0\n var c,el,els,f,m,n; if(!o)o=document; if(o.getElementById) el=o.getElementById(id);\n else if(o.layers) c=o.layers; else if(o.all) el=o.all[id]; if(el) return el;\n if(o.id==id || o.name==id) return o; if(o.childNodes) c=o.childNodes; if(c)\n for(n=0; n<c.length; n++) { el=FP_getObjectByID(id,c[n]); if(el) return el; }\n f=o.forms; if(f) for(n=0; n<f.length; n++) { els=f[n].elements;\n for(m=0; m<els.length; m++){ el=FP_getObjectByID(id,els[n]); if(el) return el; } }\n return null;\n}\n\/\/ -->\n<\/script><\/p>\n<p align=\"center\">\n\t\t\t<a target=\"_blank\" href=\"http:\/\/www.noworudzianin.pl\/WWW\/images\/421_b.jpg\" rel=\"noopener noreferrer\"><br \/>\n\t\t\t<img loading=\"lazy\" decoding=\"async\" border=\"1\" src=\"http:\/\/www.noworudzianin.pl\/WWW\/images\/421_b_small.jpg\" width=\"221\" height=\"300\"><\/a><br \/>\n\t\t\t<font face=\"Verdana\">Numer 421<br \/>\n\t\t\t<font size=\"2\">27 marca &#8211; 2 kwietnia 2020 r. <\/font><\/font><br \/><center><br \/>\n<body onload=\"FP_preloadImgs(\/*url*\/'https:\/\/www.noworudzianin.pl\/WWW\/images\/button3.gif', \/*url*\/'https:\/\/www.noworudzianin.pl\/WWW\/images\/button4.gif')\"><\/p>\n<p><a target=\"_blank\" href=\"https:\/\/www.noworudzianin.pl\/WWW\/wp-content\/uploads\/2020\/03\/Noworudzianin-Nr-421.pdf\" rel=\"noopener noreferrer\"><br \/>\n<img loading=\"lazy\" decoding=\"async\" border=\"0\" id=\"img1\" src=\"https:\/\/www.noworudzianin.pl\/WWW\/images\/button2a.gif\" height=\"50\" width=\"250\" alt=\"POBIERZ ZA DARMO TUTAJ\" fp-style=\"fp-btn: Metal Capsule 2; fp-font-size: 14; fp-transparent: 1\" fp-title=\"POBIERZ ZA DARMO TUTAJ\" onmouseover=\"FP_swapImg(1,0,\/*id*\/'img1',\/*url*\/'https:\/\/www.noworudzianin.pl\/WWW\/images\/button3a.gif')\" onmouseout=\"FP_swapImg(0,0,\/*id*\/'img1',\/*url*\/'https:\/\/www.noworudzianin.pl\/WWW\/images\/button2a.gif')\" onmousedown=\"FP_swapImg(1,0,\/*id*\/'img1',\/*url*\/'https:\/\/www.noworudzianin.pl\/WWW\/images\/button4a.gif')\" onmouseup=\"FP_swapImg(0,0,\/*id*\/'img1',\/*url*\/'https:\/\/www.noworudzianin.pl\/WWW\/images\/button3a.gif')\"><\/a><\/p>\n<p>Ze wzgl\u0119du na obostrzenia zwi\u0105zane z pandemi\u0105 koronawirusa<br \/>\npowy\u017cszy numer NIE B\u0118DZIE DOST\u0118PNY w wersji papierowej.<\/center><\/p>\n","protected":false},"excerpt":{"rendered":"<p>Adrianna Mierzejewska, w\u00f3jt gminy Nowa Ruda, przebywa na kwarantannie. Wykorzystuj\u0105c portal spo\u0142eczno\u015bciowy w sobot\u0119 21 marca zwr\u00f3ci\u0142a si\u0119 do mieszka\u0144c\u00f3w<\/p>\n","protected":false},"author":4,"featured_media":20901,"comment_status":"open","ping_status":"closed","sticky":false,"template":"","format":"standard","meta":{"om_disable_all_campaigns":false,"_monsterinsights_skip_tracking":false,"_monsterinsights_sitenote_active":false,"_monsterinsights_sitenote_note":"","_monsterinsights_sitenote_category":0,"_uf_show_specific_survey":0,"_uf_disable_surveys":false,"footnotes":""},"categories":[2,29,281],"tags":[3103,5135,20,5,5234,5243],"aioseo_notices":[],"amp_enabled":true,"_links":{"self":[{"href":"https:\/\/www.noworudzianin.pl\/WWW\/wp-json\/wp\/v2\/posts\/20893"}],"collection":[{"href":"https:\/\/www.noworudzianin.pl\/WWW\/wp-json\/wp\/v2\/posts"}],"about":[{"href":"https:\/\/www.noworudzianin.pl\/WWW\/wp-json\/wp\/v2\/types\/post"}],"author":[{"embeddable":true,"href":"https:\/\/www.noworudzianin.pl\/WWW\/wp-json\/wp\/v2\/users\/4"}],"replies":[{"embeddable":true,"href":"https:\/\/www.noworudzianin.pl\/WWW\/wp-json\/wp\/v2\/comments?post=20893"}],"version-history":[{"count":1,"href":"https:\/\/www.noworudzianin.pl\/WWW\/wp-json\/wp\/v2\/posts\/20893\/revisions"}],"predecessor-version":[{"id":20902,"href":"https:\/\/www.noworudzianin.pl\/WWW\/wp-json\/wp\/v2\/posts\/20893\/revisions\/20902"}],"wp:featuredmedia":[{"embeddable":true,"href":"https:\/\/www.noworudzianin.pl\/WWW\/wp-json\/wp\/v2\/media\/20901"}],"wp:attachment":[{"href":"https:\/\/www.noworudzianin.pl\/WWW\/wp-json\/wp\/v2\/media?parent=20893"}],"wp:term":[{"taxonomy":"category","embeddable":true,"href":"https:\/\/www.noworudzianin.pl\/WWW\/wp-json\/wp\/v2\/categories?post=20893"},{"taxonomy":"post_tag","embeddable":true,"href":"https:\/\/www.noworudzianin.pl\/WWW\/wp-json\/wp\/v2\/tags?post=20893"}],"curies":[{"name":"wp","href":"https:\/\/api.w.org\/{rel}","templated":true}]}}