{"id":20924,"date":"2020-03-31T09:42:40","date_gmt":"2020-03-31T07:42:40","guid":{"rendered":"https:\/\/www.noworudzianin.pl\/WWW\/?p=20924"},"modified":"2020-03-31T09:52:00","modified_gmt":"2020-03-31T07:52:00","slug":"przedluzono-kontrole-na-granicy-o-kolejne-20-dni","status":"publish","type":"post","link":"https:\/\/www.noworudzianin.pl\/WWW\/2020\/03\/31\/przedluzono-kontrole-na-granicy-o-kolejne-20-dni\/","title":{"rendered":"Przed\u0142u\u017cono kontrol\u0119 na granicy o kolejne 20 dni"},"content":{"rendered":"<p>\u2013 Kontrola graniczna na granicy wewn\u0119trznej (z Niemcami, Litw\u0105, Czechami i S\u0142owacj\u0105) b\u0119dzie przed\u0142u\u017cona o kolejne 20 dni<!--more--> \u2013 do 13 kwietnia br. Polska utrzyma r\u00f3wnie\u017c du\u017ce ograniczenia dotycz\u0105ce wjazdu cudzoziemc\u00f3w do naszego kraju \u2013 poinformowa\u0142 minister Mariusz Kami\u0144ski. Tak jak dotychczas granic\u0119 b\u0119dzie mo\u017cna przekroczy\u0107 tylko w wyznaczonych miejscach. Kontrole b\u0119d\u0105 te\u017c nadal prowadzone w portach morskich i na lotniskach.<\/p>\n<p><strong>Kontrole na granicy wewn\u0119trznej<\/strong><br \/>\nRozporz\u0105dzenie ministra spraw wewn\u0119trznych i administracji z 13 marca br. przywr\u00f3ci\u0142o tymczasowo kontrol\u0119 graniczn\u0105 os\u00f3b przekraczaj\u0105cych granic\u0119 pa\u0144stwow\u0105 stanowi\u0105c\u0105 granic\u0119 wewn\u0119trzn\u0105 na okres od 15 marca br. do 24 marca br. Nowelizacja rozporz\u0105dzenia przed\u0142u\u017ca ten czas o kolejne 20 dni \u2013 od 25 marca br. do 13 kwietnia br.<\/p>\n<p>Kwestie zwi\u0105zane z przywracaniem kontroli granicznej na granicach wewn\u0119trznych pa\u0144stw Unii Europejskiej reguluje kodeks graniczny Schengen. Zgodnie z art. 28 pa\u0144stwo cz\u0142onkowskie mo\u017ce wyj\u0105tkowo i w trybie natychmiastowym przywr\u00f3ci\u0107 kontrol\u0119 graniczn\u0105 na granicach wewn\u0119trznych, na ograniczony okres nieprzekraczaj\u0105cy 10 dni. Chodzi o powa\u017cne zagro\u017cenie porz\u0105dku publicznego lub bezpiecze\u0144stwa wewn\u0119trznego, kt\u00f3re wymaga podj\u0119cia natychmiastowego dzia\u0142ania. To rozwi\u0105zanie wprowadzi\u0142o rozporz\u0105dzenie MSWiA z 13 marca br. Je\u015bli taka sytuacja utrzymuje si\u0119 po up\u0142ywie okresu 10 dni, dane pa\u0144stwo cz\u0142onkowskie mo\u017ce zdecydowa\u0107 o przed\u0142u\u017ceniu kontroli granicznej na granicach wewn\u0119trznych. I tak\u0105 zmian\u0119 wprowadza w\u0142a\u015bnie aktualna nowelizacja rozporz\u0105dzenia.<\/p>\n<p>Ponadto w za\u0142\u0105czniku do rozporz\u0105dzenia rozszerzono zakres zasi\u0119gu terytorialnego drogowych przej\u015b\u0107 granicznych w J\u0119drzychowicach i w \u015awiecku. Jest to niezb\u0119dne do zapewnienia w\u0142a\u015bciwej organizacji kontroli granicznej z punktu widzenia bezpiecze\u0144stwa podr\u00f3\u017cnych, a tak\u017ce funkcjonariuszy Stra\u017cy Granicznej i innych s\u0142u\u017cb.<\/p>\n<p>Tak jak dotychczas kontrola graniczna b\u0119dzie prowadzona przez Stra\u017c Granicz\u0105, kt\u00f3rej dzia\u0142ania wspieraj\u0105 policjanci, stra\u017cacy i \u017co\u0142nierze.<\/p>\n<p>Granic\u0119 wewn\u0119trzn\u0105 mo\u017cna przekracza\u0107 w 42 wyznaczonych miejscach na granicy l\u0105dowej: na granicy z Czechami \u2013 18, ze S\u0142owacj\u0105  \u2013 5, z Niemcami \u2013 16, z Litw\u0105 \u2013 3. Kontrola graniczna jest te\u017c prowadzona w 4 portach morskich oraz na 17 lotniskach.<\/p>\n","protected":false},"excerpt":{"rendered":"<p>\u2013 Kontrola graniczna na granicy wewn\u0119trznej (z Niemcami, Litw\u0105, Czechami i S\u0142owacj\u0105) b\u0119dzie przed\u0142u\u017cona o kolejne 20 dni<\/p>\n","protected":false},"author":4,"featured_media":20861,"comment_status":"open","ping_status":"closed","sticky":false,"template":"","format":"standard","meta":{"om_disable_all_campaigns":false,"_monsterinsights_skip_tracking":false,"_monsterinsights_sitenote_active":false,"_monsterinsights_sitenote_note":"","_monsterinsights_sitenote_category":0,"_uf_show_specific_survey":0,"_uf_disable_surveys":false,"footnotes":""},"categories":[2,29,9,6,281],"tags":[5135,5248,20,5,5247,54],"aioseo_notices":[],"amp_enabled":true,"_links":{"self":[{"href":"https:\/\/www.noworudzianin.pl\/WWW\/wp-json\/wp\/v2\/posts\/20924"}],"collection":[{"href":"https:\/\/www.noworudzianin.pl\/WWW\/wp-json\/wp\/v2\/posts"}],"about":[{"href":"https:\/\/www.noworudzianin.pl\/WWW\/wp-json\/wp\/v2\/types\/post"}],"author":[{"embeddable":true,"href":"https:\/\/www.noworudzianin.pl\/WWW\/wp-json\/wp\/v2\/users\/4"}],"replies":[{"embeddable":true,"href":"https:\/\/www.noworudzianin.pl\/WWW\/wp-json\/wp\/v2\/comments?post=20924"}],"version-history":[{"count":2,"href":"https:\/\/www.noworudzianin.pl\/WWW\/wp-json\/wp\/v2\/posts\/20924\/revisions"}],"predecessor-version":[{"id":20926,"href":"https:\/\/www.noworudzianin.pl\/WWW\/wp-json\/wp\/v2\/posts\/20924\/revisions\/20926"}],"wp:featuredmedia":[{"embeddable":true,"href":"https:\/\/www.noworudzianin.pl\/WWW\/wp-json\/wp\/v2\/media\/20861"}],"wp:attachment":[{"href":"https:\/\/www.noworudzianin.pl\/WWW\/wp-json\/wp\/v2\/media?parent=20924"}],"wp:term":[{"taxonomy":"category","embeddable":true,"href":"https:\/\/www.noworudzianin.pl\/WWW\/wp-json\/wp\/v2\/categories?post=20924"},{"taxonomy":"post_tag","embeddable":true,"href":"https:\/\/www.noworudzianin.pl\/WWW\/wp-json\/wp\/v2\/tags?post=20924"}],"curies":[{"name":"wp","href":"https:\/\/api.w.org\/{rel}","templated":true}]}}