{"id":20974,"date":"2020-04-02T17:01:25","date_gmt":"2020-04-02T15:01:25","guid":{"rendered":"https:\/\/www.noworudzianin.pl\/WWW\/?p=20974"},"modified":"2020-04-02T17:07:53","modified_gmt":"2020-04-02T15:07:53","slug":"smieci-palacy-problem-xxi-wieku","status":"publish","type":"post","link":"https:\/\/www.noworudzianin.pl\/WWW\/2020\/04\/02\/smieci-palacy-problem-xxi-wieku\/","title":{"rendered":"\u015amieci \u2013 pal\u0105cy problem XXI wieku"},"content":{"rendered":"<p>Odpowiedzialne i efektywne gospodarowanie odpadami, to jeden z najwi\u0119kszych problem\u00f3w dzisiejszego \u015bwiata<!--more-->. Rosn\u0105ca z roku na rok ilo\u015b\u0107 produkowanych \u015bmieci wymaga od w\u0142adz centralnych i samorz\u0105dowych podejmowania dzia\u0142a\u0144 zmierzaj\u0105cych do tworzenia wydajnych system\u00f3w unieszkodliwiania i odzyskiwania odpad\u00f3w<\/p>\n<p>Wed\u0142ug raportu Banku \u015awiatowego \u201eWhat a Waste 2.0: A Global Snapshot of Solid Waste Management to 2050\u201d, w 2016 r. na \u015bwiecie wyprodukowano 2,01 mld ton odpad\u00f3w sta\u0142ych. Najwi\u0119ksza cz\u0119\u015b\u0107 (23 proc.) by\u0142a \u201edzie\u0142em\u201d regionu Azji Wschodniej i Pacyfiku \u2013 to g\u0142\u00f3wna przyczyna powstania Wielkiej Pacyficznej Plamy \u015amieci o powierzchni trzykrotnie wi\u0119kszej od Francji. Tu\u017c za tym obszarem globu uplasowa\u0142a si\u0119 Europa wraz z Azj\u0105 Centraln\u0105 \u2013 20 proc. Na drugim biegunie znalaz\u0142 si\u0119 z kolei Bliski Wsch\u00f3d i Afryka P\u00f3\u0142nocna, gdzie wytworzono 6 proc. og\u00f3lnej ilo\u015bci \u015bmieci. Jak wskazuje opracowanie, nie bez znaczenia, w kontek\u015bcie produkcji odpad\u00f3w, jest zamo\u017cno\u015b\u0107 spo\u0142ecze\u0144stwa. Najbiedniejsze pa\u0144stwa odpowiada\u0142y w 2016 roku jedynie za 93 mln ton odpad\u00f3w (mniej ni\u017c 5 proc.), a najbogatsze \u2013 za 683 mln ton (ok. 33 proc.).<\/p>\n<p>\u2013 Tego rodzaju statystyki pokazuj\u0105, \u017ce problemy zwi\u0105zane z gigantyczn\u0105 ilo\u015bci\u0105 wytwarzanych \u015bmieci, a co za tym idzie, ich gospodarowaniem, dotycz\u0105 ca\u0142ego \u015bwiata. To nie tylko bowiem sprawa najbogatszych pa\u0144stw, kt\u00f3re ze wzgl\u0119du na wysok\u0105 produkcj\u0119 musz\u0105 unieszkodliwia\u0107 najwi\u0119ksz\u0105 ilo\u015b\u0107 odpad\u00f3w, ale tak\u017ce kraj\u00f3w mniej zamo\u017cnych, borykaj\u0105cych si\u0119 z brakiem odpowiednich \u015brodk\u00f3w na prowadzenie odpowiedzialnej polityki w tym zakresie. Co wi\u0119cej, nierzadko zdarza si\u0119, \u017ce k\u0142opotliwe i kosztowne w przetwarzaniu \u015bmieci z bogatych pa\u0144stw trafiaj\u0105 do tych biedniejszych. W ten spos\u00f3b, mimo stosunkowo niskiej produkcji odpad\u00f3w, s\u0105 one nimi zalewane, staj\u0105c si\u0119 swoistym \u015bmietnikiem pa\u0144stw rozwini\u0119tych \u2013 zauwa\u017ca Dawid Okr\u00f3j, specjalista ds. ochrony \u015brodowiska z Amest Sp. z o.o.<\/p>\n<p><strong>Sytuacja w Polsce<\/strong><br \/>\nZgodnie z danymi G\u0142\u00f3wnego Urz\u0119du Statystycznego, w 2018 r., w Polsce wytworzono 12 485,4 tys. ton odpad\u00f3w komunalnych, czyli 325 kg w przeliczeniu na jednego mieszka\u0144ca. Tymczasem, jeszcze w 2010 r. by\u0142o to tylko 261 kg, co oznacza wzrost o niemal 25 proc. na przestrzeni zaledwie 9 lat. Nale\u017cy jednak przy tym zauwa\u017cy\u0107, \u017ce w tym czasie odsetek odpad\u00f3w komunalnych, zebranych lub odebranych selektywnie, wzr\u00f3s\u0142 z niespe\u0142na 8,5 proc. do niemal 29 proc.<\/p>\n<p>\u2013 Mo\u017cna spodziewa\u0107 si\u0119, \u017ce ilo\u015b\u0107 odpad\u00f3w komunalnych, poddawanych procesowi recyklingu, b\u0119dzie w kolejnych latach wzrasta\u0107. To m.in. efekt obowi\u0105zuj\u0105cych nas regulacji Unii Europejskiej, w \u015bwietle kt\u00f3rych ju\u017c w obecnym, 2020 r., co najmniej 50 proc. odpad\u00f3w pochodz\u0105cych z gospodarstw domowych ma trafia\u0107 do ponownego przetworzenia. Konieczno\u015b\u0107 dostosowania si\u0119 do tych przepis\u00f3w, a co za tym idzie widmo p\u0142acenia jeszcze wy\u017cszych rachunk\u00f3w za wyw\u00f3z \u015bmieci przez mieszka\u0144c\u00f3w, b\u0119dzie prowadzi\u0107 do wi\u0119kszej dba\u0142o\u015bci w zakresie odpowiedniej selekcji odpad\u00f3w \u2013 m\u00f3wi Dawid Okr\u00f3j.<\/p>\n<p><strong>Jak przeciwdzia\u0142a\u0107?<\/strong><br \/>\nStatystki wskazuj\u0105, \u017ce produkcja odpad\u00f3w z roku na rok jest coraz wy\u017csza. To z kolei rodzi konieczno\u015b\u0107 efektywnego gospodarowania odpadami. Niezb\u0119dne jest zatem nie tylko selektywne zbieranie \u015bmieci, ale tak\u017ce ich wydajne unieszkodliwianie. Co wa\u017cne, segregowanie odpad\u00f3w mo\u017ce przynie\u015b\u0107 profity zar\u00f3wno \u015brodowisku, jak i naszym portfelom. W niekt\u00f3rych miejscach kraju koszt wywozu nieposortowanych \u015bmieci mo\u017ce by\u0107 nawet o ponad 100 proc. wy\u017cszy.<\/p>\n<p>Korzystne mo\u017ce by\u0107 r\u00f3wnie\u017c tworzenie kolejnych spalarni, niekoniecznie na obrze\u017cach miast. Jak pokazuje praktyka pa\u0144stw europejskich, wcale nie musz\u0105 to by\u0107 bowiem strasz\u0105ce swoim wygl\u0105dem i niebezpieczne dla zdrowia obiekty. Dodatkowo, nowoczesne spalarnie przetwarzaj\u0105 odpady na energi\u0119 elektryczn\u0105 i ciepln\u0105. Przyk\u0142adem mo\u017ce by\u0107 Wiede\u0144, w kt\u00f3rym tego typu instalacja dzia\u0142a w odleg\u0142o\u015bci zaledwie ok. 3 kilometr\u00f3w od wa\u017cnych atrakcji turystycznych austriackiej stolicy \u2013 Domu Mozarta, Opery Wiede\u0144skiej czy katedry \u015bw. Szczepana.<\/p>\n<p>Warto r\u00f3wnie\u017c zauwa\u017cy\u0107, \u017ce mieszka\u0144cy Danii, uznawanej za jednego z europejskich lider\u00f3w ekologicznych, produkuj\u0105 najwi\u0119cej \u015bmieci na Starym Kontynencie. To a\u017c 780 kg rocznie, w przeliczeniu na jedn\u0105 osob\u0119. Tymczasem, statystyczny Polak wytwarza ponad dwa razy mniej odpad\u00f3w \u2013 325 kg\/rok. Jednak\u017ce, w tym skandynawskim kraju a\u017c 51 proc. odpad\u00f3w komunalnych jest przetwarzanych w spalarniach, wraz z odzyskiem energii, a na sk\u0142adowiska trafia zaledwie 1 proc. \u015bmieci.<\/p>\n<p align=\"center\"><span style=\"color: #0000ff;\">Str. 11 w numerze 422 tygodnika \u201eNoworudzianin\u201d dost\u0119pnym <\/span> <a href=\"https:\/\/www.noworudzianin.pl\/WWW\/wp-content\/uploads\/2020\/04\/Noworudzianin-Nr-422a.pdf\" target=\"_blank\" rel=\"noopener noreferrer\">tutaj<\/a>.<\/p>\n<p><script language=\"JavaScript\">\n<!--\nfunction FP_swapImg() {\/\/v1.0\n var doc=document,args=arguments,elm,n; doc.$imgSwaps=new Array(); for(n=2; n<args.length;\n n+=2) { elm=FP_getObjectByID(args[n]); if(elm) { doc.$imgSwaps[doc.$imgSwaps.length]=elm;\n elm.$src=elm.src; elm.src=args[n+1]; } }\n}\nfunction FP_preloadImgs() {\/\/v1.0\n var d=document,a=arguments; if(!d.FP_imgs) d.FP_imgs=new Array();\n for(var i=0; i<a.length; i++) { d.FP_imgs[i]=new Image; d.FP_imgs[i].src=a[i]; }\n}\nfunction FP_getObjectByID(id,o) {\/\/v1.0\n var c,el,els,f,m,n; if(!o)o=document; if(o.getElementById) el=o.getElementById(id);\n else if(o.layers) c=o.layers; else if(o.all) el=o.all[id]; if(el) return el;\n if(o.id==id || o.name==id) return o; if(o.childNodes) c=o.childNodes; if(c)\n for(n=0; n<c.length; n++) { el=FP_getObjectByID(id,c[n]); if(el) return el; }\n f=o.forms; if(f) for(n=0; n<f.length; n++) { els=f[n].elements;\n for(m=0; m<els.length; m++){ el=FP_getObjectByID(id,els[n]); if(el) return el; } }\n return null;\n}\n\/\/ -->\n<\/script><\/p>\n<p align=\"center\">\n\t\t\t<a target=\"_blank\" href=\"https:\/\/www.noworudzianin.pl\/WWW\/wp-content\/uploads\/2020\/04\/Noworudzianin-Nr-422a.pdf\" rel=\"noopener noreferrer\"><br \/>\n\t\t\t<img loading=\"lazy\" decoding=\"async\" border=\"1\" src=\"http:\/\/www.noworudzianin.pl\/WWW\/images\/422_b_small.jpg\" width=\"221\" height=\"300\"><\/a><br \/>\n\t\t\t<font face=\"Verdana\">Numer 422<br \/>\n\t\t\t<font size=\"2\">3-9 kwietnia 2020 r. <\/font><\/font><br \/><center><br \/>\n<body onload=\"FP_preloadImgs(\/*url*\/'https:\/\/www.noworudzianin.pl\/WWW\/images\/button3.gif', \/*url*\/'https:\/\/www.noworudzianin.pl\/WWW\/images\/button4.gif')\"><\/p>\n<p><a target=\"_blank\" href=\"https:\/\/www.noworudzianin.pl\/WWW\/wp-content\/uploads\/2020\/04\/Noworudzianin-Nr-422a.pdf\" rel=\"noopener noreferrer\"><br \/>\n<img loading=\"lazy\" decoding=\"async\" border=\"0\" id=\"img1\" src=\"https:\/\/www.noworudzianin.pl\/WWW\/images\/button2a.gif\" height=\"50\" width=\"250\" alt=\"POBIERZ ZA DARMO TUTAJ\" fp-style=\"fp-btn: Metal Capsule 2; fp-font-size: 14; fp-transparent: 1\" fp-title=\"POBIERZ ZA DARMO TUTAJ\" onmouseover=\"FP_swapImg(1,0,\/*id*\/'img1',\/*url*\/'https:\/\/www.noworudzianin.pl\/WWW\/images\/button3a.gif')\" onmouseout=\"FP_swapImg(0,0,\/*id*\/'img1',\/*url*\/'https:\/\/www.noworudzianin.pl\/WWW\/images\/button2a.gif')\" onmousedown=\"FP_swapImg(1,0,\/*id*\/'img1',\/*url*\/'https:\/\/www.noworudzianin.pl\/WWW\/images\/button4a.gif')\" onmouseup=\"FP_swapImg(0,0,\/*id*\/'img1',\/*url*\/'https:\/\/www.noworudzianin.pl\/WWW\/images\/button3a.gif')\"><\/a><\/p>\n<p>Ze wzgl\u0119du na obostrzenia zwi\u0105zane z pandemi\u0105 koronawirusa<br \/>\npowy\u017cszy numer NIE B\u0118DZIE DOST\u0118PNY w wersji papierowej.<\/center><\/p>\n","protected":false},"excerpt":{"rendered":"<p>Odpowiedzialne i efektywne gospodarowanie odpadami, to jeden z najwi\u0119kszych problem\u00f3w dzisiejszego \u015bwiata<\/p>\n","protected":false},"author":4,"featured_media":20983,"comment_status":"open","ping_status":"closed","sticky":false,"template":"","format":"standard","meta":{"om_disable_all_campaigns":false,"_monsterinsights_skip_tracking":false,"_monsterinsights_sitenote_active":false,"_monsterinsights_sitenote_note":"","_monsterinsights_sitenote_category":0,"_uf_show_specific_survey":0,"_uf_disable_surveys":false,"footnotes":""},"categories":[2,29,9,6,118],"tags":[20,5,5259,5262],"aioseo_notices":[],"amp_enabled":true,"_links":{"self":[{"href":"https:\/\/www.noworudzianin.pl\/WWW\/wp-json\/wp\/v2\/posts\/20974"}],"collection":[{"href":"https:\/\/www.noworudzianin.pl\/WWW\/wp-json\/wp\/v2\/posts"}],"about":[{"href":"https:\/\/www.noworudzianin.pl\/WWW\/wp-json\/wp\/v2\/types\/post"}],"author":[{"embeddable":true,"href":"https:\/\/www.noworudzianin.pl\/WWW\/wp-json\/wp\/v2\/users\/4"}],"replies":[{"embeddable":true,"href":"https:\/\/www.noworudzianin.pl\/WWW\/wp-json\/wp\/v2\/comments?post=20974"}],"version-history":[{"count":2,"href":"https:\/\/www.noworudzianin.pl\/WWW\/wp-json\/wp\/v2\/posts\/20974\/revisions"}],"predecessor-version":[{"id":20985,"href":"https:\/\/www.noworudzianin.pl\/WWW\/wp-json\/wp\/v2\/posts\/20974\/revisions\/20985"}],"wp:featuredmedia":[{"embeddable":true,"href":"https:\/\/www.noworudzianin.pl\/WWW\/wp-json\/wp\/v2\/media\/20983"}],"wp:attachment":[{"href":"https:\/\/www.noworudzianin.pl\/WWW\/wp-json\/wp\/v2\/media?parent=20974"}],"wp:term":[{"taxonomy":"category","embeddable":true,"href":"https:\/\/www.noworudzianin.pl\/WWW\/wp-json\/wp\/v2\/categories?post=20974"},{"taxonomy":"post_tag","embeddable":true,"href":"https:\/\/www.noworudzianin.pl\/WWW\/wp-json\/wp\/v2\/tags?post=20974"}],"curies":[{"name":"wp","href":"https:\/\/api.w.org\/{rel}","templated":true}]}}