{"id":21046,"date":"2020-04-04T12:06:32","date_gmt":"2020-04-04T10:06:32","guid":{"rendered":"https:\/\/www.noworudzianin.pl\/WWW\/?p=21046"},"modified":"2020-04-04T12:06:32","modified_gmt":"2020-04-04T10:06:32","slug":"wiecej-czasu-na-rejestracje-pojazdu-sprowadzonego-z-ue","status":"publish","type":"post","link":"https:\/\/www.noworudzianin.pl\/WWW\/2020\/04\/04\/wiecej-czasu-na-rejestracje-pojazdu-sprowadzonego-z-ue\/","title":{"rendered":"Wi\u0119cej czasu na rejestracj\u0119 pojazdu sprowadzonego z UE"},"content":{"rendered":"<p>Jak podano na stronie internetowej Ministerstwa Infrastruktury, do 180 dni zosta\u0142 wyd\u0142u\u017cony termin na rejestracj\u0119 pojazdu u\u017cywanego sprowadzonego z terytorium pa\u0144stwa cz\u0142onkowskiego Unii Europejskiej oraz na zawiadomienie starosty o nabyciu lub zbyciu pojazdu<\/p>\n<p>Rozwi\u0105zania te zosta\u0142y wprowadzone ustaw\u0105 z 31 marca 2020 r. o zmianie ustawy o szczeg\u00f3lnych rozwi\u0105zaniach zwi\u0105zanych z zapobieganiem, przeciwdzia\u0142aniem i zwalczaniem COVID-19, innych chor\u00f3b zaka\u017anych oraz wywo\u0142anych nimi sytuacji kryzysowych oraz niekt\u00f3rych innych ustaw.<\/p>\n<p>Od 1 stycznia 2020 r., zgodnie z ustaw\u0105 Prawo o ruch drogowym zmienion\u0105 ustaw\u0105 o zmianie ustawy o utrzymaniu czysto\u015bci i porz\u0105dku w gminach oraz niekt\u00f3rych innych ustaw, kt\u00f3rej projektodawc\u0105 by\u0142 Minister \u015arodowiska, w\u0142a\u015bciciel u\u017cywanego pojazdu sprowadzonego z terytorium pa\u0144stwa cz\u0142onkowskiego Unii Europejskiej by\u0142 zobowi\u0105zany zarejestrowa\u0107 pojazd na terytorium RP w terminie 30 dni od dnia jego sprowadzenia lub zawiadomi\u0107 w tym terminie starost\u0119 o nabyciu lub zbyciu pojazdu. W\u0142a\u015bciciel, kt\u00f3ry nie wype\u0142ni\u0142 tego obowi\u0105zku, podlega karze pieni\u0119\u017cnej w wysoko\u015bci od 200 do 1000 z\u0142.<\/p>\n<p>Wyd\u0142u\u017cone do 180 dni terminy na rejestracj\u0119 oraz na zawiadomienie o nabyciu lub zbyciu pojazdu b\u0119d\u0105 obowi\u0105zywa\u0142y <strong>do 31 grudnia 2020 r.<\/strong> Ma to na celu zapobieganie, przeciwdzia\u0142anie i zwalczanie koronawirusa oraz zmniejszenie obci\u0105\u017cenia prac\u0105 organ\u00f3w rejestruj\u0105cych pojazdy, wynikaj\u0105cego ze zwi\u0119kszonej ilo\u015bci os\u00f3b za\u0142atwiaj\u0105cych sprawy w urz\u0119dach po zmianach wprowadzonych z dniem 1 stycznia 2020 r.<\/p>\n<p>Nowe rozwi\u0105zanie ma zastosowanie tak\u017ce w przypadku pojazdu sprowadzonego z UE oraz nabytego lub zbytego nie p\u00f3\u017aniej ni\u017c 30 dni przed dniem wej\u015bcia w \u017cycie specustawy z 31 marca 2020 r.<\/p>\n","protected":false},"excerpt":{"rendered":"<p>Jak podano na stronie internetowej Ministerstwa Infrastruktury, do 180 dni zosta\u0142 wyd\u0142u\u017cony termin na rejestracj\u0119 pojazdu u\u017cywanego sprowadzonego z terytorium<\/p>\n","protected":false},"author":4,"featured_media":21047,"comment_status":"open","ping_status":"closed","sticky":false,"template":"","format":"standard","meta":{"om_disable_all_campaigns":false,"_monsterinsights_skip_tracking":false,"_monsterinsights_sitenote_active":false,"_monsterinsights_sitenote_note":"","_monsterinsights_sitenote_category":0,"_uf_show_specific_survey":0,"_uf_disable_surveys":false,"footnotes":""},"categories":[2,29,9,6,2076],"tags":[5135,20,5,54,5283],"aioseo_notices":[],"amp_enabled":true,"_links":{"self":[{"href":"https:\/\/www.noworudzianin.pl\/WWW\/wp-json\/wp\/v2\/posts\/21046"}],"collection":[{"href":"https:\/\/www.noworudzianin.pl\/WWW\/wp-json\/wp\/v2\/posts"}],"about":[{"href":"https:\/\/www.noworudzianin.pl\/WWW\/wp-json\/wp\/v2\/types\/post"}],"author":[{"embeddable":true,"href":"https:\/\/www.noworudzianin.pl\/WWW\/wp-json\/wp\/v2\/users\/4"}],"replies":[{"embeddable":true,"href":"https:\/\/www.noworudzianin.pl\/WWW\/wp-json\/wp\/v2\/comments?post=21046"}],"version-history":[{"count":1,"href":"https:\/\/www.noworudzianin.pl\/WWW\/wp-json\/wp\/v2\/posts\/21046\/revisions"}],"predecessor-version":[{"id":21048,"href":"https:\/\/www.noworudzianin.pl\/WWW\/wp-json\/wp\/v2\/posts\/21046\/revisions\/21048"}],"wp:featuredmedia":[{"embeddable":true,"href":"https:\/\/www.noworudzianin.pl\/WWW\/wp-json\/wp\/v2\/media\/21047"}],"wp:attachment":[{"href":"https:\/\/www.noworudzianin.pl\/WWW\/wp-json\/wp\/v2\/media?parent=21046"}],"wp:term":[{"taxonomy":"category","embeddable":true,"href":"https:\/\/www.noworudzianin.pl\/WWW\/wp-json\/wp\/v2\/categories?post=21046"},{"taxonomy":"post_tag","embeddable":true,"href":"https:\/\/www.noworudzianin.pl\/WWW\/wp-json\/wp\/v2\/tags?post=21046"}],"curies":[{"name":"wp","href":"https:\/\/api.w.org\/{rel}","templated":true}]}}