{"id":21116,"date":"2020-04-10T09:04:00","date_gmt":"2020-04-10T07:04:00","guid":{"rendered":"https:\/\/www.noworudzianin.pl\/WWW\/?p=21116"},"modified":"2020-04-10T10:08:19","modified_gmt":"2020-04-10T08:08:19","slug":"koronawirus-w-gminie-nowa-ruda","status":"publish","type":"post","link":"https:\/\/www.noworudzianin.pl\/WWW\/2020\/04\/10\/koronawirus-w-gminie-nowa-ruda\/","title":{"rendered":"Koronawirus w gminie Nowa Ruda"},"content":{"rendered":"<p>W czwartek 9 kwietnia w godzinach wieczornych na swoim profilu na Facebooku Maciej Awi\u017ce\u0144, Starosta Powiatu K\u0142odzkiego poinformowa\u0142:<!--more--><\/p>\n<p>\u2013 22. osoba w powiecie k\u0142odzkim ma potwierdzony test zachorowania na koronawirusa. Sprawa tym bardziej przykra, \u017ce jest to osoba pracuj\u0105ca w s\u0142u\u017cbie zdrowia a zamieszka\u0142a w Gminie Wiejskiej Nowa Ruda. Pani przebywa obecnie na kwarantannie w domu z niewielkimi objawami. Zdrowia \u017cyczymy!<\/p>\n<p>#zosta\u0144wdomu<\/p>\n","protected":false},"excerpt":{"rendered":"<p>W czwartek 9 kwietnia w godzinach wieczornych na swoim profilu na Facebooku Maciej Awi\u017ce\u0144, Starosta Powiatu K\u0142odzkiego poinformowa\u0142:<\/p>\n","protected":false},"author":4,"featured_media":20533,"comment_status":"open","ping_status":"closed","sticky":false,"template":"","format":"standard","meta":{"om_disable_all_campaigns":false,"_monsterinsights_skip_tracking":false,"_monsterinsights_sitenote_active":false,"_monsterinsights_sitenote_note":"","_monsterinsights_sitenote_category":0,"_uf_show_specific_survey":0,"_uf_disable_surveys":false,"footnotes":""},"categories":[2,29,2076,281],"tags":[86,5135,1017,5],"aioseo_notices":[],"amp_enabled":true,"_links":{"self":[{"href":"https:\/\/www.noworudzianin.pl\/WWW\/wp-json\/wp\/v2\/posts\/21116"}],"collection":[{"href":"https:\/\/www.noworudzianin.pl\/WWW\/wp-json\/wp\/v2\/posts"}],"about":[{"href":"https:\/\/www.noworudzianin.pl\/WWW\/wp-json\/wp\/v2\/types\/post"}],"author":[{"embeddable":true,"href":"https:\/\/www.noworudzianin.pl\/WWW\/wp-json\/wp\/v2\/users\/4"}],"replies":[{"embeddable":true,"href":"https:\/\/www.noworudzianin.pl\/WWW\/wp-json\/wp\/v2\/comments?post=21116"}],"version-history":[{"count":3,"href":"https:\/\/www.noworudzianin.pl\/WWW\/wp-json\/wp\/v2\/posts\/21116\/revisions"}],"predecessor-version":[{"id":21123,"href":"https:\/\/www.noworudzianin.pl\/WWW\/wp-json\/wp\/v2\/posts\/21116\/revisions\/21123"}],"wp:featuredmedia":[{"embeddable":true,"href":"https:\/\/www.noworudzianin.pl\/WWW\/wp-json\/wp\/v2\/media\/20533"}],"wp:attachment":[{"href":"https:\/\/www.noworudzianin.pl\/WWW\/wp-json\/wp\/v2\/media?parent=21116"}],"wp:term":[{"taxonomy":"category","embeddable":true,"href":"https:\/\/www.noworudzianin.pl\/WWW\/wp-json\/wp\/v2\/categories?post=21116"},{"taxonomy":"post_tag","embeddable":true,"href":"https:\/\/www.noworudzianin.pl\/WWW\/wp-json\/wp\/v2\/tags?post=21116"}],"curies":[{"name":"wp","href":"https:\/\/api.w.org\/{rel}","templated":true}]}}