{"id":21167,"date":"2020-04-14T10:38:04","date_gmt":"2020-04-14T08:38:04","guid":{"rendered":"https:\/\/www.noworudzianin.pl\/WWW\/?p=21167"},"modified":"2020-04-14T10:39:29","modified_gmt":"2020-04-14T08:39:29","slug":"oddzial-wewnetrzny-juz-dziala","status":"publish","type":"post","link":"https:\/\/www.noworudzianin.pl\/WWW\/2020\/04\/14\/oddzial-wewnetrzny-juz-dziala\/","title":{"rendered":"Oddzia\u0142 Wewn\u0119trzny ju\u017c dzia\u0142a"},"content":{"rendered":"<p>W sobot\u0119 11 kwietnia ok. godz. 13.30 starosta k\u0142odzki Maciej Awi\u017ce\u0144 poinformowa\u0142 o otwarciu Oddzia\u0142u Wewn\u0119trznego szpitala w K\u0142odzku<!--more--><\/p>\n<p>\u2013 Po przeprowadzonych testach personelu &#8211; wszystkie ujemne &#8211; otwieramy dzi\u015b oddzia\u0142 wewn\u0119trzny w k\u0142odzkim szpitalu. Przed nami jeszcze badanie oddzia\u0142u chirurgii, ale mamy nadziej\u0119 \u017ce i tam procedury zadzia\u0142a\u0142y \u2013 informuje starosta.<\/p>\n","protected":false},"excerpt":{"rendered":"<p>W sobot\u0119 11 kwietnia ok. godz. 13.30 starosta k\u0142odzki Maciej Awi\u017ce\u0144 poinformowa\u0142 o otwarciu Oddzia\u0142u Wewn\u0119trznego szpitala w K\u0142odzku<\/p>\n","protected":false},"author":4,"featured_media":21145,"comment_status":"open","ping_status":"closed","sticky":false,"template":"","format":"standard","meta":{"om_disable_all_campaigns":false,"_monsterinsights_skip_tracking":false,"_monsterinsights_sitenote_active":false,"_monsterinsights_sitenote_note":"","_monsterinsights_sitenote_category":0,"_uf_show_specific_survey":0,"_uf_disable_surveys":false,"footnotes":""},"categories":[2,29,9,6,2076,281],"tags":[5135,1017,20,5,5318,54],"aioseo_notices":[],"amp_enabled":true,"_links":{"self":[{"href":"https:\/\/www.noworudzianin.pl\/WWW\/wp-json\/wp\/v2\/posts\/21167"}],"collection":[{"href":"https:\/\/www.noworudzianin.pl\/WWW\/wp-json\/wp\/v2\/posts"}],"about":[{"href":"https:\/\/www.noworudzianin.pl\/WWW\/wp-json\/wp\/v2\/types\/post"}],"author":[{"embeddable":true,"href":"https:\/\/www.noworudzianin.pl\/WWW\/wp-json\/wp\/v2\/users\/4"}],"replies":[{"embeddable":true,"href":"https:\/\/www.noworudzianin.pl\/WWW\/wp-json\/wp\/v2\/comments?post=21167"}],"version-history":[{"count":3,"href":"https:\/\/www.noworudzianin.pl\/WWW\/wp-json\/wp\/v2\/posts\/21167\/revisions"}],"predecessor-version":[{"id":21170,"href":"https:\/\/www.noworudzianin.pl\/WWW\/wp-json\/wp\/v2\/posts\/21167\/revisions\/21170"}],"wp:featuredmedia":[{"embeddable":true,"href":"https:\/\/www.noworudzianin.pl\/WWW\/wp-json\/wp\/v2\/media\/21145"}],"wp:attachment":[{"href":"https:\/\/www.noworudzianin.pl\/WWW\/wp-json\/wp\/v2\/media?parent=21167"}],"wp:term":[{"taxonomy":"category","embeddable":true,"href":"https:\/\/www.noworudzianin.pl\/WWW\/wp-json\/wp\/v2\/categories?post=21167"},{"taxonomy":"post_tag","embeddable":true,"href":"https:\/\/www.noworudzianin.pl\/WWW\/wp-json\/wp\/v2\/tags?post=21167"}],"curies":[{"name":"wp","href":"https:\/\/api.w.org\/{rel}","templated":true}]}}