{"id":21198,"date":"2020-04-15T10:18:47","date_gmt":"2020-04-15T08:18:47","guid":{"rendered":"https:\/\/www.noworudzianin.pl\/WWW\/?p=21198"},"modified":"2020-04-17T07:53:44","modified_gmt":"2020-04-17T05:53:44","slug":"byc-moze-dostaniesz-laptop","status":"publish","type":"post","link":"https:\/\/www.noworudzianin.pl\/WWW\/2020\/04\/15\/byc-moze-dostaniesz-laptop\/","title":{"rendered":"By\u0107 mo\u017ce dostaniesz laptopa"},"content":{"rendered":"<p>Od 1 kwietnia samorz\u0105dy mog\u0105 wnioskowa\u0107 o pieni\u0105dze na zakup sprz\u0119tu dla uczni\u00f3w i nauczycieli do zdalnej nauki<!--more-->. Do rozdysponowania jest 180 mln z\u0142! Bez dodatkowych formalno\u015bci, w elastyczny i szybki spos\u00f3b.<\/p>\n<p>Jak ju\u017c informowali\u015bmy Gmina Miejska Nowa Ruda z\u0142o\u017cy\u0142a wniosek na zakup ok. 30 komputer\u00f3w za kwot\u0119 ok. 70 tys. z\u0142. Jak informuje nas rzecznik prasowy Urz\u0119du Miejskiego w Nowej Rudzie Krzysztof Czajka, sprz\u0119t trafi do trzech szk\u00f3\u0142 i to dyrektorzy plac\u00f3wek b\u0119d\u0105 decydowali o ich rozdziale.<\/p>\n<p>Podobnie gmina wiejska Nowa Ruda stara si\u0119 r\u00f3wnie\u017c o 30 laptop\u00f3w dla uczni\u00f3w i nauczycieli, kt\u00f3rzy nie posiadaj\u0105 sprz\u0119tu umo\u017cliwiaj\u0105cego im realizacj\u0119 zdalnych lekcji.<\/p>\n<p>\u2013 Trzy szko\u0142y zostan\u0105 zaopatrzone w odpowiedni sprz\u0119t, kt\u00f3ry b\u0119dzie odpowiedzi\u0105 na obecn\u0105 sytuacj\u0119 szkolnictwa, zwi\u0105zan\u0105 z wprowadzeniem na obszarze Rzeczypospolitej Polskiej stanu epidemii, spowodowanym zaka\u017ceniami koronawirusem. Zamkni\u0119cie plac\u00f3wek o\u015bwiatowych na wiele tygodni wymusi\u0142o nowe standardy prowadzenia zaj\u0119\u0107 edukacyjnych. Uczniowie zamiast w szkolnych \u0142awach zasiadaj\u0105 przed monitorami komputer\u00f3w. Niestety wielu z nich nie posiada sprz\u0119tu, na kt\u00f3rym mo\u017ce realizowa\u0107 podstawy programowe. Dzi\u0119ki szybkiej reakcji W\u00f3jt Adrianny Mierzejewskiej i rzetelnej pracy urz\u0119dnik\u00f3w jeste\u015bmy w stanie zabezpieczy\u0107 uczniom i nauczycielom t\u0119 istotn\u0105 potrzeb\u0119 jak\u0105 jest dost\u0119p do zdalnej edukacji \u2013 czytamy na stronie urz\u0119du.<\/p>\n<p>Dzia\u0142anie jest finansowane ze \u015brodk\u00f3w Europejskiego Funduszu Rozwoju Regionalnego w ramach Programu Operacyjnego Polska Cyfrowa na lata 2014-2020.<\/p>\n","protected":false},"excerpt":{"rendered":"<p>Od 1 kwietnia samorz\u0105dy mog\u0105 wnioskowa\u0107 o pieni\u0105dze na zakup sprz\u0119tu dla uczni\u00f3w i nauczycieli do zdalnej nauki<\/p>\n","protected":false},"author":4,"featured_media":21199,"comment_status":"open","ping_status":"closed","sticky":false,"template":"","format":"standard","meta":{"om_disable_all_campaigns":false,"_monsterinsights_skip_tracking":false,"_monsterinsights_sitenote_active":false,"_monsterinsights_sitenote_note":"","_monsterinsights_sitenote_category":0,"_uf_show_specific_survey":0,"_uf_disable_surveys":false,"footnotes":""},"categories":[2,29,6,128],"tags":[552,5322,5135,3804,20,5],"aioseo_notices":[],"amp_enabled":true,"_links":{"self":[{"href":"https:\/\/www.noworudzianin.pl\/WWW\/wp-json\/wp\/v2\/posts\/21198"}],"collection":[{"href":"https:\/\/www.noworudzianin.pl\/WWW\/wp-json\/wp\/v2\/posts"}],"about":[{"href":"https:\/\/www.noworudzianin.pl\/WWW\/wp-json\/wp\/v2\/types\/post"}],"author":[{"embeddable":true,"href":"https:\/\/www.noworudzianin.pl\/WWW\/wp-json\/wp\/v2\/users\/4"}],"replies":[{"embeddable":true,"href":"https:\/\/www.noworudzianin.pl\/WWW\/wp-json\/wp\/v2\/comments?post=21198"}],"version-history":[{"count":5,"href":"https:\/\/www.noworudzianin.pl\/WWW\/wp-json\/wp\/v2\/posts\/21198\/revisions"}],"predecessor-version":[{"id":21280,"href":"https:\/\/www.noworudzianin.pl\/WWW\/wp-json\/wp\/v2\/posts\/21198\/revisions\/21280"}],"wp:featuredmedia":[{"embeddable":true,"href":"https:\/\/www.noworudzianin.pl\/WWW\/wp-json\/wp\/v2\/media\/21199"}],"wp:attachment":[{"href":"https:\/\/www.noworudzianin.pl\/WWW\/wp-json\/wp\/v2\/media?parent=21198"}],"wp:term":[{"taxonomy":"category","embeddable":true,"href":"https:\/\/www.noworudzianin.pl\/WWW\/wp-json\/wp\/v2\/categories?post=21198"},{"taxonomy":"post_tag","embeddable":true,"href":"https:\/\/www.noworudzianin.pl\/WWW\/wp-json\/wp\/v2\/tags?post=21198"}],"curies":[{"name":"wp","href":"https:\/\/api.w.org\/{rel}","templated":true}]}}