{"id":21224,"date":"2020-04-16T11:38:45","date_gmt":"2020-04-16T09:38:45","guid":{"rendered":"https:\/\/www.noworudzianin.pl\/WWW\/?p=21224"},"modified":"2020-04-16T16:23:05","modified_gmt":"2020-04-16T14:23:05","slug":"nakaz-zakrywania-ust-i-nosa","status":"publish","type":"post","link":"https:\/\/www.noworudzianin.pl\/WWW\/2020\/04\/16\/nakaz-zakrywania-ust-i-nosa\/","title":{"rendered":"Nakaz zakrywania ust i nosa"},"content":{"rendered":"<p>Od czwartku 16 kwietnia do odwo\u0142ania obowi\u0105zuje nakaz zakrywania ust i nosa w miejscach publicznych<!--more-->. To kolejne dzia\u0142ania w ramach walki z koronawirusem<\/p>\n<p>Nowe rozporz\u0105dzenie, kt\u00f3re wesz\u0142o po p\u00f3\u0142nocy 16 kwietnia okre\u015bla zasady zas\u0142aniania twarzy i nosa oraz miejsca w jakich musimy to robi\u0107 obowi\u0105zkowo.<\/p>\n<p><a href=\"https:\/\/www.noworudzianin.pl\/WWW\/wp-content\/uploads\/2020\/04\/Nakaz-zakrywania-ust-i-nosa-1.png\"><img loading=\"lazy\" decoding=\"async\" src=\"https:\/\/www.noworudzianin.pl\/WWW\/wp-content\/uploads\/2020\/04\/Nakaz-zakrywania-ust-i-nosa-1-630x630.png\" alt=\"\" width=\"630\" height=\"630\" class=\"alignnone size-large wp-image-21231\" srcset=\"https:\/\/www.noworudzianin.pl\/WWW\/wp-content\/uploads\/2020\/04\/Nakaz-zakrywania-ust-i-nosa-1-630x630.png 630w, https:\/\/www.noworudzianin.pl\/WWW\/wp-content\/uploads\/2020\/04\/Nakaz-zakrywania-ust-i-nosa-1-300x300.png 300w, https:\/\/www.noworudzianin.pl\/WWW\/wp-content\/uploads\/2020\/04\/Nakaz-zakrywania-ust-i-nosa-1-150x150.png 150w, https:\/\/www.noworudzianin.pl\/WWW\/wp-content\/uploads\/2020\/04\/Nakaz-zakrywania-ust-i-nosa-1-768x768.png 768w, https:\/\/www.noworudzianin.pl\/WWW\/wp-content\/uploads\/2020\/04\/Nakaz-zakrywania-ust-i-nosa-1.png 960w\" sizes=\"(max-width: 630px) 100vw, 630px\" \/><\/a><\/p>\n<p>Najwa\u017cniejszy jest jednak fakt, \u017ce noszenie maseczek jednorazowych czy tym bardziej specjalistycznych nie jest wymagane w tym wypadku. Mo\u017cemy zas\u0142ania\u0107 twarz r\u00f3wnie\u017c szalikiem, chust\u0105, materia\u0142em, samodzielnie wykonan\u0105 maseczk\u0105, przy\u0142bic\u0105.<\/p>\n<p><a href=\"https:\/\/www.noworudzianin.pl\/WWW\/wp-content\/uploads\/2020\/04\/Nakaz-zakrywania-ust-i-nosa-1.jpg\"><img loading=\"lazy\" decoding=\"async\" src=\"https:\/\/www.noworudzianin.pl\/WWW\/wp-content\/uploads\/2020\/04\/Nakaz-zakrywania-ust-i-nosa-1-630x630.jpg\" alt=\"\" width=\"630\" height=\"630\" class=\"alignnone size-large wp-image-21236\" srcset=\"https:\/\/www.noworudzianin.pl\/WWW\/wp-content\/uploads\/2020\/04\/Nakaz-zakrywania-ust-i-nosa-1-630x630.jpg 630w, https:\/\/www.noworudzianin.pl\/WWW\/wp-content\/uploads\/2020\/04\/Nakaz-zakrywania-ust-i-nosa-1-300x300.jpg 300w, https:\/\/www.noworudzianin.pl\/WWW\/wp-content\/uploads\/2020\/04\/Nakaz-zakrywania-ust-i-nosa-1-150x150.jpg 150w, https:\/\/www.noworudzianin.pl\/WWW\/wp-content\/uploads\/2020\/04\/Nakaz-zakrywania-ust-i-nosa-1-768x768.jpg 768w, https:\/\/www.noworudzianin.pl\/WWW\/wp-content\/uploads\/2020\/04\/Nakaz-zakrywania-ust-i-nosa-1.jpg 1200w\" sizes=\"(max-width: 630px) 100vw, 630px\" \/><\/a><\/p>\n<p><strong>Gdzie OBOWI\u0104ZKOWO nale\u017cy zakrywa\u0107 cz\u0119\u015b\u0107 twarzy:<\/strong><br \/>\n\u2013 obiekty i plac\u00f3wki handlowe oraz us\u0142ugowe (we wszystkich sklepach, bankach, pocztach, gastronomiach),<br \/>\n\u2013 targowiska i stragany,<br \/>\n\u2013 publiczny transport zbiorowy (autobusy, busy, poci\u0105gi, tramwaje),<br \/>\n\u2013 rowery, skutery, motocykle, hulajnogi,<br \/>\n\u2013 samoch\u00f3d osobowy, w kt\u00f3rym jad\u0105 osoby niezamieszkuj\u0105ce razem,<br \/>\n\u2013 zak\u0142ad pracy (w tym biura) z wy\u0142\u0105czeniem os\u00f3b tam zatrudnionych (niezale\u017cnie od podstawy zatrudnienia), chyba \u017ce chodzi o osoby wykonuj\u0105ce w danym zak\u0142adzie obs\u0142ug\u0119 klient\u00f3w lub interesant\u00f3w,<br \/>\n\u2013 budynki u\u017cyteczno\u015bci publicznej, z wy\u0142\u0105czeniem os\u00f3b tam zatrudnionych (niezale\u017cnie od podstawy zatrudnienia), chyba \u017ce chodzi o osoby wykonuj\u0105ce w danym budynku obs\u0142ug\u0119 klient\u00f3w lub interesant\u00f3w,<br \/>\n\u2013 ko\u015bcio\u0142y i kaplice,<br \/>\n\u2013 w czasie przemieszczania si\u0119 chodnikami.<\/p>\n<p>Generalnie wsz\u0119dzie, gdzie mamy potencjaln\u0105 i rzeczywist\u0105 mo\u017cliwo\u015b\u0107 spotkania si\u0119 z innymi osobami.<\/p>\n<p><strong>Kto nie musi zas\u0142ania\u0107 twarzy?<\/strong><br \/>\nZ obowi\u0105zku zwolnione s\u0105 osoby, kt\u00f3re same lub z dzieckiem podr\u00f3\u017cuj\u0105 samochodem, dzieci do 4 lat czy osoby, kt\u00f3re nie mog\u0105 tego robi\u0107 ze wzgl\u0119du na stan zdrowia. Zwolnione s\u0105 m.in. osoby z autyzmem.<\/p>\n<p><a href=\"https:\/\/www.noworudzianin.pl\/WWW\/wp-content\/uploads\/2020\/04\/autyzm.jpg\"><img loading=\"lazy\" decoding=\"async\" src=\"https:\/\/www.noworudzianin.pl\/WWW\/wp-content\/uploads\/2020\/04\/autyzm-630x630.jpg\" alt=\"\" width=\"630\" height=\"630\" class=\"alignnone size-large wp-image-21225\" srcset=\"https:\/\/www.noworudzianin.pl\/WWW\/wp-content\/uploads\/2020\/04\/autyzm-630x630.jpg 630w, https:\/\/www.noworudzianin.pl\/WWW\/wp-content\/uploads\/2020\/04\/autyzm-300x300.jpg 300w, https:\/\/www.noworudzianin.pl\/WWW\/wp-content\/uploads\/2020\/04\/autyzm-150x150.jpg 150w, https:\/\/www.noworudzianin.pl\/WWW\/wp-content\/uploads\/2020\/04\/autyzm-768x768.jpg 768w, https:\/\/www.noworudzianin.pl\/WWW\/wp-content\/uploads\/2020\/04\/autyzm.jpg 1080w\" sizes=\"(max-width: 630px) 100vw, 630px\" \/><\/a><\/p>\n<p>Nie trzeba ich stosowa\u0107 tak\u017ce w biurze, pod warunkiem, \u017ce nie zajmujemy si\u0119 bezpo\u015bredni\u0105 obs\u0142ug\u0105 interesant\u00f3w. Twarzy nie musz\u0105 zas\u0142ania\u0107 tak\u017ce kierowcy komunikacji miejskiej czy prywatnego przewo\u017anika, pod warunkiem, \u017ce kierowca b\u0119dzie odgrodzony od kabiny pasa\u017cer\u00f3w. Obowi\u0105zek nie dotyczy tak\u017ce duchownych sprawuj\u0105cych kult religijny oraz \u017co\u0142nierzy.<\/p>\n<p><a href=\"https:\/\/www.noworudzianin.pl\/WWW\/wp-content\/uploads\/2020\/04\/pralka.jpg\"><img loading=\"lazy\" decoding=\"async\" src=\"https:\/\/www.noworudzianin.pl\/WWW\/wp-content\/uploads\/2020\/04\/pralka-630x630.jpg\" alt=\"\" width=\"630\" height=\"630\" class=\"alignnone size-large wp-image-21239\" srcset=\"https:\/\/www.noworudzianin.pl\/WWW\/wp-content\/uploads\/2020\/04\/pralka-630x630.jpg 630w, https:\/\/www.noworudzianin.pl\/WWW\/wp-content\/uploads\/2020\/04\/pralka-300x300.jpg 300w, https:\/\/www.noworudzianin.pl\/WWW\/wp-content\/uploads\/2020\/04\/pralka-150x150.jpg 150w, https:\/\/www.noworudzianin.pl\/WWW\/wp-content\/uploads\/2020\/04\/pralka-768x768.jpg 768w, https:\/\/www.noworudzianin.pl\/WWW\/wp-content\/uploads\/2020\/04\/pralka-1536x1536.jpg 1536w, https:\/\/www.noworudzianin.pl\/WWW\/wp-content\/uploads\/2020\/04\/pralka.jpg 1600w\" sizes=\"(max-width: 630px) 100vw, 630px\" \/><\/a><\/p>\n<p>Co wa\u017cne, wszystkie osoby, kt\u00f3re b\u0119d\u0105 zas\u0142ania\u0107 twarz, na wezwanie s\u0142u\u017cb czy os\u00f3b, kt\u00f3re musz\u0105 potwierdzi\u0107 nasz\u0105 to\u017csamo\u015b\u0107, maj\u0105 obowi\u0105zek ods\u0142oni\u0119cia twarzy.<\/p>\n<p>Niezastosowanie si\u0119 do tych nowych przepis\u00f3w b\u0119dzie skutkowa\u0107 nie tylko pouczeniami, ale r\u00f3wnie\u017c mandatami.<\/p>\n<p><a href=\"https:\/\/www.noworudzianin.pl\/WWW\/wp-content\/uploads\/2020\/04\/Nakaz-zakrywania-ust-i-nosa-2.png\"><img loading=\"lazy\" decoding=\"async\" src=\"https:\/\/www.noworudzianin.pl\/WWW\/wp-content\/uploads\/2020\/04\/Nakaz-zakrywania-ust-i-nosa-2-630x630.png\" alt=\"\" width=\"630\" height=\"630\" class=\"alignnone size-large wp-image-21234\" srcset=\"https:\/\/www.noworudzianin.pl\/WWW\/wp-content\/uploads\/2020\/04\/Nakaz-zakrywania-ust-i-nosa-2-630x630.png 630w, https:\/\/www.noworudzianin.pl\/WWW\/wp-content\/uploads\/2020\/04\/Nakaz-zakrywania-ust-i-nosa-2-300x300.png 300w, https:\/\/www.noworudzianin.pl\/WWW\/wp-content\/uploads\/2020\/04\/Nakaz-zakrywania-ust-i-nosa-2-150x150.png 150w, https:\/\/www.noworudzianin.pl\/WWW\/wp-content\/uploads\/2020\/04\/Nakaz-zakrywania-ust-i-nosa-2-768x768.png 768w, https:\/\/www.noworudzianin.pl\/WWW\/wp-content\/uploads\/2020\/04\/Nakaz-zakrywania-ust-i-nosa-2.png 960w\" sizes=\"(max-width: 630px) 100vw, 630px\" \/><\/a><\/p>\n<p>Stosowanie tego typu zabezpieczenia maj\u0105 chroni\u0107 zdrowe osoby poprzez ograniczenie rozprzestrzeniania si\u0119 wirusa u os\u00f3b chorych i nosicieli, kt\u00f3rzy cz\u0119sto nie s\u0105 \u015bwiadomi zara\u017cenia, a choroba przechodzi bezobjawowo. Jak pokazuj\u0105 analizy kichni\u0119cie, kaszel mo\u017ce rozpyla\u0107 wirusa na kilka metr\u00f3w, kt\u00f3ry mo\u017ce si\u0119 unosi\u0107 nawet kilka minut w powietrzu na mikrokropelkach \u015bliny, kt\u00f3re wydostaj\u0105 si\u0119 z organizmu osoby zara\u017conej nawet podczas zwyk\u0142ego m\u00f3wienia.<\/p>\n<p><a href=\"https:\/\/www.noworudzianin.pl\/WWW\/wp-content\/uploads\/2020\/04\/ryzyko-zak\u017ce\u0144.jpg\"><img loading=\"lazy\" decoding=\"async\" src=\"https:\/\/www.noworudzianin.pl\/WWW\/wp-content\/uploads\/2020\/04\/ryzyko-zak\u017ce\u0144.jpg\" alt=\"\" width=\"511\" height=\"1004\" class=\"alignnone size-full wp-image-21238\" srcset=\"https:\/\/www.noworudzianin.pl\/WWW\/wp-content\/uploads\/2020\/04\/ryzyko-zak\u017ce\u0144.jpg 511w, https:\/\/www.noworudzianin.pl\/WWW\/wp-content\/uploads\/2020\/04\/ryzyko-zak\u017ce\u0144-153x300.jpg 153w\" sizes=\"(max-width: 511px) 100vw, 511px\" \/><\/a><\/p>\n<p><strong>W gminie wiejskiej<\/strong> Nowa Ruda maseczki s\u0105 ju\u017c od \u015brody 15 kwietnia dystrybuowane przez stra\u017cak\u00f3w OSP w kolejnych \u00admiejscowo\u015bciach. Pisali\u015bmy o tym tutaj: <a href=\"https:\/\/www.noworudzianin.pl\/WWW\/2020\/04\/15\/maseczka-dla-kazdego-mieszkanca\/\" rel=\"noopener noreferrer\" target=\"_blank\">Maseczka dla ka\u017cdego mieszka\u0144ca<\/a><\/p>\n<p><strong>W gminie miejskiej<\/strong> Nowa Ruda maseczki niebawem otrzymaj\u0105 seniorzy 60+ o czym informowa\u0142 w \u015brod\u0119 urz\u0105d w specjalnym komunikacie.<br \/>\n<a href=\"https:\/\/www.noworudzianin.pl\/WWW\/wp-content\/uploads\/2020\/04\/93250583_2954288134606882_4960149647298396160_o.png\"><img loading=\"lazy\" decoding=\"async\" src=\"https:\/\/www.noworudzianin.pl\/WWW\/wp-content\/uploads\/2020\/04\/93250583_2954288134606882_4960149647298396160_o-630x892.png\" alt=\"\" width=\"630\" height=\"892\" class=\"alignnone size-large wp-image-21226\" srcset=\"https:\/\/www.noworudzianin.pl\/WWW\/wp-content\/uploads\/2020\/04\/93250583_2954288134606882_4960149647298396160_o-630x892.png 630w, https:\/\/www.noworudzianin.pl\/WWW\/wp-content\/uploads\/2020\/04\/93250583_2954288134606882_4960149647298396160_o-212x300.png 212w, https:\/\/www.noworudzianin.pl\/WWW\/wp-content\/uploads\/2020\/04\/93250583_2954288134606882_4960149647298396160_o-768x1087.png 768w, https:\/\/www.noworudzianin.pl\/WWW\/wp-content\/uploads\/2020\/04\/93250583_2954288134606882_4960149647298396160_o-1085x1536.png 1085w, https:\/\/www.noworudzianin.pl\/WWW\/wp-content\/uploads\/2020\/04\/93250583_2954288134606882_4960149647298396160_o.png 1447w\" sizes=\"(max-width: 630px) 100vw, 630px\" \/><\/a><\/p>\n","protected":false},"excerpt":{"rendered":"<p>Od czwartku 16 kwietnia do odwo\u0142ania obowi\u0105zuje nakaz zakrywania ust i nosa w miejscach publicznych<\/p>\n","protected":false},"author":4,"featured_media":21229,"comment_status":"open","ping_status":"closed","sticky":false,"template":"","format":"standard","meta":{"om_disable_all_campaigns":false,"_monsterinsights_skip_tracking":false,"_monsterinsights_sitenote_active":false,"_monsterinsights_sitenote_note":"","_monsterinsights_sitenote_category":0,"_uf_show_specific_survey":0,"_uf_disable_surveys":false,"footnotes":""},"categories":[2,29,9,6,281],"tags":[5135,5323,20,5,54],"aioseo_notices":[],"amp_enabled":true,"_links":{"self":[{"href":"https:\/\/www.noworudzianin.pl\/WWW\/wp-json\/wp\/v2\/posts\/21224"}],"collection":[{"href":"https:\/\/www.noworudzianin.pl\/WWW\/wp-json\/wp\/v2\/posts"}],"about":[{"href":"https:\/\/www.noworudzianin.pl\/WWW\/wp-json\/wp\/v2\/types\/post"}],"author":[{"embeddable":true,"href":"https:\/\/www.noworudzianin.pl\/WWW\/wp-json\/wp\/v2\/users\/4"}],"replies":[{"embeddable":true,"href":"https:\/\/www.noworudzianin.pl\/WWW\/wp-json\/wp\/v2\/comments?post=21224"}],"version-history":[{"count":11,"href":"https:\/\/www.noworudzianin.pl\/WWW\/wp-json\/wp\/v2\/posts\/21224\/revisions"}],"predecessor-version":[{"id":21249,"href":"https:\/\/www.noworudzianin.pl\/WWW\/wp-json\/wp\/v2\/posts\/21224\/revisions\/21249"}],"wp:featuredmedia":[{"embeddable":true,"href":"https:\/\/www.noworudzianin.pl\/WWW\/wp-json\/wp\/v2\/media\/21229"}],"wp:attachment":[{"href":"https:\/\/www.noworudzianin.pl\/WWW\/wp-json\/wp\/v2\/media?parent=21224"}],"wp:term":[{"taxonomy":"category","embeddable":true,"href":"https:\/\/www.noworudzianin.pl\/WWW\/wp-json\/wp\/v2\/categories?post=21224"},{"taxonomy":"post_tag","embeddable":true,"href":"https:\/\/www.noworudzianin.pl\/WWW\/wp-json\/wp\/v2\/tags?post=21224"}],"curies":[{"name":"wp","href":"https:\/\/api.w.org\/{rel}","templated":true}]}}