{"id":21433,"date":"2020-04-25T08:31:01","date_gmt":"2020-04-25T06:31:01","guid":{"rendered":"https:\/\/www.noworudzianin.pl\/WWW\/?p=21433"},"modified":"2020-04-25T08:31:01","modified_gmt":"2020-04-25T06:31:01","slug":"radni-apeluja-w-sprawie-wyborow","status":"publish","type":"post","link":"https:\/\/www.noworudzianin.pl\/WWW\/2020\/04\/25\/radni-apeluja-w-sprawie-wyborow\/","title":{"rendered":"Radni apeluj\u0105 w sprawie wybor\u00f3w"},"content":{"rendered":"<p>Podczas sesji Rady Miejskiej w Nowej Rudzie kt\u00f3ra odby\u0142a si\u0119 w pi\u0105tek 24 kwietnia radni przyj\u0119li Apel w sprawie przesuni\u0119cia terminu wybor\u00f3w prezydenckich w Polsce kt\u00f3rych termin og\u0142oszono na dzie\u0144 10 maja 2020 r. Za przyj\u0119ciem Apelu g\u0142osowa\u0142o 15 radnych, 4 by\u0142o przeciw. Podczas sesji poruszano te\u017c kwesti\u0119 wyst\u0105pienia Poczty Polskiej do Gminy Miejskiej Nowa Ruda o przekazanie danych osobowych wyborc\u00f3w<\/p>\n<p>Apel teraz trafi do  Marsza\u0142ka Sejmu RP, Marsza\u0142ka Senatu RP, Prezydenta RP, Parlamentarzyst\u00f3w z Okr\u0119gu Wyborczego nr 2 do Sejmu RP oraz z Okr\u0119gu Wyborczego Nr 5 do Senatu RP.<\/p>\n<p>\u2013 Intencj\u0105 apelu jest tak naprawd\u0119 przesuni\u0119cie zaplanowanych na 10 maja wybor\u00f3w prezydenckich, z uwagi na wyst\u0119puj\u0105cy stan epidemii i brak mo\u017cliwo\u015bci realizacji wybor\u00f3w. Chc\u0119 poinformowa\u0107, ze Pa\u0144stwowa Komisja Wyborcza zatwierdzi\u0142a jeden pi\u0119cioosobowy sk\u0142ad komisji z dwunastu, kt\u00f3re powinny by\u0107. Je\u017celi chodzi o osoby zg\u0142oszone do komisji wyborczych jest ich 29 wi\u0119c wida\u0107 jak to wygl\u0105da, je\u017celi chodzi o realizacj\u0119, czy mo\u017cliwo\u015bci realizacji wybor\u00f3w prezydenckich  w obecnej chwili \u2013 t\u0142umaczy\u0142 burmistrz Nowej Rudy Tomasz Kili\u0144ski. \u2013 Wdro\u017cony stan epidemii i wdro\u017cone obostrzania i ograniczenia praw obywatelskich, kt\u00f3re obecnie funkcjonuj\u0105 oraz nasze apele dotycz\u0105ce ograniczania kontakt\u00f3w mi\u0119dzyludzkich, pozostanie w domu i zachowanie szczeg\u00f3lnych \u015brodk\u00f3w ostro\u017cno\u015bci powoduj\u0105, \u017ce organizowanie wybor\u00f3w i zapewnienie wszelkich z tym zwi\u0105zanych spraw jest bardzo trudne, m\u00f3wi\u0119 tu m.in. o przygotowaniu lokali wyborczych i obs\u0142ug\u0119 techniczn\u0105 wybor\u00f3w bez nara\u017cania i tak naprawd\u0119 bez \u0142amania istniej\u0105cych ogranicze\u0144 i nakaz\u00f3w, kt\u00f3re zosta\u0142y wprowadzone w naszym pa\u0144stwie przez rz\u0105d \u2013 doda\u0142 burmistrz.<\/p>\n<p>Na te s\u0142owa, g\u0142os zabra\u0142 radny Zbigniew Karczewski, kt\u00f3ry stwierdzi\u0142 \u017ce samorz\u0105d powinien by\u0107 apolityczny, a o wyborach powinni zdecydowa\u0107 rz\u0105dz\u0105cy zgodnie z Konstytucj\u0105 i za to b\u0119d\u0105 ponosi\u0107 odpowiedzialno\u015b\u0107.<\/p>\n<p>W odpowiedzi Tomasz Kili\u0144ski stwierdzi\u0142, \u017ce decyzje i prawo w zakresie wybor\u00f3w stanowi parlament, ale obserwuj\u0105c to co si\u0119 dzieje i zamierzenia rz\u0105du w zakresie przygotowywania wybor\u00f3w kt\u00f3re do tej pory zosta\u0142y poczynione i w zwi\u0105zku z tym jak wygl\u0105da sytuacja w naszej gminie i wi\u0119kszo\u015bci gmin, bo apeli samorz\u0105d\u00f3w  w sprawie organizacji wybor\u00f3w jest naprawd\u0119 mn\u00f3stwo i zapewniam \u017ce nie maja one nic wsp\u00f3lnego z polityk\u0105 tylko z obecn\u0105 sytuacj\u0105 w jakiej znale\u017ali si\u0119 mieszka\u0144cy naszej gminy i ca\u0142ej Polski.<\/p>\n<p>\u2013 Sytuacja o kt\u00f3rej m\u00f3wi\u0119 nie pozwala na zorganizowanie wybor\u00f3w, nie m\u00f3wi\u0119 tu o wyborach korespondencyjnych, kt\u00f3re w obecnym stanie prawnym jeszcze w og\u00f3le nie funkcjonuj\u0105, a nawet w takiej formule nie zostan\u0105 spe\u0142nione wszelkie przes\u0142anki wynikaj\u0105ce z Konstytucji, ich powszechno\u015bci, dost\u0119pno\u015bci zw\u0142aszcza dla niekt\u00f3rych mieszka\u0144c\u00f3w, kt\u00f3rzy mieli by w wyborach wzi\u0105\u0107 udzia\u0142 \u2013 zapewnia\u0142 Tomasz Kili\u0144ski. \u2013 Wielu prezydent\u00f3w, burmistrz\u00f3w i w\u00f3jt\u00f3w wyst\u0119powa\u0142o w sprawie niemo\u017cliwo\u015bci organizacji wybor\u00f3w w tym terminie poniewa\u017c pokazujemy rzeczywist\u0105 sytuacj\u0119 w gminach w kt\u00f3rych wybory maja by\u0107 przeprowadzone \u2013 informowa\u0142 radnych.<\/p>\n<p>Radna Magdalena Lichwa zada\u0142a pytanie czy Poczta Polska wyst\u0105pi\u0142a do urz\u0119du miasta o przekazanie danych wyborc\u00f3w?<br \/>\n\u2013 Prawdopodobnie tak, celowo u\u017cy\u0142em s\u0142owa prawdopodobnie bo mail, kt\u00f3ry otrzymali\u015bmy by\u0142 podpisany Poczta Polska. O ile e-maila wys\u0142a\u0142a naprawd\u0119 Poczta Polska, to takie wyst\u0105pienie zosta\u0142o poczynione. Nikt maila nie podpisa\u0142, nie zosta\u0142o to w \u017caden oficjalny spos\u00f3b przes\u0142ane, ani drog\u0105 listow\u0105, ani chocia\u017cby przez zastosowanie podpisu kwalifikowanego, w zwi\u0105zku z tym wezwali\u015bmy Poczt\u0119 Polsk\u0105 domniemaj\u0105c, \u017ce to ona jest autorem tego wyst\u0105pienia, do nas do jego formalnego uzupe\u0142nienia \u2013 odpowiedzia\u0142 burmistrz Tomasz Kili\u0144ski. \u2013 Pomijam kwesti\u0119, \u017ce przekazanie tych danych jest niezgodne z prawem i w obecnie obowi\u0105zuj\u0105cym stanie prawnym na pewno nie nast\u0105pi, ale samo wyst\u0105pienie Poczty Polskiej jest jak najbardziej wadliwe \u2013 doda\u0142.<\/p>\n<p>Przes\u0142anka konstytucyjna o kt\u00f3rej wspomnia\u0142 burmistrz to artyku\u0142 127. Konstytucji:<br \/>\n\u201e1. Prezydent Rzeczypospolitej jest wybierany przez Nar\u00f3d w wyborach powszechnych, r\u00f3wnych, bezpo\u015brednich i w g\u0142osowaniu tajnym\u201d.<\/p>\n<p><a href=\"https:\/\/www.noworudzianin.pl\/WWW\/wp-content\/uploads\/2020\/04\/apel1.jpg\"><img loading=\"lazy\" decoding=\"async\" src=\"https:\/\/www.noworudzianin.pl\/WWW\/wp-content\/uploads\/2020\/04\/apel1-630x825.jpg\" alt=\"\" width=\"630\" height=\"825\" class=\"alignnone size-large wp-image-21434\" srcset=\"https:\/\/www.noworudzianin.pl\/WWW\/wp-content\/uploads\/2020\/04\/apel1-630x825.jpg 630w, https:\/\/www.noworudzianin.pl\/WWW\/wp-content\/uploads\/2020\/04\/apel1-229x300.jpg 229w, https:\/\/www.noworudzianin.pl\/WWW\/wp-content\/uploads\/2020\/04\/apel1-768x1006.jpg 768w, https:\/\/www.noworudzianin.pl\/WWW\/wp-content\/uploads\/2020\/04\/apel1.jpg 810w\" sizes=\"(max-width: 630px) 100vw, 630px\" \/><\/a><\/p>\n<p><a href=\"https:\/\/www.noworudzianin.pl\/WWW\/wp-content\/uploads\/2020\/04\/apel2.jpg\"><img loading=\"lazy\" decoding=\"async\" src=\"https:\/\/www.noworudzianin.pl\/WWW\/wp-content\/uploads\/2020\/04\/apel2-630x817.jpg\" alt=\"\" width=\"630\" height=\"817\" class=\"alignnone size-large wp-image-21435\" srcset=\"https:\/\/www.noworudzianin.pl\/WWW\/wp-content\/uploads\/2020\/04\/apel2-630x817.jpg 630w, https:\/\/www.noworudzianin.pl\/WWW\/wp-content\/uploads\/2020\/04\/apel2-231x300.jpg 231w, https:\/\/www.noworudzianin.pl\/WWW\/wp-content\/uploads\/2020\/04\/apel2-768x996.jpg 768w, https:\/\/www.noworudzianin.pl\/WWW\/wp-content\/uploads\/2020\/04\/apel2.jpg 813w\" sizes=\"(max-width: 630px) 100vw, 630px\" \/><\/a><\/p>\n","protected":false},"excerpt":{"rendered":"<p>Podczas sesji Rady Miejskiej w Nowej Rudzie kt\u00f3ra odby\u0142a si\u0119 w pi\u0105tek 24 kwietnia radni przyj\u0119li Apel w sprawie przesuni\u0119cia<\/p>\n","protected":false},"author":4,"featured_media":21436,"comment_status":"open","ping_status":"closed","sticky":false,"template":"","format":"standard","meta":{"om_disable_all_campaigns":false,"_monsterinsights_skip_tracking":false,"_monsterinsights_sitenote_active":false,"_monsterinsights_sitenote_note":"","_monsterinsights_sitenote_category":0,"_uf_show_specific_survey":0,"_uf_disable_surveys":false,"footnotes":""},"categories":[2,6,2974],"tags":[1274,20,5,5375,462,3212],"aioseo_notices":[],"amp_enabled":true,"_links":{"self":[{"href":"https:\/\/www.noworudzianin.pl\/WWW\/wp-json\/wp\/v2\/posts\/21433"}],"collection":[{"href":"https:\/\/www.noworudzianin.pl\/WWW\/wp-json\/wp\/v2\/posts"}],"about":[{"href":"https:\/\/www.noworudzianin.pl\/WWW\/wp-json\/wp\/v2\/types\/post"}],"author":[{"embeddable":true,"href":"https:\/\/www.noworudzianin.pl\/WWW\/wp-json\/wp\/v2\/users\/4"}],"replies":[{"embeddable":true,"href":"https:\/\/www.noworudzianin.pl\/WWW\/wp-json\/wp\/v2\/comments?post=21433"}],"version-history":[{"count":1,"href":"https:\/\/www.noworudzianin.pl\/WWW\/wp-json\/wp\/v2\/posts\/21433\/revisions"}],"predecessor-version":[{"id":21437,"href":"https:\/\/www.noworudzianin.pl\/WWW\/wp-json\/wp\/v2\/posts\/21433\/revisions\/21437"}],"wp:featuredmedia":[{"embeddable":true,"href":"https:\/\/www.noworudzianin.pl\/WWW\/wp-json\/wp\/v2\/media\/21436"}],"wp:attachment":[{"href":"https:\/\/www.noworudzianin.pl\/WWW\/wp-json\/wp\/v2\/media?parent=21433"}],"wp:term":[{"taxonomy":"category","embeddable":true,"href":"https:\/\/www.noworudzianin.pl\/WWW\/wp-json\/wp\/v2\/categories?post=21433"},{"taxonomy":"post_tag","embeddable":true,"href":"https:\/\/www.noworudzianin.pl\/WWW\/wp-json\/wp\/v2\/tags?post=21433"}],"curies":[{"name":"wp","href":"https:\/\/api.w.org\/{rel}","templated":true}]}}