{"id":21461,"date":"2020-04-27T12:30:20","date_gmt":"2020-04-27T10:30:20","guid":{"rendered":"https:\/\/www.noworudzianin.pl\/WWW\/?p=21461"},"modified":"2020-04-27T12:30:56","modified_gmt":"2020-04-27T10:30:56","slug":"wirtualna-wycieczka-w-znane-i-nieznane-2","status":"publish","type":"post","link":"https:\/\/www.noworudzianin.pl\/WWW\/2020\/04\/27\/wirtualna-wycieczka-w-znane-i-nieznane-2\/","title":{"rendered":"Wirtualna wycieczka w znane i nieznane"},"content":{"rendered":"<p>2 kwietnia, po raz drugi spotkali\u015bmy si\u0119 na on-linowej wycieczce z Biurem \u015aNIE\u017bKA. Zgodnie z obietnic\u0105, Agnieszka zabra\u0142a nas na chwil\u0119 do Berlina. Bo si\u0119 okazuje, \u017ce Berlin i Wielkopolska i sam Pozna\u0144, troch\u0119 si\u0119 splot\u0142y na kartach historii. A mianowicie &#8211; urodzony w Poznaniu Atanazy Raczy\u0144ski (1788). By\u0142, jakby\u015bmy dzisiaj powiedzieli senatorem, \u017co\u0142nierzem armii napoleo\u0144skiej i Ksi\u0119stwa Warszawskiego, p\u00f3\u017aniej zwi\u0105za\u0142 si\u0119 w dworem Hohenzollern\u00f3w. Ale Atanazy najbardziej znany by\u0142 jako kolekcjoner i znawca malarstwa zachodnioeuropejskiego. Po wyje\u017adzie do Berlina na sta\u0142e, gdzie zamieszka\u0142 w domu przy ulicy Unter den Linden (1834) i w oficynie tego\u017c domu otworzy\u0142 swoj\u0105 pierwsz\u0105 galeri\u0119. 10 lat p\u00f3\u017aniej hrabia Raczy\u0144ski wybudowa\u0142 pa\u0142ac, w kt\u00f3rym stworzy\u0142 bardzo nowoczesn\u0105 jak na owe czasy galeri\u0119 (zainstalowano rolety zaciemniaj\u0105ce aby obrazy ogl\u0105da\u0107 przy bia\u0142ym \u015bwietle oraz &#8211; po raz pierwszy w Europie &#8211; czujniki temperatury i wilgotno\u015bci). Dzi\u015b, na miejscu pi\u0119knego pa\u0142acu stoi budynek Reichstagu, a obrazy z bogatej galerii wr\u00f3ci\u0142y do Wielkopolski (Poznania, Rogalina, Go\u0142uchowa i \u015amie\u0142owa) &#8211; za wyj\u0105tkiem tonda Botticelliego, kt\u00f3re (odkupione) pozosta\u0142o w Berlinie. Budynek Parlamentu to oczywi\u015bcie \u015bwiat polityki, a chyba najbardziej znan\u0105, wsp\u00f3\u0142czesn\u0105 jej postaci\u0105 jest Angela Merkel. Angela Merkel, fizyk kwantowy i znakomity polityk (mimo wszystko), ma jak si\u0119 okazuje polskie korzenie. I to korzenie wielkopolskie a w\u0142a\u015bciwie pozna\u0144skie. Bo to z Poznania bowiem pochodzi\u0142 dziadek Angeli &#8211; Ludwig Ka\u017amierczak (uczestnik Powstania Wielkopolskiego), kt\u00f3ry po osiedleniu si\u0119 po stronie niemieckiej zmieni\u0142 nazwisko na Kasner. I takie jest w\u0142a\u015bnie nazwisko panie\u0144skie pani kanclerz.<\/p>\n<p>Angela Merkel nie utrzymuje ju\u017c kontakt\u00f3w z polskimi krewnymi, ale takie kontakty utrzymywa\u0142 jeszcze jej ojciec, Horst Kasner, a Ludwig Kasner (dziadek) w Polsce by\u0142 ostatni raz w 1941 roku na pogrzebie swojej matki. Jak to dziwnie plecie si\u0119 historia&#8230;<\/p>\n<p>Noworudzki UTW<br \/>\nZ turystycznym pozdrowieniem<br \/>\nAnna Szczepan<br \/>\nwykorzystano fot. Biura Turystycznego \u015aNIE\u017bKA<br \/>\ni Wikipedii<\/p>\n<p><a href=\"https:\/\/www.noworudzianin.pl\/WWW\/wp-content\/uploads\/2020\/04\/Wirtualna-wycieczka-w-znane-i-nieznane-2.jpg\"><img loading=\"lazy\" decoding=\"async\" src=\"https:\/\/www.noworudzianin.pl\/WWW\/wp-content\/uploads\/2020\/04\/Wirtualna-wycieczka-w-znane-i-nieznane-2-630x442.jpg\" alt=\"\" width=\"630\" height=\"442\" class=\"alignnone size-large wp-image-21462\" srcset=\"https:\/\/www.noworudzianin.pl\/WWW\/wp-content\/uploads\/2020\/04\/Wirtualna-wycieczka-w-znane-i-nieznane-2-630x442.jpg 630w, https:\/\/www.noworudzianin.pl\/WWW\/wp-content\/uploads\/2020\/04\/Wirtualna-wycieczka-w-znane-i-nieznane-2-300x210.jpg 300w, https:\/\/www.noworudzianin.pl\/WWW\/wp-content\/uploads\/2020\/04\/Wirtualna-wycieczka-w-znane-i-nieznane-2-768x539.jpg 768w, https:\/\/www.noworudzianin.pl\/WWW\/wp-content\/uploads\/2020\/04\/Wirtualna-wycieczka-w-znane-i-nieznane-2-130x90.jpg 130w, https:\/\/www.noworudzianin.pl\/WWW\/wp-content\/uploads\/2020\/04\/Wirtualna-wycieczka-w-znane-i-nieznane-2.jpg 800w\" sizes=\"(max-width: 630px) 100vw, 630px\" \/><\/a><\/p>\n<p><a href=\"https:\/\/www.noworudzianin.pl\/WWW\/wp-content\/uploads\/2020\/04\/Wirtualna-wycieczka-w-znane-i-nieznane-3.jpg\"><img loading=\"lazy\" decoding=\"async\" src=\"https:\/\/www.noworudzianin.pl\/WWW\/wp-content\/uploads\/2020\/04\/Wirtualna-wycieczka-w-znane-i-nieznane-3-630x403.jpg\" alt=\"\" width=\"630\" height=\"403\" class=\"alignnone size-large wp-image-21463\" srcset=\"https:\/\/www.noworudzianin.pl\/WWW\/wp-content\/uploads\/2020\/04\/Wirtualna-wycieczka-w-znane-i-nieznane-3-630x403.jpg 630w, https:\/\/www.noworudzianin.pl\/WWW\/wp-content\/uploads\/2020\/04\/Wirtualna-wycieczka-w-znane-i-nieznane-3-300x192.jpg 300w, https:\/\/www.noworudzianin.pl\/WWW\/wp-content\/uploads\/2020\/04\/Wirtualna-wycieczka-w-znane-i-nieznane-3-768x492.jpg 768w, https:\/\/www.noworudzianin.pl\/WWW\/wp-content\/uploads\/2020\/04\/Wirtualna-wycieczka-w-znane-i-nieznane-3.jpg 800w\" sizes=\"(max-width: 630px) 100vw, 630px\" \/><\/a><\/p>\n<p><a href=\"https:\/\/www.noworudzianin.pl\/WWW\/wp-content\/uploads\/2020\/04\/Wirtualna-wycieczka-w-znane-i-nieznane-5.jpg\"><img loading=\"lazy\" decoding=\"async\" src=\"https:\/\/www.noworudzianin.pl\/WWW\/wp-content\/uploads\/2020\/04\/Wirtualna-wycieczka-w-znane-i-nieznane-5-630x413.jpg\" alt=\"\" width=\"630\" height=\"413\" class=\"alignnone size-large wp-image-21464\" srcset=\"https:\/\/www.noworudzianin.pl\/WWW\/wp-content\/uploads\/2020\/04\/Wirtualna-wycieczka-w-znane-i-nieznane-5-630x413.jpg 630w, https:\/\/www.noworudzianin.pl\/WWW\/wp-content\/uploads\/2020\/04\/Wirtualna-wycieczka-w-znane-i-nieznane-5-300x197.jpg 300w, https:\/\/www.noworudzianin.pl\/WWW\/wp-content\/uploads\/2020\/04\/Wirtualna-wycieczka-w-znane-i-nieznane-5-768x503.jpg 768w, https:\/\/www.noworudzianin.pl\/WWW\/wp-content\/uploads\/2020\/04\/Wirtualna-wycieczka-w-znane-i-nieznane-5.jpg 800w\" sizes=\"(max-width: 630px) 100vw, 630px\" \/><\/a><\/p>\n","protected":false},"excerpt":{"rendered":"<p>2 kwietnia, po raz drugi spotkali\u015bmy si\u0119 na on-linowej wycieczce z Biurem \u015aNIE\u017bKA. Zgodnie z obietnic\u0105, Agnieszka zabra\u0142a nas na<\/p>\n","protected":false},"author":4,"featured_media":21467,"comment_status":"open","ping_status":"closed","sticky":false,"template":"","format":"standard","meta":{"om_disable_all_campaigns":false,"_monsterinsights_skip_tracking":false,"_monsterinsights_sitenote_active":false,"_monsterinsights_sitenote_note":"","_monsterinsights_sitenote_category":0,"_uf_show_specific_survey":0,"_uf_disable_surveys":false,"footnotes":""},"categories":[2,6,218,146,4359],"tags":[5382,818,20,5,2742,684,5316],"aioseo_notices":[],"amp_enabled":true,"_links":{"self":[{"href":"https:\/\/www.noworudzianin.pl\/WWW\/wp-json\/wp\/v2\/posts\/21461"}],"collection":[{"href":"https:\/\/www.noworudzianin.pl\/WWW\/wp-json\/wp\/v2\/posts"}],"about":[{"href":"https:\/\/www.noworudzianin.pl\/WWW\/wp-json\/wp\/v2\/types\/post"}],"author":[{"embeddable":true,"href":"https:\/\/www.noworudzianin.pl\/WWW\/wp-json\/wp\/v2\/users\/4"}],"replies":[{"embeddable":true,"href":"https:\/\/www.noworudzianin.pl\/WWW\/wp-json\/wp\/v2\/comments?post=21461"}],"version-history":[{"count":1,"href":"https:\/\/www.noworudzianin.pl\/WWW\/wp-json\/wp\/v2\/posts\/21461\/revisions"}],"predecessor-version":[{"id":21465,"href":"https:\/\/www.noworudzianin.pl\/WWW\/wp-json\/wp\/v2\/posts\/21461\/revisions\/21465"}],"wp:featuredmedia":[{"embeddable":true,"href":"https:\/\/www.noworudzianin.pl\/WWW\/wp-json\/wp\/v2\/media\/21467"}],"wp:attachment":[{"href":"https:\/\/www.noworudzianin.pl\/WWW\/wp-json\/wp\/v2\/media?parent=21461"}],"wp:term":[{"taxonomy":"category","embeddable":true,"href":"https:\/\/www.noworudzianin.pl\/WWW\/wp-json\/wp\/v2\/categories?post=21461"},{"taxonomy":"post_tag","embeddable":true,"href":"https:\/\/www.noworudzianin.pl\/WWW\/wp-json\/wp\/v2\/tags?post=21461"}],"curies":[{"name":"wp","href":"https:\/\/api.w.org\/{rel}","templated":true}]}}