{"id":21497,"date":"2020-04-30T16:09:52","date_gmt":"2020-04-30T14:09:52","guid":{"rendered":"https:\/\/www.noworudzianin.pl\/WWW\/?p=21497"},"modified":"2020-04-30T16:09:52","modified_gmt":"2020-04-30T14:09:52","slug":"w-sprawie-pracujacych-w-czechach","status":"publish","type":"post","link":"https:\/\/www.noworudzianin.pl\/WWW\/2020\/04\/30\/w-sprawie-pracujacych-w-czechach\/","title":{"rendered":"W sprawie pracuj\u0105cych w Czechach"},"content":{"rendered":"<p>Ju\u017c ponad miesi\u0105c mieszka\u0144cy przygranicznych miejscowo\u015bci pracuj\u0105cy w Czechach nie mog\u0105 \u015bwiadczy\u0107 pracy, poniewa\u017c w przypadku opuszczenia kraju, po powrocie musieliby podda\u0107 si\u0119 dwutygodniowej kwarantannie. Dzieje si\u0119 tak w zwi\u0105zku ze stanem pandemii koronawirusa i uszczelnieniu granic. Wiele os\u00f3b pozosta\u0142o bez \u015brodk\u00f3w do \u017cycia<\/p>\n<p>Problem ten znaj\u0105 doskonale samorz\u0105dowcy z naszego terenu. Do sprawy tej odni\u00f3s\u0142 si\u0119 r\u00f3wnie\u017c podczas zesz\u0142otygodniowego posiedzenia Komisji Zdrowia i Ekologii Rady Miejskiej w Nowej Rudzie burmistrz Tomasz Kili\u0144ski.<br \/>\n\u2013 To temat, kt\u00f3ry mocno przewija si\u0119 w rozmowach ze starost\u0105, z burmistrzami i w\u00f3jtami innych miejscowo\u015bci, a tak\u017ce mieszka\u0144cami, kt\u00f3rzy pracuj\u0105 w Republice Czeskiej. Granice s\u0105 zamkni\u0119te, przygotowane s\u0105 wyst\u0105pienia do rz\u0105d\u00f3w w sprawie uruchamiania przygranicznego ruchu tylko i wy\u0142\u0105cznie dla pracownik\u00f3w \u2013 tylko i wy\u0142\u0105cznie w ograniczonych przej\u015bciach granicznych. Je\u017celi chodzi o powiat k\u0142odzki, s\u0105 to: Bobosz\u00f3w, Kudowa i T\u0142umacz\u00f3w, id\u0105c dalej jeszcze Goli\u0144sk, a wi\u0119c te przej\u015bcia najcz\u0119\u015bciej ucz\u0119szczane \u2013 m\u00f3wi\u0142 burmistrz.<br \/>\nTakie wyst\u0105pienie przes\u0142ane zosta\u0142o przez stowarzyszenie Euroregion Glaciensis zar\u00f3wno po polskiej, jak i po czeskiej stronie. R\u00f3wnie\u017c gminy po stronie czeskiej wyst\u0105pi\u0142y do swojego rz\u0105du.<\/p>\n<p>\u2013 Dzieje si\u0119 tak na ca\u0142ej granicy, bo euroregiony wsp\u00f3\u0142pracuj\u0105 na forum, na ca\u0142ej granicy czeskiej, s\u0142owackiej i niemieckiej. Jest to du\u017cy problem i w\u0142a\u015bciwie w powiecie k\u0142odzkim, poza jedn\u0105 gmin\u0105, jeste\u015bmy jednomy\u015blni, \u017ceby ten ruch przygraniczny dla pracownik\u00f3w przywr\u00f3ci\u0107. Zdajemy sobie bowiem spraw\u0119, \u017ce sytuacja tych os\u00f3b, a jest ich tysi\u0105ce, b\u0119dzie si\u0119 stawa\u0107 coraz trudniejsza \u2013 t\u0142umaczy\u0142 Tomasz Kili\u0144ski.<br \/>\nZ pismami do rz\u0105du w sprawie przywr\u00f3cenia ruchu dla pracownik\u00f3w przygranicznych wyst\u0105pi\u0142o te\u017c Stowarzyszenie Gmin Ziemi K\u0142odzkiej i starostwo powiatowe w K\u0142odzku.<\/p>\n<p>Pracownicy r\u00f3\u017cnych firm w Czechach m\u00f3wili, \u017ce istnia\u0142a mo\u017cliwo\u015b\u0107 pozostania za nasz\u0105 po\u0142udniow\u0105 granic\u0105. Jednak ci, kt\u00f3rzy na to si\u0119 zdecydowali, musieli liczy\u0107 si\u0119 z d\u0142ug\u0105 roz\u0142\u0105k\u0105 z rodzin\u0105. Niestety, z powodu rz\u0105dowych przepis\u00f3w uszczelniaj\u0105cych granic\u0119, wiele os\u00f3b z naszego terenu straci\u0142o prac\u0119, b\u0105d\u017a pozosta\u0142o na niskich \u015bwiadczeniach postojowych, ewentualnie zmuszeni byli skorzysta\u0107 z bezp\u0142atnego urlopu.<\/p>\n<p>Centrum Informacyjne Rz\u0105du przekaza\u0142o informacj\u0119, \u017ce rz\u0105dowy zesp\u00f3\u0142 zarz\u0105dzania kryzysowego na pocz\u0105tku przysz\u0142ego tygodnia zajmie si\u0119 tematem ma\u0142ego ruchu granicznego.<\/p>\n<p><a href=\"https:\/\/www.noworudzianin.pl\/WWW\/wp-content\/uploads\/2020\/04\/Awi\u017ce\u0144-pracownicy-transgraniczni.jpg\"><img loading=\"lazy\" decoding=\"async\" src=\"https:\/\/www.noworudzianin.pl\/WWW\/wp-content\/uploads\/2020\/04\/Awi\u017ce\u0144-pracownicy-transgraniczni-630x892.jpg\" alt=\"\" width=\"630\" height=\"892\" class=\"alignnone size-large wp-image-21522\" srcset=\"https:\/\/www.noworudzianin.pl\/WWW\/wp-content\/uploads\/2020\/04\/Awi\u017ce\u0144-pracownicy-transgraniczni-630x892.jpg 630w, https:\/\/www.noworudzianin.pl\/WWW\/wp-content\/uploads\/2020\/04\/Awi\u017ce\u0144-pracownicy-transgraniczni-212x300.jpg 212w, https:\/\/www.noworudzianin.pl\/WWW\/wp-content\/uploads\/2020\/04\/Awi\u017ce\u0144-pracownicy-transgraniczni.jpg 678w\" sizes=\"(max-width: 630px) 100vw, 630px\" \/><\/a><\/p>\n<p><a href=\"https:\/\/www.noworudzianin.pl\/WWW\/wp-content\/uploads\/2020\/04\/Praca-w-Czechach-Eroregion-Glacienzis.jpg\"><img loading=\"lazy\" decoding=\"async\" src=\"https:\/\/www.noworudzianin.pl\/WWW\/wp-content\/uploads\/2020\/04\/Praca-w-Czechach-Eroregion-Glacienzis.jpg\" alt=\"\" width=\"550\" height=\"744\" class=\"alignnone size-large wp-image-21523\" srcset=\"https:\/\/www.noworudzianin.pl\/WWW\/wp-content\/uploads\/2020\/04\/Praca-w-Czechach-Eroregion-Glacienzis.jpg 550w, https:\/\/www.noworudzianin.pl\/WWW\/wp-content\/uploads\/2020\/04\/Praca-w-Czechach-Eroregion-Glacienzis-222x300.jpg 222w\" sizes=\"(max-width: 550px) 100vw, 550px\" \/><\/a><\/p>\n<p align=\"center\"><span style=\"color: #0000ff;\">Str. 6 w numerze 426 tygodnika \u201eNoworudzianin\u201d dost\u0119pnym <\/span> <a href=\"https:\/\/www.noworudzianin.pl\/WWW\/wp-content\/uploads\/2020\/04\/Noworudzianin-Nr-426.pdf\" target=\"_blank\" rel=\"noopener noreferrer\">tutaj<\/a>.<\/p>\n<p><script language=\"JavaScript\">\n<!--\nfunction FP_swapImg() {\/\/v1.0\n var doc=document,args=arguments,elm,n; doc.$imgSwaps=new Array(); for(n=2; n<args.length;\n n+=2) { elm=FP_getObjectByID(args[n]); if(elm) { doc.$imgSwaps[doc.$imgSwaps.length]=elm;\n elm.$src=elm.src; elm.src=args[n+1]; } }\n}\nfunction FP_preloadImgs() {\/\/v1.0\n var d=document,a=arguments; if(!d.FP_imgs) d.FP_imgs=new Array();\n for(var i=0; i<a.length; i++) { d.FP_imgs[i]=new Image; d.FP_imgs[i].src=a[i]; }\n}\nfunction FP_getObjectByID(id,o) {\/\/v1.0\n var c,el,els,f,m,n; if(!o)o=document; if(o.getElementById) el=o.getElementById(id);\n else if(o.layers) c=o.layers; else if(o.all) el=o.all[id]; if(el) return el;\n if(o.id==id || o.name==id) return o; if(o.childNodes) c=o.childNodes; if(c)\n for(n=0; n<c.length; n++) { el=FP_getObjectByID(id,c[n]); if(el) return el; }\n f=o.forms; if(f) for(n=0; n<f.length; n++) { els=f[n].elements;\n for(m=0; m<els.length; m++){ el=FP_getObjectByID(id,els[n]); if(el) return el; } }\n return null;\n}\n\/\/ -->\n<\/script><\/p>\n<p align=\"center\">\n\t\t\t<a target=\"_blank\" href=\"https:\/\/www.noworudzianin.pl\/WWW\/wp-content\/uploads\/2020\/04\/Noworudzianin-Nr-426.pdf\" rel=\"noopener noreferrer\"><br \/>\n\t\t\t<img loading=\"lazy\" decoding=\"async\" border=\"1\" src=\"http:\/\/www.noworudzianin.pl\/WWW\/images\/426_b_small.jpg\" width=\"221\" height=\"300\"><\/a><br \/>\n\t\t\t<font face=\"Verdana\">Numer 426<br \/>\n\t\t\t<font size=\"2\">1-7 maja 2020 r. <\/font><\/font><br \/><center><br \/>\n<body onload=\"FP_preloadImgs(\/*url*\/'https:\/\/www.noworudzianin.pl\/WWW\/images\/button3.gif', \/*url*\/'https:\/\/www.noworudzianin.pl\/WWW\/images\/button4.gif')\"><\/p>\n<p><a target=\"_blank\" href=\"https:\/\/www.noworudzianin.pl\/WWW\/wp-content\/uploads\/2020\/04\/Noworudzianin-Nr-426.pdf\" rel=\"noopener noreferrer\"><br \/>\n<img loading=\"lazy\" decoding=\"async\" border=\"0\" id=\"img1\" src=\"https:\/\/www.noworudzianin.pl\/WWW\/images\/button2a.gif\" height=\"50\" width=\"250\" alt=\"POBIERZ ZA DARMO TUTAJ\" fp-style=\"fp-btn: Metal Capsule 2; fp-font-size: 14; fp-transparent: 1\" fp-title=\"POBIERZ ZA DARMO TUTAJ\" onmouseover=\"FP_swapImg(1,0,\/*id*\/'img1',\/*url*\/'https:\/\/www.noworudzianin.pl\/WWW\/images\/button3a.gif')\" onmouseout=\"FP_swapImg(0,0,\/*id*\/'img1',\/*url*\/'https:\/\/www.noworudzianin.pl\/WWW\/images\/button2a.gif')\" onmousedown=\"FP_swapImg(1,0,\/*id*\/'img1',\/*url*\/'https:\/\/www.noworudzianin.pl\/WWW\/images\/button4a.gif')\" onmouseup=\"FP_swapImg(0,0,\/*id*\/'img1',\/*url*\/'https:\/\/www.noworudzianin.pl\/WWW\/images\/button3a.gif')\"><\/a><\/p>\n<p>Ze wzgl\u0119du na obostrzenia zwi\u0105zane z pandemi\u0105 koronawirusa<br \/>\npowy\u017cszy numer NIE B\u0118DZIE DOST\u0118PNY w wersji papierowej.<\/center><\/p>\n","protected":false},"excerpt":{"rendered":"<p>Ju\u017c ponad miesi\u0105c mieszka\u0144cy przygranicznych miejscowo\u015bci pracuj\u0105cy w Czechach nie mog\u0105 \u015bwiadczy\u0107 pracy, poniewa\u017c w przypadku opuszczenia kraju, po powrocie<\/p>\n","protected":false},"author":4,"featured_media":20861,"comment_status":"open","ping_status":"closed","sticky":false,"template":"","format":"standard","meta":{"om_disable_all_campaigns":false,"_monsterinsights_skip_tracking":false,"_monsterinsights_sitenote_active":false,"_monsterinsights_sitenote_note":"","_monsterinsights_sitenote_category":0,"_uf_show_specific_survey":0,"_uf_disable_surveys":false,"footnotes":""},"categories":[2,6],"tags":[20,5,5390,462,5395],"aioseo_notices":[],"amp_enabled":true,"_links":{"self":[{"href":"https:\/\/www.noworudzianin.pl\/WWW\/wp-json\/wp\/v2\/posts\/21497"}],"collection":[{"href":"https:\/\/www.noworudzianin.pl\/WWW\/wp-json\/wp\/v2\/posts"}],"about":[{"href":"https:\/\/www.noworudzianin.pl\/WWW\/wp-json\/wp\/v2\/types\/post"}],"author":[{"embeddable":true,"href":"https:\/\/www.noworudzianin.pl\/WWW\/wp-json\/wp\/v2\/users\/4"}],"replies":[{"embeddable":true,"href":"https:\/\/www.noworudzianin.pl\/WWW\/wp-json\/wp\/v2\/comments?post=21497"}],"version-history":[{"count":1,"href":"https:\/\/www.noworudzianin.pl\/WWW\/wp-json\/wp\/v2\/posts\/21497\/revisions"}],"predecessor-version":[{"id":21524,"href":"https:\/\/www.noworudzianin.pl\/WWW\/wp-json\/wp\/v2\/posts\/21497\/revisions\/21524"}],"wp:featuredmedia":[{"embeddable":true,"href":"https:\/\/www.noworudzianin.pl\/WWW\/wp-json\/wp\/v2\/media\/20861"}],"wp:attachment":[{"href":"https:\/\/www.noworudzianin.pl\/WWW\/wp-json\/wp\/v2\/media?parent=21497"}],"wp:term":[{"taxonomy":"category","embeddable":true,"href":"https:\/\/www.noworudzianin.pl\/WWW\/wp-json\/wp\/v2\/categories?post=21497"},{"taxonomy":"post_tag","embeddable":true,"href":"https:\/\/www.noworudzianin.pl\/WWW\/wp-json\/wp\/v2\/tags?post=21497"}],"curies":[{"name":"wp","href":"https:\/\/api.w.org\/{rel}","templated":true}]}}