{"id":21568,"date":"2020-05-04T13:05:38","date_gmt":"2020-05-04T11:05:38","guid":{"rendered":"https:\/\/www.noworudzianin.pl\/WWW\/?p=21568"},"modified":"2020-05-04T13:06:41","modified_gmt":"2020-05-04T11:06:41","slug":"sesja-rady-gminy-w-nowej-sali","status":"publish","type":"post","link":"https:\/\/www.noworudzianin.pl\/WWW\/2020\/05\/04\/sesja-rady-gminy-w-nowej-sali\/","title":{"rendered":"Sesja Rady Gminy w nowej sali"},"content":{"rendered":"<p>W \u015brod\u0119 29 kwietnia odby\u0142a si\u0119 XVII Sesja Rady Gminy Nowa Ruda. By\u0142o to pierwsze spotkanie w sali narad nowej siedziby urz\u0119du gminy wiejskiej Nowa Ruda, \u015bwie\u017co po remoncie, po by\u0142ej siedzibie s\u0105du.<\/p>\n<p>Sesja zosta\u0142a przeprowadzona tradycyjnie z zachowaniem re\u017cimu sanitarnego.<br \/>\nRadni otrzymali maseczki, r\u0119kawiczki i p\u0142yn dezynfekcyjny do dyspozycji.<\/p>\n<p>Sesj\u0119 obs\u0142ugiwa\u0142 jeden pracownik urz\u0119du gminy.<br \/>\nW\u00f3jt, skarbnik, sekretarz i kierownicy byli do dyspozycji Rady pod telefonem, jednak pyta\u0144 nie by\u0142o.<\/p>\n<p>Sesja przebieg\u0142a sprawnie i kr\u00f3tko. Uchwalono jednog\u0142o\u015bnie wszystkie uchwa\u0142y, 13 g\u0142osami ZA na trzynastu obecnych radnych.<\/p>\n<p>Sk\u0142ad rady uleg\u0142 zmniejszeniu w zwi\u0105zku z rezygnacj\u0105 ze swojej funkcji jednego z radnych o czym pisali\u015bmy tutaj: <a href=\"https:\/\/www.noworudzianin.pl\/WWW\/2020\/04\/21\/boleslaw-pietruszewski-nie-jest-juz-radnymtu-radnego\/\" rel=\"noopener noreferrer\" target=\"_blank\">Boles\u0142aw Pietruszewski nie jest ju\u017c radnym<\/a><\/p>\n<p>Wybory uzupe\u0142niaj\u0105ce zosta\u0142y zaplanowane na 12 lipca.<\/p>\n<p>\u2013 W czerwcu planujemy przenie\u015b\u0107 wszystkie gabinety z dzier\u017cawionego od Orange budynku, do w\u0142asnego, pozyskanego od skarbu pa\u0144stwa. Ogromne wsparcie uzyska\u0142am od \u00f3wczesnej dyrektor s\u0105du pani Reginy Dobniak, prezes\u00f3w s\u0105du i ministra Micha\u0142a Dworczyka \u2013 napisa\u0142a na profilu spo\u0142eczno\u015bciowym Adrianna Mierzejewska, w\u00f3jt gminy Nowa Ruda.<\/p>\n<p>Foto. Sylwia Maciejczyk<\/p>\n<p><a href=\"https:\/\/www.noworudzianin.pl\/WWW\/wp-content\/uploads\/2020\/05\/95174436_880546225793896_4508804655286845440_n.jpg\"><img loading=\"lazy\" decoding=\"async\" src=\"https:\/\/www.noworudzianin.pl\/WWW\/wp-content\/uploads\/2020\/05\/95174436_880546225793896_4508804655286845440_n-630x844.jpg\" alt=\"\" width=\"630\" height=\"844\" class=\"alignnone size-large wp-image-21569\" srcset=\"https:\/\/www.noworudzianin.pl\/WWW\/wp-content\/uploads\/2020\/05\/95174436_880546225793896_4508804655286845440_n-630x844.jpg 630w, https:\/\/www.noworudzianin.pl\/WWW\/wp-content\/uploads\/2020\/05\/95174436_880546225793896_4508804655286845440_n-224x300.jpg 224w, https:\/\/www.noworudzianin.pl\/WWW\/wp-content\/uploads\/2020\/05\/95174436_880546225793896_4508804655286845440_n.jpg 717w\" sizes=\"(max-width: 630px) 100vw, 630px\" \/><\/a><\/p>\n","protected":false},"excerpt":{"rendered":"<p>W \u015brod\u0119 29 kwietnia odby\u0142a si\u0119 XVII Sesja Rady Gminy Nowa Ruda. By\u0142o to pierwsze spotkanie w sali narad nowej<\/p>\n","protected":false},"author":4,"featured_media":21570,"comment_status":"open","ping_status":"closed","sticky":false,"template":"","format":"standard","meta":{"om_disable_all_campaigns":false,"_monsterinsights_skip_tracking":false,"_monsterinsights_sitenote_active":false,"_monsterinsights_sitenote_note":"","_monsterinsights_sitenote_category":0,"_uf_show_specific_survey":0,"_uf_disable_surveys":false,"footnotes":""},"categories":[2,29],"tags":[552,86,2552,5,5406,2273],"aioseo_notices":[],"amp_enabled":true,"_links":{"self":[{"href":"https:\/\/www.noworudzianin.pl\/WWW\/wp-json\/wp\/v2\/posts\/21568"}],"collection":[{"href":"https:\/\/www.noworudzianin.pl\/WWW\/wp-json\/wp\/v2\/posts"}],"about":[{"href":"https:\/\/www.noworudzianin.pl\/WWW\/wp-json\/wp\/v2\/types\/post"}],"author":[{"embeddable":true,"href":"https:\/\/www.noworudzianin.pl\/WWW\/wp-json\/wp\/v2\/users\/4"}],"replies":[{"embeddable":true,"href":"https:\/\/www.noworudzianin.pl\/WWW\/wp-json\/wp\/v2\/comments?post=21568"}],"version-history":[{"count":2,"href":"https:\/\/www.noworudzianin.pl\/WWW\/wp-json\/wp\/v2\/posts\/21568\/revisions"}],"predecessor-version":[{"id":21572,"href":"https:\/\/www.noworudzianin.pl\/WWW\/wp-json\/wp\/v2\/posts\/21568\/revisions\/21572"}],"wp:featuredmedia":[{"embeddable":true,"href":"https:\/\/www.noworudzianin.pl\/WWW\/wp-json\/wp\/v2\/media\/21570"}],"wp:attachment":[{"href":"https:\/\/www.noworudzianin.pl\/WWW\/wp-json\/wp\/v2\/media?parent=21568"}],"wp:term":[{"taxonomy":"category","embeddable":true,"href":"https:\/\/www.noworudzianin.pl\/WWW\/wp-json\/wp\/v2\/categories?post=21568"},{"taxonomy":"post_tag","embeddable":true,"href":"https:\/\/www.noworudzianin.pl\/WWW\/wp-json\/wp\/v2\/tags?post=21568"}],"curies":[{"name":"wp","href":"https:\/\/api.w.org\/{rel}","templated":true}]}}