{"id":21661,"date":"2020-05-11T10:04:51","date_gmt":"2020-05-11T08:04:51","guid":{"rendered":"https:\/\/www.noworudzianin.pl\/WWW\/?p=21661"},"modified":"2020-05-11T10:04:51","modified_gmt":"2020-05-11T08:04:51","slug":"80-lat-od-wielkiej-ucieczki","status":"publish","type":"post","link":"https:\/\/www.noworudzianin.pl\/WWW\/2020\/05\/11\/80-lat-od-wielkiej-ucieczki\/","title":{"rendered":"80 lat od wielkiej ucieczki"},"content":{"rendered":"<p>Ta historia, to gotowy scenariusz kinowego hitu! 80 lat temu, w nocy z 5 na 6 maja, z oflagu w Srebrnej G\u00f3rze uciek\u0142a po\u0142owa wi\u0119zionych tam polskich oficer\u00f3w. Z twierdzy, z kt\u00f3rej nie mo\u017cna by\u0142o uciec wydosta\u0142o si\u0119 10 polskich oficer\u00f3w, a trzech z nich dotar\u0142o na Bliskich Wsch\u00f3d. Dzi\u015b o tej historii, turystom odwiedzaj\u0105cym Srebrn\u0105 G\u00f3r\u0119, opowiada grupa pasjonat\u00f3w, kt\u00f3ra opiekuje si\u0119 Fortem Spitzberg.<\/p>\n<p>Oflag VIIIB, czyli ob\u00f3z jeniecki, Niemcy za\u0142o\u017cyli w Srebrnej G\u00f3rze pod koniec 1939 roku. Wykorzystali do tego stare, pruskie forty z XVIII wieku: Fort Spitzberg i Fort Hohenstein. Od samego pocz\u0105tku za\u0142o\u017cono, \u017ce b\u0119dzie to oflag o zaostrzonym rygorze, do kt\u00f3rego maj\u0105 trafi\u0107 najbardziej niepokorni i patriotyczni polscy oficerowie.<\/p>\n<p>&#8211; Dlatego wybrano niedost\u0119pne forty, z grubymi murami, kt\u00f3rych nie mo\u017cna przebi\u0107 &#8211; opowiada Jakub Kasi\u0144ski z Fortu Spitzberg, w kt\u00f3rym znajduje si\u0119 ekspozycja po\u015bwi\u0119cona historii oflagu. &#8211; Oflag mia\u0142 by\u0107 obozem karnym, do kt\u00f3rego mieli trafia\u0107 je\u0144cy z\u0142apani podczas ucieczki oraz najbardziej patriotyczny \u201eelement\u201d \u2013 wspomina Jakub Kasi\u0144ski, przewodnik Turystyczny.<\/p>\n<p>Wi\u0119\u017aniami oflagu byli mi\u0119dzy innymi obro\u0144cy polskiego wybrze\u017ca: kontradmira\u0142 J\u00f3zef Unrug, komandor Stanis\u0142aw Mieszkowski i Stefan Frankowski. Genera\u0142 Tadeusz Piskor &#8211; by\u0142y szef Sztabu G\u0142\u00f3wnego Wojska Polskiego, czy podporucznik J\u0119drzej Giertych. Ten ostatni trafi\u0142 do oflagu po tym, jak uciek\u0142 z transportu do obozu w Berlinie i pr\u00f3bowa\u0142 ukry\u0107 si\u0119 w ambasadzie Hiszpanii. Odosobnienie w jednym miejscu prawdziwych bohater\u00f3w by\u0142o nietrafionym pomys\u0142em. Polscy oficerowi co rusz organizowali ucieczki \u2013 ta z 5 na 6 maja zako\u0144czy\u0142a si\u0119 cz\u0119\u015bciowym sukcesem.<\/p>\n<p><strong>Wielka ucieczka<\/strong><br \/>\nOficerowie do ucieczki przygotowali si\u0119 bardzo starannie. Z gazety wyci\u0119li map\u0119 Kotliny K\u0142odzkiej, kawa\u0142ka metalu wykonali kompas, a mundury pozbawili dystynkcji i wojskowych atrybut\u00f3w, aby przypomina\u0142y cywilne ubrania.<\/p>\n<p>Do ucieczki dosz\u0142o z 5 na 6 maja, z niedzieli na poniedzia\u0142ek z Fortu Hohenstein. Po apelu oficerowie pod pretekstem modlitwy zgromadzili w jadalni. Dziesi\u0119ciu z nich schowa\u0142o si\u0119 w sk\u0142adziku i grup\u0105 uciek\u0142o przez okno w murze. Oficerowie opu\u015bcili fort w trzech grupach: trzyosobowej  (Micha\u0142 Niczko, J\u0119drzej Giertych, Zdzis\u0142aw Ficek) czteroosobowej (Jan Niestrz\u0119ba, Zygmunt Mikusi\u0144ski, Jerzy Klukowski i Zdzis\u0142aw D\u0119bowski) i znowu trzyosobowej (Felicjan Pawlak, Jan Gerstel, Tadeusz Weso\u0142owski). Ju\u017c po wyj\u015bciu z fortu Niestrz\u0119ba i Mikusi\u0144ski do\u0142\u0105czyli do Giertycha i jego koleg\u00f3w i dalej szli z nimi. Obrali kierunek na po\u0142udnie, szli w stron\u0119 K\u0142odzka, by dosta\u0107 si\u0119 do Czech, a stamt\u0105d na W\u0119gry.<\/p>\n<p>Z obozu karnego, z kt\u00f3rego my\u015bleli, \u017ce nie da si\u0119 wydosta\u0107,  jednej nocy uciek\u0142a po\u0142owa osadzonych, a druga po\u0142owa kry\u0142a uciekinier\u00f3w, robi\u0105c zamieszanie, chodz\u0105c tam i z powrotem mi\u0119dzy kantyn\u0105 a kazamatami.<\/p>\n<p><strong>Po\u015bcig<\/strong><br \/>\n6 maja rano Niemcy zorientowali si\u0119, \u017ce brakuje po\u0142owy wi\u0119\u017ani\u00f3w. Rozpocz\u0119to poszukiwania. Pierwszych uciekinier\u00f3w z\u0142apano po pi\u0119ciu dniach w okolicach Bystrzycy K\u0142odzkiej, kolejnych oficer\u00f3w po kilkunastu dniach ko\u0142o O\u0142omu\u0144ca,  po tym jak zasn\u0119li przy budce granicznej. <\/p>\n<p>Schwytanych uciekinier\u00f3w ukarano kilkudniowym aresztem. Ucieczka powiod\u0142a si\u0119 Felicjanowi Pawlakowi, Janowi Gerstelowi i Tadeuszowi Weso\u0142owskiemu.  Przez Protektorat Czech i Moraw, S\u0142owacj\u0119 i W\u0119gry, Jugos\u0142awi\u0119, Grecj\u0119, dotarli do  Turcji i na Bliski Wsch\u00f3d. Gerstel do\u0142\u0105czy\u0142 do RAF-u i znowu trafi\u0142 do niewoli w lutym 1942, kiedy jego bombowiec zestrzelono nad Holandi\u0105. Szcz\u0119\u015bliwie prze\u017cy\u0142 wojn\u0119. Pawlak walczy\u0142 pod Monte Cassino i po wojnie zamieszka\u0142 w Anglii.  Weso\u0142owski by\u0142 saperem i zgin\u0105\u0142 pod Tobrukiem.<\/p>\n<p>Po ucieczce z Fortu Hohenstein pozosta\u0142ych oficer\u00f3w przeniesiono znowu na Fort Spitzberg. 27 czerwca 1941 roku oflag VIII B zosta\u0142 zamkni\u0119ty, a wi\u0119\u017aniowie zostali przeniesieni do innych oboz\u00f3w na ternie III Rzeszy.<\/p>\n<p>Od 2018 roku Fort Spitzberg jest wyj\u0105tkowym, nowoczesnym miejscem edukacji historycznej. Przewodnicy w mundurach z okresu II Rzeczpospolitej oprowadzaj\u0105 po forcie turyst\u00f3w. Dzi\u0119ki temu mog\u0105 dotkn\u0105\u0107 prawdziwej historii. Fort Ostr\u00f3g-Spitzberg w Srebrnej G\u00f3rze na Dolnym \u015al\u0105sku wybudowano w latach 1767-70. To pruska fortyfikacja, kt\u00f3ra w latach II wojny \u015bwiatowej pe\u0142ni\u0142a funkcj\u0119 pierwszego, niemieckiego karnego oflagu dla polskich oficer\u00f3w, w kt\u00f3rej wi\u0119ziono mi\u0119dzy innymi admira\u0142a J\u00f3zefa Unruga i genera\u0142a Tadeusza Piskora.<\/p>\n<p>Wojciech Basa\u0142ygo<\/p>\n<p>POS\u0141UCHAJ<br \/>\n<!--[if lt IE 9]><script>document.createElement('audio');<\/script><![endif]-->\n<audio class=\"wp-audio-shortcode\" id=\"audio-21661-1\" preload=\"none\" style=\"width: 100%;\" controls=\"controls\"><source type=\"audio\/mpeg\" src=\"https:\/\/www.noworudzianin.pl\/WWW\/wp-content\/uploads\/2020\/05\/1b6ccaab8aedbc21c973beb22bdb047d.mp3?_=1\" \/><a href=\"https:\/\/www.noworudzianin.pl\/WWW\/wp-content\/uploads\/2020\/05\/1b6ccaab8aedbc21c973beb22bdb047d.mp3\">https:\/\/www.noworudzianin.pl\/WWW\/wp-content\/uploads\/2020\/05\/1b6ccaab8aedbc21c973beb22bdb047d.mp3<\/a><\/audio><\/p>\n<p>Jedna z sal sypialnych, w kt\u00f3rych wi\u0119ziono polskich oficer\u00f3w. Na ka\u017cdym z \u0142\u00f3\u017cek s\u0105 biogramy z sylwetkami oficer\u00f3w wi\u0119zionych w Srebrnej G\u00f3rze.<br \/>\n<a href=\"https:\/\/www.noworudzianin.pl\/WWW\/wp-content\/uploads\/2020\/05\/foto-2-scaled.jpg\"><img loading=\"lazy\" decoding=\"async\" src=\"https:\/\/www.noworudzianin.pl\/WWW\/wp-content\/uploads\/2020\/05\/foto-2-630x473.jpg\" alt=\"\" width=\"630\" height=\"473\" class=\"alignnone size-large wp-image-21663\" srcset=\"https:\/\/www.noworudzianin.pl\/WWW\/wp-content\/uploads\/2020\/05\/foto-2-630x473.jpg 630w, https:\/\/www.noworudzianin.pl\/WWW\/wp-content\/uploads\/2020\/05\/foto-2-300x225.jpg 300w, https:\/\/www.noworudzianin.pl\/WWW\/wp-content\/uploads\/2020\/05\/foto-2-768x577.jpg 768w, https:\/\/www.noworudzianin.pl\/WWW\/wp-content\/uploads\/2020\/05\/foto-2-1536x1153.jpg 1536w, https:\/\/www.noworudzianin.pl\/WWW\/wp-content\/uploads\/2020\/05\/foto-2-2048x1538.jpg 2048w\" sizes=\"(max-width: 630px) 100vw, 630px\" \/><\/a><\/p>\n<p>Polski orze\u0142ek oficerski z wrze\u015bnia 1939 roku, znaleziony podczas prac porz\u0105dkowych w Forcie Spitzberg. Namacalna  pami\u0105tka po jednym z bohater\u00f3w wi\u0119zionych w oflagu i jeden z kilkuset eksponat\u00f3w fortecznego muzeum.<br \/>\n<a href=\"https:\/\/www.noworudzianin.pl\/WWW\/wp-content\/uploads\/2020\/05\/foto-3.jpg\"><img loading=\"lazy\" decoding=\"async\" src=\"https:\/\/www.noworudzianin.pl\/WWW\/wp-content\/uploads\/2020\/05\/foto-3-630x354.jpg\" alt=\"\" width=\"630\" height=\"354\" class=\"alignnone size-large wp-image-21664\" srcset=\"https:\/\/www.noworudzianin.pl\/WWW\/wp-content\/uploads\/2020\/05\/foto-3-630x354.jpg 630w, https:\/\/www.noworudzianin.pl\/WWW\/wp-content\/uploads\/2020\/05\/foto-3-300x169.jpg 300w, https:\/\/www.noworudzianin.pl\/WWW\/wp-content\/uploads\/2020\/05\/foto-3-768x432.jpg 768w, https:\/\/www.noworudzianin.pl\/WWW\/wp-content\/uploads\/2020\/05\/foto-3-1536x864.jpg 1536w, https:\/\/www.noworudzianin.pl\/WWW\/wp-content\/uploads\/2020\/05\/foto-3.jpg 1920w\" sizes=\"(max-width: 630px) 100vw, 630px\" \/><\/a><\/p>\n<p>Przez Oflag VIIIB przesz\u0142o blisko 300 oficer\u00f3w. Na jednym z archiwalnych zdj\u0119\u0107 uwieczniono 100, kt\u00f3rzy przebywali w Srebrnej G\u00f3rze zim\u0105 1940 roku.<br \/>\n<a href=\"https:\/\/www.noworudzianin.pl\/WWW\/wp-content\/uploads\/2020\/05\/foto-4.jpg\"><img loading=\"lazy\" decoding=\"async\" src=\"https:\/\/www.noworudzianin.pl\/WWW\/wp-content\/uploads\/2020\/05\/foto-4-630x840.jpg\" alt=\"\" width=\"630\" height=\"840\" class=\"alignnone size-large wp-image-21665\" srcset=\"https:\/\/www.noworudzianin.pl\/WWW\/wp-content\/uploads\/2020\/05\/foto-4-630x840.jpg 630w, https:\/\/www.noworudzianin.pl\/WWW\/wp-content\/uploads\/2020\/05\/foto-4-225x300.jpg 225w, https:\/\/www.noworudzianin.pl\/WWW\/wp-content\/uploads\/2020\/05\/foto-4.jpg 720w\" sizes=\"(max-width: 630px) 100vw, 630px\" \/><\/a><\/p>\n<p>Genera\u0142 Drapella i wsp\u00f3\u0142osadzeni w oflagu VIIIB.<br \/>\n<a href=\"https:\/\/www.noworudzianin.pl\/WWW\/wp-content\/uploads\/2020\/05\/foto-5.jpg\"><img loading=\"lazy\" decoding=\"async\" src=\"https:\/\/www.noworudzianin.pl\/WWW\/wp-content\/uploads\/2020\/05\/foto-5-630x387.jpg\" alt=\"\" width=\"630\" height=\"387\" class=\"alignnone size-large wp-image-21666\" srcset=\"https:\/\/www.noworudzianin.pl\/WWW\/wp-content\/uploads\/2020\/05\/foto-5-630x387.jpg 630w, https:\/\/www.noworudzianin.pl\/WWW\/wp-content\/uploads\/2020\/05\/foto-5-300x184.jpg 300w, https:\/\/www.noworudzianin.pl\/WWW\/wp-content\/uploads\/2020\/05\/foto-5-768x471.jpg 768w, https:\/\/www.noworudzianin.pl\/WWW\/wp-content\/uploads\/2020\/05\/foto-5-1536x943.jpg 1536w, https:\/\/www.noworudzianin.pl\/WWW\/wp-content\/uploads\/2020\/05\/foto-5.jpg 1559w\" sizes=\"(max-width: 630px) 100vw, 630px\" \/><\/a><\/p>\n<p>Niedost\u0119pne forty, z pot\u0119\u017cnymi murami, mia\u0142y gwarantowa\u0107, \u017ce z oflagu nie da si\u0119 uciec. Tymczasem pr\u00f3b ucieczek by\u0142o kilkana\u015bcie, co spowodowa\u0142o, \u017ce Niemcy zlikwidowali ostatecznie oflag w 1941 roku, przenosz\u0105c polskich oficer\u00f3w do innych oboz\u00f3w.<br \/>\n<a href=\"https:\/\/www.noworudzianin.pl\/WWW\/wp-content\/uploads\/2020\/05\/foto-6-scaled.jpg\"><img loading=\"lazy\" decoding=\"async\" src=\"https:\/\/www.noworudzianin.pl\/WWW\/wp-content\/uploads\/2020\/05\/foto-6-630x459.jpg\" alt=\"\" width=\"630\" height=\"459\" class=\"alignnone size-large wp-image-21667\" srcset=\"https:\/\/www.noworudzianin.pl\/WWW\/wp-content\/uploads\/2020\/05\/foto-6-630x459.jpg 630w, https:\/\/www.noworudzianin.pl\/WWW\/wp-content\/uploads\/2020\/05\/foto-6-300x219.jpg 300w, https:\/\/www.noworudzianin.pl\/WWW\/wp-content\/uploads\/2020\/05\/foto-6-768x560.jpg 768w, https:\/\/www.noworudzianin.pl\/WWW\/wp-content\/uploads\/2020\/05\/foto-6-1536x1119.jpg 1536w, https:\/\/www.noworudzianin.pl\/WWW\/wp-content\/uploads\/2020\/05\/foto-6-2048x1492.jpg 2048w\" sizes=\"(max-width: 630px) 100vw, 630px\" \/><\/a><\/p>\n","protected":false},"excerpt":{"rendered":"<p>Ta historia, to gotowy scenariusz kinowego hitu! 80 lat temu, w nocy z 5 na 6 maja, z oflagu w<\/p>\n","protected":false},"author":4,"featured_media":21668,"comment_status":"open","ping_status":"closed","sticky":false,"template":"","format":"standard","meta":{"om_disable_all_campaigns":false,"_monsterinsights_skip_tracking":false,"_monsterinsights_sitenote_active":false,"_monsterinsights_sitenote_note":"","_monsterinsights_sitenote_category":0,"_uf_show_specific_survey":0,"_uf_disable_surveys":false,"footnotes":""},"categories":[2,84,146],"tags":[5433,5436,5437,5434,1290,5435],"aioseo_notices":[],"amp_enabled":true,"_links":{"self":[{"href":"https:\/\/www.noworudzianin.pl\/WWW\/wp-json\/wp\/v2\/posts\/21661"}],"collection":[{"href":"https:\/\/www.noworudzianin.pl\/WWW\/wp-json\/wp\/v2\/posts"}],"about":[{"href":"https:\/\/www.noworudzianin.pl\/WWW\/wp-json\/wp\/v2\/types\/post"}],"author":[{"embeddable":true,"href":"https:\/\/www.noworudzianin.pl\/WWW\/wp-json\/wp\/v2\/users\/4"}],"replies":[{"embeddable":true,"href":"https:\/\/www.noworudzianin.pl\/WWW\/wp-json\/wp\/v2\/comments?post=21661"}],"version-history":[{"count":1,"href":"https:\/\/www.noworudzianin.pl\/WWW\/wp-json\/wp\/v2\/posts\/21661\/revisions"}],"predecessor-version":[{"id":21669,"href":"https:\/\/www.noworudzianin.pl\/WWW\/wp-json\/wp\/v2\/posts\/21661\/revisions\/21669"}],"wp:featuredmedia":[{"embeddable":true,"href":"https:\/\/www.noworudzianin.pl\/WWW\/wp-json\/wp\/v2\/media\/21668"}],"wp:attachment":[{"href":"https:\/\/www.noworudzianin.pl\/WWW\/wp-json\/wp\/v2\/media?parent=21661"}],"wp:term":[{"taxonomy":"category","embeddable":true,"href":"https:\/\/www.noworudzianin.pl\/WWW\/wp-json\/wp\/v2\/categories?post=21661"},{"taxonomy":"post_tag","embeddable":true,"href":"https:\/\/www.noworudzianin.pl\/WWW\/wp-json\/wp\/v2\/tags?post=21661"}],"curies":[{"name":"wp","href":"https:\/\/api.w.org\/{rel}","templated":true}]}}