{"id":21789,"date":"2020-05-18T10:00:06","date_gmt":"2020-05-18T08:00:06","guid":{"rendered":"https:\/\/www.noworudzianin.pl\/WWW\/?p=21789"},"modified":"2020-05-18T12:28:22","modified_gmt":"2020-05-18T10:28:22","slug":"wirtualna-wycieczka-w-znane-i-nieznane-4","status":"publish","type":"post","link":"https:\/\/www.noworudzianin.pl\/WWW\/2020\/05\/18\/wirtualna-wycieczka-w-znane-i-nieznane-4\/","title":{"rendered":"Wirtualna wycieczka w znane i nieznane"},"content":{"rendered":"<p>Pi\u0119kne budowle sakralne wyznawc\u00f3w ewangelicko-augsburgskich. Malownicza architektura szachulcowych mur\u00f3w, wspania\u0142e wn\u0119trza. Budowane poza murami miejskimi z materia\u0142\u00f3w nietrwa\u0142ych wg dekretu panuj\u0105cego w\u00f3wczas na \u015al\u0105sku Ferdynanda III Habsburga (po wojnie trzydziestoletniej &#8211; po\u0142owa XVII wieku). Takich Ko\u015bcio\u0142\u00f3w Pokoju (nazwa nawi\u0105zuje do nazwy uk\u0142adu zwanego pokojem westfalskim po wojnie trzydziestoletniej) &#8211; bo to o nich mowa, na Dolnym \u015al\u0105sku wybudowano w tym samym czasie trzy &#8211; w \u015awidnicy, Jaworze i G\u0142ogowie. Ko\u015bci\u00f3\u0142 w G\u0142ogowie sp\u0142on\u0105\u0142 doszcz\u0119tnie 100 lat p\u00f3\u017aniej, a dwa pozosta\u0142e przetrwa\u0142y do naszych czas\u00f3w i zosta\u0142y wpisane na list\u0119 \u015bwiatowego dziedzictwa UNESCO w Polsce. Ko\u015bci\u00f3\u0142 Pokoju w \u015awidnicy pw. Tr\u00f3jcy \u015awi\u0119tej jest najwi\u0119ksz\u0105 tego typu \u015bwi\u0105tyni\u0105 w Europie i to w\u0142a\u015bnie tutaj zatrzymali\u015bmy si\u0119 7 maja w naszych wirtualnych podr\u00f3\u017cach z Tomkiem. Przepi\u0119kne wn\u0119trze tego ko\u015bcio\u0142a opisywane jest oczywi\u015bcie szczeg\u00f3\u0142owo w przewodnikach a przy zwiedzaniu zawsze mo\u017cna wys\u0142ucha\u0107 komentarza \u201elec\u0105cego z ta\u015bmy\u201d. Ca\u0142e wn\u0119trze robi niesamowite wra\u017cenie. O\u0142tarz g\u0142\u00f3wny, ambona, \u201ekoronkowa\u201d Lo\u017ca Hochberg\u00f3w, du\u017ce organy czy wreszcie zabytkowa chrzcielnica. Ale dzisiejsza opowie\u015b\u0107 Tomka zwr\u00f3ci\u0142a uwag\u0119 na kilka nietypowych szczeg\u00f3\u0142\u00f3w, kt\u00f3re czyni\u0105 ten ko\u015bci\u00f3\u0142 wyj\u0105tkowym. No wi\u0119c na jednej z belek podtrzymuj\u0105cych empory (w pobli\u017cu Lo\u017cy Hochberg\u00f3w) odnajdujemy autentyczn\u0105 kul\u0119 armatni\u0105 &#8211; pozosta\u0142o\u015b\u0107 z czas\u00f3w wojny siedmioletniej, kt\u00f3ra nie wybuch\u0142a w ko\u015bciele i zosta\u0142a w t\u0119 belk\u0119 wbudowana na pami\u0105tk\u0119 (takich miejsc z kulami jest wi\u0119cej). Gdy przyjrzymy si\u0119 malowanemu zdobieniu jednej z empor, z pewnym zdziwieniem zobaczymy tam s\u0142onia z powiedzieliby\u015bmy &#8211; gro\u017an\u0105 min\u0105. Jest to jak si\u0119 okazuje zobrazowanie jednego z cytat\u00f3w biblijnych umieszczonych obok. Kolejn\u0105 niespodziank\u0119 nios\u0105 ze sob\u0105 organy. Podczas renowacji okaza\u0142o si\u0119, \u017ce pi\u0119kne ich zdobienia &#8211; anio\u0142ki s\u0105 ruchome i np. anio\u0142ek werblista podczas koncertu wybija na b\u0119benku takt marsza z ca\u0142ej si\u0142y. Kolejn\u0105 ciekawostk\u0119 widzimy na jednym z filar\u00f3w, na kt\u00f3rym wspieraj\u0105 si\u0119 empory. Jest to tekst wypisany z\u0142otymi literami umieszczony w oryginalnej oprawie, upami\u0119tniaj\u0105cy odwiedziny cesarza Wilhelma II w 1906 roku. Cesarz zachwyci\u0142 si\u0119 ko\u015bcio\u0142em podziwiaj\u0105c jego niezwyk\u0142e pi\u0119kno i  okre\u015blaj\u0105c jako \u201echolernie pi\u0119kny ko\u015bci\u00f3\u0142\u201d. Osobliwo\u015bci\u0105 s\u0105 na pewno tzw. lo\u017ce szpiegowskie z zupe\u0142nie odr\u0119bnymi wej\u015bciami (jest ich dwie). Zasiadali w nich przedstawiciele katolickiego cesarza &#8211; najcz\u0119\u015bciej byli to starostowie, kt\u00f3rzy \u015bledzili pilnie czy z ambony nie wyg\u0142asza si\u0119 jakich\u015b nieprawomy\u015blnych tez przeciwko katolickiemu cesarzowi. Ko\u015bci\u00f3\u0142 w tej chwili jest oczywi\u015bcie niedost\u0119pny do zwiedzania, ale je\u015bli taka mo\u017cliwo\u015b\u0107 ju\u017c b\u0119dzie to z \u201eczystym  sumieniem\u201d zapraszam aby tam zajrze\u0107 &#8211; zw\u0142aszcza tych, kt\u00f3rzy jeszcze tam nie byli.<\/p>\n<p>Z turystycznym pozdrowieniem<br \/>\nNoworudzki UTW<br \/>\nAnna Szczepan<br \/>\nfot, Wikipedia, Biuro Podr\u00f3\u017cy \u015anie\u017cka<\/p>\n<p><a href=\"https:\/\/www.noworudzianin.pl\/WWW\/wp-content\/uploads\/2020\/05\/KPS01.jpg\"><img loading=\"lazy\" decoding=\"async\" src=\"https:\/\/www.noworudzianin.pl\/WWW\/wp-content\/uploads\/2020\/05\/KPS01-630x386.jpg\" alt=\"\" width=\"630\" height=\"386\" class=\"alignnone size-large wp-image-21791\" srcset=\"https:\/\/www.noworudzianin.pl\/WWW\/wp-content\/uploads\/2020\/05\/KPS01-630x386.jpg 630w, https:\/\/www.noworudzianin.pl\/WWW\/wp-content\/uploads\/2020\/05\/KPS01-300x184.jpg 300w, https:\/\/www.noworudzianin.pl\/WWW\/wp-content\/uploads\/2020\/05\/KPS01-768x471.jpg 768w, https:\/\/www.noworudzianin.pl\/WWW\/wp-content\/uploads\/2020\/05\/KPS01.jpg 1024w\" sizes=\"(max-width: 630px) 100vw, 630px\" \/><\/a><\/p>\n","protected":false},"excerpt":{"rendered":"<p>Pi\u0119kne budowle sakralne wyznawc\u00f3w ewangelicko-augsburgskich. Malownicza architektura szachulcowych mur\u00f3w, wspania\u0142e wn\u0119trza. Budowane poza murami miejskimi z materia\u0142\u00f3w nietrwa\u0142ych wg dekretu<\/p>\n","protected":false},"author":4,"featured_media":21790,"comment_status":"open","ping_status":"closed","sticky":false,"template":"","format":"standard","meta":{"om_disable_all_campaigns":false,"_monsterinsights_skip_tracking":false,"_monsterinsights_sitenote_active":false,"_monsterinsights_sitenote_note":"","_monsterinsights_sitenote_category":0,"_uf_show_specific_survey":0,"_uf_disable_surveys":false,"footnotes":""},"categories":[2,6,146,4359],"tags":[818,20,5,5445,2742,5316],"aioseo_notices":[],"amp_enabled":true,"_links":{"self":[{"href":"https:\/\/www.noworudzianin.pl\/WWW\/wp-json\/wp\/v2\/posts\/21789"}],"collection":[{"href":"https:\/\/www.noworudzianin.pl\/WWW\/wp-json\/wp\/v2\/posts"}],"about":[{"href":"https:\/\/www.noworudzianin.pl\/WWW\/wp-json\/wp\/v2\/types\/post"}],"author":[{"embeddable":true,"href":"https:\/\/www.noworudzianin.pl\/WWW\/wp-json\/wp\/v2\/users\/4"}],"replies":[{"embeddable":true,"href":"https:\/\/www.noworudzianin.pl\/WWW\/wp-json\/wp\/v2\/comments?post=21789"}],"version-history":[{"count":3,"href":"https:\/\/www.noworudzianin.pl\/WWW\/wp-json\/wp\/v2\/posts\/21789\/revisions"}],"predecessor-version":[{"id":21794,"href":"https:\/\/www.noworudzianin.pl\/WWW\/wp-json\/wp\/v2\/posts\/21789\/revisions\/21794"}],"wp:featuredmedia":[{"embeddable":true,"href":"https:\/\/www.noworudzianin.pl\/WWW\/wp-json\/wp\/v2\/media\/21790"}],"wp:attachment":[{"href":"https:\/\/www.noworudzianin.pl\/WWW\/wp-json\/wp\/v2\/media?parent=21789"}],"wp:term":[{"taxonomy":"category","embeddable":true,"href":"https:\/\/www.noworudzianin.pl\/WWW\/wp-json\/wp\/v2\/categories?post=21789"},{"taxonomy":"post_tag","embeddable":true,"href":"https:\/\/www.noworudzianin.pl\/WWW\/wp-json\/wp\/v2\/tags?post=21789"}],"curies":[{"name":"wp","href":"https:\/\/api.w.org\/{rel}","templated":true}]}}