{"id":21824,"date":"2020-05-20T10:19:31","date_gmt":"2020-05-20T08:19:31","guid":{"rendered":"https:\/\/www.noworudzianin.pl\/WWW\/?p=21824"},"modified":"2020-05-21T14:47:09","modified_gmt":"2020-05-21T12:47:09","slug":"matura-tylko-pisemna","status":"publish","type":"post","link":"https:\/\/www.noworudzianin.pl\/WWW\/2020\/05\/20\/matura-tylko-pisemna\/","title":{"rendered":"Matura tylko pisemna"},"content":{"rendered":"<p>Procedury, terminy jak i opisy czynno\u015bci zwi\u0105zanych z przeprowadzeniem egzamin\u00f3w zewn\u0119trznych w 2020 roku: maturalnego, \u00f3smoklasisty, zawodowego oraz potwierdzaj\u0105cego kwalifikacje w zawodzie \u2013 to g\u0142\u00f3wne kwestie uj\u0119te w podpisanym we wtorek 19 maja rozporz\u0105dzeniu Ministra Edukacji Narodowej<\/p>\n<p>W tym roku szkolnym egzamin maturalny z przedmiot\u00f3w obowi\u0105zkowych i przedmiot\u00f3w dodatkowych b\u0119dzie tylko w formie pisemnej.<br \/>\nW tym roku bez matury ustnej, poza wyj\u0105tkami<\/p>\n<p>Do cz\u0119\u015bci ustnej przyst\u0105pi\u0105 tylko absolwenci, kt\u00f3rzy do 7 lutego br. z\u0142o\u017cyli deklaracj\u0119 przyst\u0105pienia do egzaminu maturalnego, a do 22 maja przeka\u017c\u0105 do dyrektora szko\u0142y lub dyrektora okr\u0119gowej komisji egzaminacyjnej (w zale\u017cno\u015bci od tego, do kogo sk\u0142adali deklaracj\u0119) informacj\u0119 o ch\u0119ci przyst\u0105pienia do cz\u0119\u015bci ustnej egzaminu z jednego lub wi\u0119cej przedmiot\u00f3w \u2013 ze wzgl\u0119du na konieczno\u015b\u0107 przekazania wyniku z tego egzaminu lub tych egzamin\u00f3w w post\u0119powaniu rekrutacyjnym na uczelni\u0119 zagraniczn\u0105.<\/p>\n<p>Do cz\u0119\u015bci ustnej egzaminu maturalnego z j\u0119zyka obcego nowo\u017cytnego b\u0119d\u0105 mogli r\u00f3wnie\u017c przyst\u0105pi\u0107 absolwenci, aby zrealizowa\u0107 postanowienie umowy mi\u0119dzynarodowej.<\/p>\n<p><strong>Wynik egzaminu maturalnego<\/strong><br \/>\nAbsolwent zda egzamin i uzyska \u015bwiadectwo dojrza\u0142o\u015bci, je\u017celi z ka\u017cdego przedmiotu obowi\u0105zkowego w cz\u0119\u015bci pisemnej otrzyma co najmniej 30 proc. punkt\u00f3w mo\u017cliwych do uzyskania oraz przyst\u0105pi do cz\u0119\u015bci pisemnej egzaminu maturalnego z co najmniej jednego przedmiotu dodatkowego.<\/p>\n<p><strong>Egzamin ustny dla absolwent\u00f3w z poprzednich lat<\/strong><br \/>\nAbsolwenci, kt\u00f3rzy w 2020 r. deklarowali ponowne przyst\u0105pienie do ustnego egzaminu maturalnego, aby ten egzamin zda\u0107, nie b\u0119d\u0105 do niego przyst\u0119powali. Otrzymaj\u0105 oni \u015bwiadectwo dojrza\u0142o\u015bci, je\u017celi we wcze\u015bniejszych latach z ka\u017cdego przedmiotu obowi\u0105zkowego w cz\u0119\u015bci pisemnej mieli co najmniej 30 proc. punkt\u00f3w mo\u017cliwych do uzyskania oraz przyst\u0105pili do cz\u0119\u015bci pisemnej egzaminu maturalnego z co najmniej jednego przedmiotu dodatkowego.<\/p>\n<p>Absolwenci, kt\u00f3rzy w 2020 r. nie uzyskaj\u0105 wymaganych 30 proc. punkt\u00f3w, w kolejnych latach, je\u015bli b\u0119d\u0105 chcieli przyst\u0105pi\u0107 do egzaminu, b\u0119d\u0105 musieli zdawa\u0107 egzamin ustny z przedmiot\u00f3w obowi\u0105zkowych.<\/p>\n<p><strong>Harmonogram egzamin\u00f3w<\/strong><br \/>\nEgzamin \u00f3smoklasisty potrwa od 16 do 18 czerwca. Termin dodatkowy odb\u0119dzie si\u0119 od 7 do 9 lipca. Wyniki egzaminu zostan\u0105 og\u0142oszone do 31 lipca. Szko\u0142y otrzymaj\u0105 wtedy r\u00f3wnie\u017c za\u015bwiadczenia.<\/p>\n<p>Z kolei cz\u0119\u015b\u0107 pisemna egzaminu maturalnego w terminie g\u0142\u00f3wnym dla absolwent\u00f3w wszystkich typ\u00f3w szk\u00f3\u0142 rozpocznie si\u0119 w poniedzia\u0142ek, 8 czerwca 2020 roku i potrwa do 29 czerwca. W tym roku nie b\u0119dzie egzamin\u00f3w ustnych.<\/p>\n<p>Termin dodatkowy egzaminu maturalnego jest zaplanowany od 8 do 14 lipca br. Wyniki egzaminu w terminie g\u0142\u00f3wnym i dodatkowym b\u0119d\u0105 znane do 11 sierpnia br. Egzamin poprawkowy odb\u0119dzie si\u0119 8 wrze\u015bnia, a jego wyniki poznamy do 30 wrze\u015bnia.<\/p>\n<p>Egzamin potwierdzaj\u0105cy kwalifikacje w zawodzie (Formu\u0142a 2012 i Formu\u0142a 2017) potrwa od 22 czerwca br. do 9 lipca. Natomiast egzamin zawodowy (Formu\u0142a 2019) zaplanowany jest od 17 do 28 sierpnia.<\/p>\n<p><strong>Terminy odebrania \u015bwiadectw i za\u015bwiadcze\u0144<\/strong><br \/>\n\u2022 Do 31 lipca 2020 r. b\u0119d\u0105 og\u0142oszone wyniki egzaminu \u00f3smoklasisty. Absolwenci odbior\u0105 r\u00f3wnie\u017c w tym dniu za\u015bwiadczenia o wyniku egzaminu.<br \/>\n\u2022 Do 11 sierpnia 2020 r. b\u0119d\u0105 og\u0142oszone wyniki egzaminu maturalnego. Do tego samego dnia, 11 sierpnia absolwenci odbior\u0105 \u015bwiadectwa, aneksy i informacje o wynikach.<br \/>\n\u2022 31 sierpnia 2020 r. b\u0119d\u0105 og\u0142oszone wyniki z egzaminu potwierdzaj\u0105cego kwalifikacje w zawodzie. Szko\u0142om przekazane zostan\u0105 r\u00f3wnie\u017c \u015bwiadectwa i dyplomy potwierdzaj\u0105ce kwalifikacyjne zawodowe.<br \/>\n\u2022 12 pa\u017adziernika 2020 r. b\u0119d\u0105 og\u0142oszone wyniki egzaminu \u00adzawodowego i przekazane certyfikaty oraz dyplomy zawodowe.<\/p>\n","protected":false},"excerpt":{"rendered":"<p>Procedury, terminy jak i opisy czynno\u015bci zwi\u0105zanych z przeprowadzeniem egzamin\u00f3w zewn\u0119trznych w 2020 roku: maturalnego, \u00f3smoklasisty, zawodowego oraz potwierdzaj\u0105cego kwalifikacje<\/p>\n","protected":false},"author":4,"featured_media":21825,"comment_status":"open","ping_status":"closed","sticky":false,"template":"","format":"standard","meta":{"om_disable_all_campaigns":false,"_monsterinsights_skip_tracking":false,"_monsterinsights_sitenote_active":false,"_monsterinsights_sitenote_note":"","_monsterinsights_sitenote_category":0,"_uf_show_specific_survey":0,"_uf_disable_surveys":false,"footnotes":""},"categories":[2,1747,29,9,6,128],"tags":[5480,5479,20,5,54],"aioseo_notices":[],"amp_enabled":true,"_links":{"self":[{"href":"https:\/\/www.noworudzianin.pl\/WWW\/wp-json\/wp\/v2\/posts\/21824"}],"collection":[{"href":"https:\/\/www.noworudzianin.pl\/WWW\/wp-json\/wp\/v2\/posts"}],"about":[{"href":"https:\/\/www.noworudzianin.pl\/WWW\/wp-json\/wp\/v2\/types\/post"}],"author":[{"embeddable":true,"href":"https:\/\/www.noworudzianin.pl\/WWW\/wp-json\/wp\/v2\/users\/4"}],"replies":[{"embeddable":true,"href":"https:\/\/www.noworudzianin.pl\/WWW\/wp-json\/wp\/v2\/comments?post=21824"}],"version-history":[{"count":2,"href":"https:\/\/www.noworudzianin.pl\/WWW\/wp-json\/wp\/v2\/posts\/21824\/revisions"}],"predecessor-version":[{"id":21834,"href":"https:\/\/www.noworudzianin.pl\/WWW\/wp-json\/wp\/v2\/posts\/21824\/revisions\/21834"}],"wp:featuredmedia":[{"embeddable":true,"href":"https:\/\/www.noworudzianin.pl\/WWW\/wp-json\/wp\/v2\/media\/21825"}],"wp:attachment":[{"href":"https:\/\/www.noworudzianin.pl\/WWW\/wp-json\/wp\/v2\/media?parent=21824"}],"wp:term":[{"taxonomy":"category","embeddable":true,"href":"https:\/\/www.noworudzianin.pl\/WWW\/wp-json\/wp\/v2\/categories?post=21824"},{"taxonomy":"post_tag","embeddable":true,"href":"https:\/\/www.noworudzianin.pl\/WWW\/wp-json\/wp\/v2\/tags?post=21824"}],"curies":[{"name":"wp","href":"https:\/\/api.w.org\/{rel}","templated":true}]}}