{"id":21919,"date":"2020-05-26T08:49:36","date_gmt":"2020-05-26T06:49:36","guid":{"rendered":"https:\/\/www.noworudzianin.pl\/WWW\/?p=21919"},"modified":"2020-06-01T10:47:52","modified_gmt":"2020-06-01T08:47:52","slug":"zwolnienia-ze-skladek-na-zus-bardziej-dostepne","status":"publish","type":"post","link":"https:\/\/www.noworudzianin.pl\/WWW\/2020\/05\/26\/zwolnienia-ze-skladek-na-zus-bardziej-dostepne\/","title":{"rendered":"Zwolnienia ze sk\u0142adek na ZUS bardziej dost\u0119pne?"},"content":{"rendered":"<p>Nast\u0105pi\u0142y wa\u017cne zmiany w tarczy antykryzysowej. Jeszcze wi\u0119cej firm skorzysta ze zwolnie\u0144. To m.in. osoby korzystaj\u0105ce z tzw. ulgi na start. Wszystko po to, aby chroni\u0107 miejsca pracy \u2013 m\u00f3wi minister rodziny, pracy i polityki spo\u0142ecznej Marlena Mal\u0105g.<\/p>\n<p>16 maja 2020 r. wesz\u0142a w \u017cycie ustawa o zmianie niekt\u00f3rych ustaw w zakresie dzia\u0142a\u0144 os\u0142onowych w zwi\u0105zku z rozprzestrzenianiem si\u0119 wirusa SARS-CoV-2. Rozszerza ona zwolnienie z op\u0142acania sk\u0142adek ubezpieczeniowych na osoby z przychodami wy\u017cszymi ni\u017c 15 681 z\u0142 miesi\u0119cznie czyli 300 proc. prognozowanego przeci\u0119tnego miesi\u0119cznego wynagrodzenia brutto w gospodarce narodowej w 2020 r. Nowe przepisy dotycz\u0105 dw\u00f3ch grup p\u0142atnik\u00f3w.<\/p>\n<p><strong>Wi\u0119cej p\u0142atnik\u00f3w skorzysta ze wsparcia<\/strong><br \/>\nPierwsza z nich to przedsi\u0119biorcy op\u0142acaj\u0105cy sk\u0142adki wy\u0142\u0105cznie za siebie, kt\u00f3rzy ze wzgl\u0119du na uzyskany przych\u00f3d (wi\u0119kszy ni\u017c 15 681 z\u0142) nie mogli skorzysta\u0107 ze zwolnienia na podstawie dotychczasowych przepis\u00f3w. Teraz to si\u0119 zmienia. Skorzystaj\u0105 ze zwolnie\u0144, nawet je\u015bli osi\u0105gali przych\u00f3d powy\u017cej ustalonego progu 300 proc., ale pod warunkiem, \u017ce ich dochody uzyskane w pierwszym miesi\u0105cu, za kt\u00f3ry sk\u0142adany jest wniosek o zwolnienie z op\u0142acania sk\u0142adek nie by\u0142y wy\u017csze ni\u017c 7000 z\u0142. W takiej sytuacji zwolnienie ze sk\u0142adek przys\u0142uguje za kwiecie\u0144 i maj.<\/p>\n<p>Druga grupa to p\u0142atnicy sk\u0142adek korzystaj\u0105cy z tzw. \u201eulgi na start\u201d (op\u0142acaj\u0105cy wy\u0142\u0105cznie sk\u0142adki za siebie). To osoby, kt\u00f3re przez pierwsze p\u00f3\u0142 roku prowadzenia dzia\u0142alno\u015bci zwolnione s\u0105 z op\u0142acania sk\u0142adek na ubezpieczenia spo\u0142eczne, a op\u0142acaj\u0105ce wy\u0142\u0105cznie sk\u0142adk\u0119 ubezpieczenia zdrowotnego (obecnie 362,34 z\u0142 miesi\u0119cznie).<\/p>\n<p>W \u015bwietlne znowelizowanej tarczy antykryzysowej zwolnienie \u2013 za kwiecie\u0144 i maj \u2013 przys\u0142uguje takiemu p\u0142atnikowi pod warunkiem, \u017ce prowadzi\u0142 on dzia\u0142alno\u015b\u0107 przed 1 kwietnia 2020 roku. Przedsi\u0119biorca taki skorzysta z tego instrumentu tarczy w dw\u00f3ch przypadkach:<\/p>\n<p>\u2022Je\u015bli jego przych\u00f3d nie by\u0142 wy\u017cszy ni\u017c 300 proc. prognozowanego przeci\u0119tnego miesi\u0119cznego wynagrodzenia brutto w gospodarce narodowej w 2020 r.<\/p>\n<p>\u2022I w sytuacji, gdy przych\u00f3d przekroczy\u0142 ten pr\u00f3g, ale uzyskany doch\u00f3d  w pierwszym miesi\u0105cu, za kt\u00f3ry sk\u0142adany jest wniosek o zwolnienie z op\u0142acania sk\u0142adek nie by\u0142 wy\u017cszy ni\u017c 7000 z\u0142.<\/p>\n<p>Osoby, kt\u00f3re skorzystaj\u0105 ze zwolnienia ze sk\u0142adek, o kt\u00f3rych mowa w pkt 1 i 2, b\u0119d\u0105 zwolnione r\u00f3wnie\u017c ze sk\u0142adki za miesi\u0105c kwiecie\u0144, nawet je\u015bli j\u0105 op\u0142aci\u0142y \u2013 podkre\u015bla szefowa resortu pracy.<\/p>\n<p><strong>Warto wiedzie\u0107<\/strong><br \/>\nP\u0142atnik, kt\u00f3ry z\u0142o\u017cy wniosek o zwolnienie ze sk\u0142adek, a uregulowa\u0142 wcze\u015bniej nale\u017cno\u015bci za kwiecie\u0144, mo\u017ce zastosowa\u0107 jedno z dw\u00f3ch rozwi\u0105za\u0144. Nie podejmowa\u0107 \u017cadnych dzia\u0142a\u0144, a wtedy ZUS zaliczy nadp\u0142at\u0119 na poczet przysz\u0142ych sk\u0142adek. Je\u017celi jednak chce otrzyma\u0107 \u015brodki z powrotem, musi z\u0142o\u017cy\u0107 wniosek o zwrot nadp\u0142aty.<\/p>\n<p>Ostatni\u0105 zmian\u0105, kt\u00f3r\u0105 okre\u015bla najnowsza ustawa w zakresie sk\u0142adek ubezpieczeniowych to doprecyzowanie, \u017ce przypadku gdy p\u0142atnik sk\u0142adek zg\u0142osi\u0142 do ubezpiecze\u0144 spo\u0142ecznych wy\u0142\u0105cznie pracownik\u00f3w m\u0142odocianych, zwolnienie z obowi\u0105zku op\u0142acania nieop\u0142aconych nale\u017cno\u015bci z tytu\u0142u sk\u0142adek nast\u0119puje na zasadach przewidzianych dla p\u0142atnik\u00f3w sk\u0142adek zg\u0142aszaj\u0105cych do ubezpiecze\u0144 spo\u0142ecznych mniej ni\u017c 10 pracownik\u00f3w.<\/p>\n<p><strong>Kto mo\u017ce ubiega\u0107 si\u0119 o wsparcie z ZUS-u?<\/strong><br \/>\nWnioski o zwolnienia z op\u0142acania sk\u0142adek ubezpieczeniowych wp\u0142ywaj\u0105 do ZUS-u od kilku tygodni. Korzystaj\u0105 z nich:<br \/>\n\u2022osoby wykonuj\u0105ce przed 1 kwietnia 2020 r. pozarolnicz\u0105 dzia\u0142alno\u015b\u0107 (w rozumieniu przepis\u00f3w o ubezpieczeniach spo\u0142ecznych)  i op\u0142acaj\u0105ce sk\u0142adki wy\u0142\u0105cznie na w\u0142asne ubezpieczenia,<br \/>\n\u2022p\u0142atnicy sk\u0142adek, kt\u00f3rzy zostali zg\u0142oszeni:<br \/>\nprzed dniem 1 lutego 2020 r. i na dzie\u0144 29 lutego 2020 r. zg\u0142osili do ubezpiecze\u0144 mniej ni\u017c 10 ubezpieczonych,<br \/>\n\u2022w okresie od 1 lutego do 29 lutego i na dzie\u0144 31 marca 2020 r. zg\u0142osili do ubezpiecze\u0144 mniej ni\u017c 10 ubezpieczonych,<br \/>\n\u2022w okresie od 1 marca do 31 marca i na dzie\u0144 30 kwietnia 2020 r. zg\u0142osili do ubezpiecze\u0144 mniej ni\u017c 10 ubezpieczonych.<br \/>\n\u2022sp\u00f3\u0142dzielnie socjalne zg\u0142oszone przed dniem 1 kwietnia 2020 r. jako p\u0142atnicy sk\u0142adek w ZUS (bez wzgl\u0119du na liczb\u0119 zatrudnianych os\u00f3b),<br \/>\n\u2022duchowni.<\/p>\n<p>Powy\u017csze zapisy dotycz\u0105 tych, kt\u00f3rzy zainteresowani s\u0105 zwolnieniem z op\u0142acania 100%  nale\u017cno\u015bci za dany miesi\u0105c. Istnieje r\u00f3wnie\u017c mo\u017cliwo\u015b\u0107 50 proc.-owej ulgi, kt\u00f3ra przys\u0142uguje p\u0142atnikom sk\u0142adek, kt\u00f3rzy zostali zg\u0142oszeni:<\/p>\n<p>\u2022przed dniem 1 lutego 2020 r. i na dzie\u0144 29 lutego 2020 r. zg\u0142osili do ubezpiecze\u0144 mniej ni\u017c 50 ubezpieczonych,<br \/>\n\u2022w okresie od 1 lutego do 29 lutego i na dzie\u0144 31 marca 2020 r. zg\u0142osili do ubezpiecze\u0144 mniej ni\u017c 50 ubezpieczonych,<br \/>\n\u2022w okresie od 1 marca do 31 marca i na dzie\u0144 30 kwietnia 2020 r. zg\u0142osili do ubezpiecze\u0144 mniej ni\u017c 50 ubezpieczonych.<\/p>\n<p>W obydwu powy\u017cszych przypadkach (zar\u00f3wno zwolnienie w wysoko\u015bci 100 jak i 50%) do liczby ubezpieczonych nie wlicza si\u0119  pracownik\u00f3w m\u0142odocianych.<\/p>\n<p><strong>Jak stara\u0107 si\u0119 o zwolnienie?<\/strong><br \/>\nAby ubiega\u0107 si\u0119 o pomoc nale\u017cy z\u0142o\u017cy\u0107 do 30 czerwca odpowiedni wniosek do ZUS, a tak\u017ce dokumenty rozliczeniowe za okres obj\u0119ty zwolnieniem ze sk\u0142adek (chyba \u017ce zgodnie z przepisami taka osoba jest zwolniona z ich sk\u0142adania). Aktualne wzory dokument\u00f3w oraz instrukcje ich wype\u0142niania mo\u017cna znale\u017a\u0107 na stronie ZUS.<\/p>\n<p>Wnioski nale\u017cy przes\u0142a\u0107 drog\u0105 elektroniczn\u0105 przez Platform\u0119 Us\u0142ug Elektronicznych ZUS, za po\u015brednictwem poczty lub osobi\u015bcie w plac\u00f3wce ZUS \u2013 do skrzynki na dokumenty.<\/p>\n","protected":false},"excerpt":{"rendered":"<p>Nast\u0105pi\u0142y wa\u017cne zmiany w tarczy antykryzysowej. Jeszcze wi\u0119cej firm skorzysta ze zwolnie\u0144. To m.in. osoby korzystaj\u0105ce z tzw. ulgi na<\/p>\n","protected":false},"author":4,"featured_media":12292,"comment_status":"open","ping_status":"closed","sticky":false,"template":"","format":"standard","meta":{"om_disable_all_campaigns":false,"_monsterinsights_skip_tracking":false,"_monsterinsights_sitenote_active":false,"_monsterinsights_sitenote_note":"","_monsterinsights_sitenote_category":0,"_uf_show_specific_survey":0,"_uf_disable_surveys":false,"footnotes":""},"categories":[2,29,9,6,3968],"tags":[5177,20,5,54,3465,3970,5500],"aioseo_notices":[],"amp_enabled":true,"_links":{"self":[{"href":"https:\/\/www.noworudzianin.pl\/WWW\/wp-json\/wp\/v2\/posts\/21919"}],"collection":[{"href":"https:\/\/www.noworudzianin.pl\/WWW\/wp-json\/wp\/v2\/posts"}],"about":[{"href":"https:\/\/www.noworudzianin.pl\/WWW\/wp-json\/wp\/v2\/types\/post"}],"author":[{"embeddable":true,"href":"https:\/\/www.noworudzianin.pl\/WWW\/wp-json\/wp\/v2\/users\/4"}],"replies":[{"embeddable":true,"href":"https:\/\/www.noworudzianin.pl\/WWW\/wp-json\/wp\/v2\/comments?post=21919"}],"version-history":[{"count":1,"href":"https:\/\/www.noworudzianin.pl\/WWW\/wp-json\/wp\/v2\/posts\/21919\/revisions"}],"predecessor-version":[{"id":21920,"href":"https:\/\/www.noworudzianin.pl\/WWW\/wp-json\/wp\/v2\/posts\/21919\/revisions\/21920"}],"wp:featuredmedia":[{"embeddable":true,"href":"https:\/\/www.noworudzianin.pl\/WWW\/wp-json\/wp\/v2\/media\/12292"}],"wp:attachment":[{"href":"https:\/\/www.noworudzianin.pl\/WWW\/wp-json\/wp\/v2\/media?parent=21919"}],"wp:term":[{"taxonomy":"category","embeddable":true,"href":"https:\/\/www.noworudzianin.pl\/WWW\/wp-json\/wp\/v2\/categories?post=21919"},{"taxonomy":"post_tag","embeddable":true,"href":"https:\/\/www.noworudzianin.pl\/WWW\/wp-json\/wp\/v2\/tags?post=21919"}],"curies":[{"name":"wp","href":"https:\/\/api.w.org\/{rel}","templated":true}]}}