{"id":22029,"date":"2020-05-29T07:56:32","date_gmt":"2020-05-29T05:56:32","guid":{"rendered":"https:\/\/www.noworudzianin.pl\/WWW\/?p=22029"},"modified":"2020-05-29T07:58:01","modified_gmt":"2020-05-29T05:58:01","slug":"problem-z-pks","status":"publish","type":"post","link":"https:\/\/www.noworudzianin.pl\/WWW\/2020\/05\/29\/problem-z-pks\/","title":{"rendered":"Problem z PKS"},"content":{"rendered":"<p>Przed tygodniem informowali\u015bmy czytelnik\u00f3w tygodnika o kiepskiej sytuacji sp\u00f3\u0142ki PKS w K\u0142odzku. Wprowadzone w zwi\u0105zku z pandemi\u0105 koronawirusa obostrzenia zwi\u0105zane z zamkni\u0119ciem szk\u00f3\u0142 i ograniczeniami w przewozach pasa\u017cerskich spowodowa\u0142y, \u017ce sp\u00f3\u0142ka utraci\u0142a mo\u017cliwo\u015b\u0107 wykorzystywania g\u0142\u00f3wnych i dochodowych us\u0142ug. Sytuacji nie poprawi\u0142y te\u017c dofinansowania do po\u0142\u0105cze\u0144 lokalnych z Funduszu Rozwoju Przewoz\u00f3w Autobusowych.<\/p>\n<p>Ze wzgl\u0119du na bardzo z\u0142\u0105 sytuacj\u0119 ekonomiczn\u0105 sp\u00f3\u0142ki prace straci ok. 90 w\u015br\u00f3d 100 pracownik\u00f3w k\u0142odzkiego PKS-u. W pi\u0105tek 22 maja na dworcu PKS w K\u0142odzku odby\u0142 si\u0119 protest pracownik\u00f3w tej sp\u00f3\u0142ki, kt\u00f3rego jednym z powod\u00f3w by\u0142o brak wynagrodze\u0144 za kwiecie\u0144. W\u0142a\u015bcicielem najwi\u0119kszego w powiecie przewo\u017anika jest Starostwo Powiatowe w K\u0142odzku. Jak m\u00f3wi\u0142 nam przed tygodniem starosta Maciej Awi\u017ae\u0144 obecnie trwa restrukturyzacja sp\u00f3\u0142ki PKS. Jej likwidacja utrudni\u0142a by znacznie mo\u017cliwo\u015bci komunikacyjne mieszka\u0144c\u00f3w powiatu, o dowo\u017ceniu uczni\u00f3w do szk\u00f3\u0142 nie wspominaj\u0105c. Wed\u0142ug s\u0142\u00f3w starosty obowi\u0105zkiem powiatu jest zapewnienie przewozu mi\u0119dzy stolic\u0105 gminy, a stolic\u0105 powiatu,natomiast obowi\u0105zkiem gmin jest dowo\u017cenie wewn\u0105trz gminy.<\/p>\n<p>\u2013 Sytuacja PKS K\u0142odzko jest trudna, podobnie jak sytuacja poszczeg\u00f3lnych gmin na terenie powiatu poniewa\u017c PKS nie funkcjonuje. Warunki zwi\u0105zane z epidemi\u0105 spowodowa\u0142y ca\u0142kowite zamro\u017cenie  funkcjonowania tej sp\u00f3\u0142ki, konieczno\u015b\u0107 zwalniania kierowc\u00f3w, ogromne problemy finansowe co wi\u0105\u017ce si\u0119 z problemami zwi\u0105zanymi z transportem. Na terenie Nowej Rudy funkcjonowa\u0142 PKS, Beskid i inni prywatni przewo\u017anicy  i transport pomi\u0119dzy dzielnicami miasta by\u0142 zapewniony, czy wystarczaj\u0105cy zawsze mo\u017cna o tym dyskutowa\u0107 i dyskutowali\u015bmy. Rozmawia\u0142em z pani\u0105 prezes PKS na temat uruchamiania dodatkowych kurs\u00f3w kt\u00f3re mog\u0142o by finansowa\u0107 miasto. Mo\u017cna powiedzie\u0107, \u017ce nie zd\u0105\u017cyli\u015bmy tego zrealizowa\u0107 szczerze m\u00f3wi\u0105c nawet z przyczyn PKS -u kt\u00f3ry zawsze nie dysponowa\u0142 dost\u0119pnymi \u015brodkami i kadr\u0105 kt\u00f3ra mog\u0142aby to zapewni\u0107 i obs\u0142ugiwa\u0107 \u2013 t\u0142umaczy Tomasz Kili\u0144ski, burmistrz Nowej Rudy. \u2013 Nie wiem jak potocz\u0105 si\u0119 losy PKS-u, to nie jest do mnie pytanie. Wiem jedno b\u0119dziemy mieli w powiecie k\u0142odzkim spory problem je\u017celi PKS nie b\u0119dzie funkcjonowa\u0142 mam tu na my\u015bli m.in. dow\u00f3z dzieci do szk\u00f3\u0142 itd. Zapewniono mnie, \u017ce najp\u00f3\u017aniej od wrze\u015bnia PKS b\u0119dzie dzia\u0142a\u0142, je\u017celi nie to w kwestii dowozu uczni\u00f3w do szk\u00f3\u0142 b\u0119dziemy musieli rozmawia\u0107 z prywatnymi przewo\u017anikami &#8211; dodaje.<\/p>\n","protected":false},"excerpt":{"rendered":"<p>Przed tygodniem informowali\u015bmy czytelnik\u00f3w tygodnika o kiepskiej sytuacji sp\u00f3\u0142ki PKS w K\u0142odzku. Wprowadzone w zwi\u0105zku z pandemi\u0105 koronawirusa obostrzenia zwi\u0105zane<\/p>\n","protected":false},"author":4,"featured_media":16488,"comment_status":"open","ping_status":"closed","sticky":false,"template":"","format":"standard","meta":{"om_disable_all_campaigns":false,"_monsterinsights_skip_tracking":false,"_monsterinsights_sitenote_active":false,"_monsterinsights_sitenote_note":"","_monsterinsights_sitenote_category":0,"_uf_show_specific_survey":0,"_uf_disable_surveys":false,"footnotes":""},"categories":[2,6,2076,1858],"tags":[20,5,5511,5224,5522,462],"aioseo_notices":[],"amp_enabled":true,"_links":{"self":[{"href":"https:\/\/www.noworudzianin.pl\/WWW\/wp-json\/wp\/v2\/posts\/22029"}],"collection":[{"href":"https:\/\/www.noworudzianin.pl\/WWW\/wp-json\/wp\/v2\/posts"}],"about":[{"href":"https:\/\/www.noworudzianin.pl\/WWW\/wp-json\/wp\/v2\/types\/post"}],"author":[{"embeddable":true,"href":"https:\/\/www.noworudzianin.pl\/WWW\/wp-json\/wp\/v2\/users\/4"}],"replies":[{"embeddable":true,"href":"https:\/\/www.noworudzianin.pl\/WWW\/wp-json\/wp\/v2\/comments?post=22029"}],"version-history":[{"count":2,"href":"https:\/\/www.noworudzianin.pl\/WWW\/wp-json\/wp\/v2\/posts\/22029\/revisions"}],"predecessor-version":[{"id":22031,"href":"https:\/\/www.noworudzianin.pl\/WWW\/wp-json\/wp\/v2\/posts\/22029\/revisions\/22031"}],"wp:featuredmedia":[{"embeddable":true,"href":"https:\/\/www.noworudzianin.pl\/WWW\/wp-json\/wp\/v2\/media\/16488"}],"wp:attachment":[{"href":"https:\/\/www.noworudzianin.pl\/WWW\/wp-json\/wp\/v2\/media?parent=22029"}],"wp:term":[{"taxonomy":"category","embeddable":true,"href":"https:\/\/www.noworudzianin.pl\/WWW\/wp-json\/wp\/v2\/categories?post=22029"},{"taxonomy":"post_tag","embeddable":true,"href":"https:\/\/www.noworudzianin.pl\/WWW\/wp-json\/wp\/v2\/tags?post=22029"}],"curies":[{"name":"wp","href":"https:\/\/api.w.org\/{rel}","templated":true}]}}